{"id":8434,"date":"2024-12-14T17:50:30","date_gmt":"2024-12-14T20:50:30","guid":{"rendered":"https:\/\/redept.org\/blogosfera\/em-caruaru-pe-mst-reune-militancia-e-aliados-para-avaliar-cenario-de-lutas-e-planejar-2025\/"},"modified":"2024-12-14T17:50:30","modified_gmt":"2024-12-14T20:50:30","slug":"em-caruaru-pe-mst-reune-militancia-e-aliados-para-avaliar-cenario-de-lutas-e-planejar-2025","status":"publish","type":"post","link":"https:\/\/redept.com.br\/blogosfera\/em-caruaru-pe-mst-reune-militancia-e-aliados-para-avaliar-cenario-de-lutas-e-planejar-2025\/","title":{"rendered":"Em Caruaru (PE), MST re\u00fane milit\u00e2ncia e aliados para avaliar cen\u00e1rio de lutas e planejar 2025"},"content":{"rendered":"<p>Teve in\u00edcio nesta sexta-feira (13), no Centro de Forma\u00e7\u00e3o Paulo Freire, em Caruaru, o 34\u00ba Encontro Estadual do MST Pernambuco, momento em que o Movimento dos Trabalhadores Rurais Sem Terra (MST) re\u00fane seus dirigentes, parte da sua milit\u00e2ncia e aliados, numa confraterniza\u00e7\u00e3o que \u00e9 tamb\u00e9m um encontro de avalia\u00e7\u00e3o do ano e de planejamento para o pr\u00f3ximo ciclo. As atividades seguem at\u00e9 o domingo (15).<\/p>\n<p>Nacionalmente, o movimento tem feito cr\u00edticas p\u00fablicas ao governo federal, cobrando compromisso, principalmente do Minist\u00e9rio do Desenvolvimento Agr\u00e1rio (MDA), com a luta por reforma agr\u00e1ria no pa\u00eds. \u201cA reforma agr\u00e1ria tem andado a passos de tartaruga\u201d, diz a convocat\u00f3ria do encontro em Pernambuco. Tamb\u00e9m h\u00e1 cr\u00edticas ao Programa Nacional de Educa\u00e7\u00e3o na Reforma Agr\u00e1ria (Pronera), que \u201cengatinha, sem or\u00e7amento concreto\u201d, na opini\u00e3o do movimento, que pretende pressionar para conseguir avan\u00e7os no n\u00famero de escolas rurais.<\/p>\n<p><strong>Leia: <\/strong><a href=\"https:\/\/www.brasildefato.com.br\/2024\/12\/07\/na-presenca-de-ministros-mst-critica-paralisia-da-reforma-agraria-no-governo-lula\">Na presen\u00e7a de ministros, MST critica paralisia da reforma agr\u00e1ria no governo Lula<\/a><\/p>\n<p><a href=\"https:\/\/www.brasildefatope.com.br\/2024\/11\/10\/apos-um-ano-e-meio-de-pressao-dos-movimentos-incra-recria-superintendencia-regional-em-petrolina\">Ap\u00f3s um ano e meio de press\u00e3o dos movimentos, Incra recria superintend\u00eancia regional em Petrolina<\/a><\/p>\n<p><a href=\"https:\/\/www.brasildefatope.com.br\/2024\/10\/10\/governo-nao-age-justica-da-ordem-e-policia-despeja-mais-de-500-familias-rurais-no-sertao-de-pernambuco\">Governo n\u00e3o age, Justi\u00e7a d\u00e1 ordem e Pol\u00edcia despeja mais de 500 fam\u00edlias rurais no Sert\u00e3o de Pernambuco<\/a><\/p>\n<p>O lema escolhido pelo movimento para 2025 \u00e9 \u201cOrganizar, Massificar, Reflorestar e o Brasil Alimentar!\u201d. Na convocat\u00f3ria estadual, outra palavra de ordem deixa evidente uma das expectativas em rela\u00e7\u00e3o ao governo Lula para 2025: \u201csem desapropria\u00e7\u00e3o de terras, n\u00e3o \u00e9 reforma agr\u00e1ria. \u00c9 apenas incentivo \u00e0 produ\u00e7\u00e3o\u201d, diz a convoca\u00e7\u00e3o. O movimento cita o fim da concentra\u00e7\u00e3o de terras em poucas m\u00e3os e a distribui\u00e7\u00e3o delas \u00e0s fam\u00edlias rurais como uma pol\u00edtica de desenvolvimento social e econ\u00f4mico do pa\u00eds.<\/p>\n<p>O MST Pernambuco pondera que precisa avan\u00e7ar no desenvolvimento dos assentamentos j\u00e1 conquistados, com ajuda de programas de cr\u00e9dito. \u201cAinda n\u00e3o conseguimos acessar efetivamente os cr\u00e9ditos do governo federal. \u00c9 imprescind\u00edvel avan\u00e7ar na renegocia\u00e7\u00e3o das d\u00edvidas dos assentados e assentadas para que possamos acessar as pol\u00edticas p\u00fablicas do governo federal\u201d, avalia a organiza\u00e7\u00e3o.<\/p>\n<p>No estado de Pernambuco, o MST tem 224 assentamentos, onde vivem cerca de 14 mil fam\u00edlias. Outras 16 mil est\u00e3o espalhadas em 165 acampamentos, aguardando a desapropria\u00e7\u00e3o de terras por parte do Instituto Nacional de Coloniza\u00e7\u00e3o e Reforma Agr\u00e1ria (Incra).<\/p>\n<p>Durante o fim de semana tamb\u00e9m acontecer\u00e1, no local, uma feira de produtos da reforma agr\u00e1ria, onde as fam\u00edlias camponesas acampadas e assentadas poder\u00e3o vender os produtos de suas terras.<\/p>\n<p>O Centro de Forma\u00e7\u00e3o Paulo Freire \u00e9 o principal centro de eventos e estudos do MST em Pernambuco. O equipamento fica no Assentamento Normandia, na zona rural de Caruaru, na regi\u00e3o Agreste do estado.<\/p>\n<p><strong>Leia tamb\u00e9m:<\/strong> <a href=\"https:\/\/www.brasildefatope.com.br\/2024\/12\/03\/bancos-publicos-oferecem-r-8-8-milhoes-para-projetos-de-restauracao-ecologica-do-bioma-caatinga\">Bancos p\u00fablicos oferecem R$8,8 milh\u00f5es para projetos de restaura\u00e7\u00e3o ecol\u00f3gica do bioma Caatinga<\/a><\/p>\n<p><a href=\"https:\/\/www.brasildefatope.com.br\/2024\/10\/10\/mst-elege-quatro-sem-terras-para-vereador-em-pernambuco-alem-de-aliados\">MST elege quatro sem terras para verean\u00e7a em Pernambuco, al\u00e9m de aliados<\/a><\/p>\n<p><a href=\"https:\/\/www.brasildefatope.com.br\/2024\/10\/03\/os-mandatos-dos-movimentos-sociais-estao-colocando-a-politica-a-servico-dos-que-mais-precisam-diz-dirigente-sem-terra\">\u2018Os mandatos dos movimentos sociais est\u00e3o colocando a pol\u00edtica a servi\u00e7o dos que mais precisam\u2019, diz dirigente sem terra<\/a><\/p>\n<!-- Begin Yuzo --><div class='yuzo_related_post style-1'  data-version='5.12.89'><!-- without result --><div class='yuzo_clearfixed yuzo__title yuzo__title'><h3>Related Post<\/h3><\/div>\n\t\t\t\t\t\t  <div class=\"relatedthumb \" style=\"width:125px;float:left;overflow:hidden;\">  \n\t\t\t\t\t\t\t  \n\t\t\t\t\t\t\t  <a  href=\"https:\/\/redept.com.br\/blogosfera\/jornada-de-agroecologia-em-curitiba-promove-plebiscito-por-fim-da-escala-6x1-e-taxacao-de-ricos\/\"  >\n\t\t\t\t\t\t\t\t\t  <div class=\"yuzo-img-wrap \" style=\"width: 125px;height:90px;\">\n\t\t\t\t\t\t\t\t\t\t\n\t\t\t\t\t\t\t\t\t\t<div class=\"yuzo-img\" style=\"background:url('https:\/\/redept.org\/blogosfera\/wp-content\/plugins\/yuzo-related-post\/assets\/images\/default.png') 50% 50% no-repeat;width: 125px;height:90px;margin-bottom: 5px;background-size: cover; \"><\/div>\n\t\t\t\t\t\t\t\t\t  <\/div>\n\t\t\t\t\t\t\t\t\t  \n\t\t\t\t\t\t\t\t   <span class=\"yuzo__text--title\" style=\"font-size:13px;\">Jornada de Agroecologia em Curitiba promove plebis...<\/span>\n\t\t\t\t\t\t\t  \n\t\t\t\t\t\t\t  \n\t\t\t\t\t\t\t  <\/a>\n\n\t\t\t\t\t\t  <\/div>\n\t\t\t\t\t\t  <div class=\"relatedthumb \" style=\"width:125px;float:left;overflow:hidden;\">  \n\t\t\t\t\t\t\t  \n\t\t\t\t\t\t\t  <a  href=\"https:\/\/redept.com.br\/blogosfera\/justica-esta-sendo-feita-avaliam-senadores-sobre-prisao-domiciliar-de-bolsonaro\/\"  >\n\t\t\t\t\t\t\t\t\t  <div class=\"yuzo-img-wrap \" style=\"width: 125px;height:90px;\">\n\t\t\t\t\t\t\t\t\t\t\n\t\t\t\t\t\t\t\t\t\t<div class=\"yuzo-img\" style=\"background:url('https:\/\/redept.org\/blogosfera\/wp-content\/plugins\/yuzo-related-post\/assets\/images\/default.png') 50% 50% no-repeat;width: 125px;height:90px;margin-bottom: 5px;background-size: cover; \"><\/div>\n\t\t\t\t\t\t\t\t\t  <\/div>\n\t\t\t\t\t\t\t\t\t  \n\t\t\t\t\t\t\t\t   <span class=\"yuzo__text--title\" style=\"font-size:13px;\">\u201cJusti\u00e7a est\u00e1 sendo feita\u201d, avaliam senadores sobr...<\/span>\n\t\t\t\t\t\t\t  \n\t\t\t\t\t\t\t  \n\t\t\t\t\t\t\t  <\/a>\n\n\t\t\t\t\t\t  <\/div>\n\t\t\t\t\t\t  <div class=\"relatedthumb \" style=\"width:125px;float:left;overflow:hidden;\">  \n\t\t\t\t\t\t\t  \n\t\t\t\t\t\t\t  <a  href=\"https:\/\/redept.com.br\/blogosfera\/unicef-denuncia-que-um-milhao-de-criancas-de-gaza-enfrentam-fome-e-bloqueio-total-de-israel\/\"  >\n\t\t\t\t\t\t\t\t\t  <div class=\"yuzo-img-wrap \" style=\"width: 125px;height:90px;\">\n\t\t\t\t\t\t\t\t\t\t\n\t\t\t\t\t\t\t\t\t\t<div class=\"yuzo-img\" style=\"background:url('https:\/\/redept.com.br\/blogosfera\/wp-content\/uploads\/2025\/03\/gexfjvlwcaaoznr-scaled-1-150x150.jpeg') 50% 50% no-repeat;width: 125px;height:90px;margin-bottom: 5px;background-size: cover; \"><\/div>\n\t\t\t\t\t\t\t\t\t  <\/div>\n\t\t\t\t\t\t\t\t\t  \n\t\t\t\t\t\t\t\t   <span class=\"yuzo__text--title\" style=\"font-size:13px;\">Unicef denuncia que um milh\u00e3o de crian\u00e7as de Gaza ...<\/span>\n\t\t\t\t\t\t\t  \n\t\t\t\t\t\t\t  \n\t\t\t\t\t\t\t  <\/a>\n\n\t\t\t\t\t\t  <\/div>\n\t\t\t\t\t\t  <div class=\"relatedthumb \" style=\"width:125px;float:left;overflow:hidden;\">  \n\t\t\t\t\t\t\t  \n\t\t\t\t\t\t\t  <a  href=\"https:\/\/redept.com.br\/blogosfera\/concurso-da-educacao-de-joao-pessoa-sem-cotas-raciais-gera-criticas-e-reacao-de-movimentos-negros-e-defensoria-publica\/\"  >\n\t\t\t\t\t\t\t\t\t  <div class=\"yuzo-img-wrap \" style=\"width: 125px;height:90px;\">\n\t\t\t\t\t\t\t\t\t\t\n\t\t\t\t\t\t\t\t\t\t<div class=\"yuzo-img\" style=\"background:url('https:\/\/redept.org\/blogosfera\/wp-content\/plugins\/yuzo-related-post\/assets\/images\/default.png') 50% 50% no-repeat;width: 125px;height:90px;margin-bottom: 5px;background-size: cover; \"><\/div>\n\t\t\t\t\t\t\t\t\t  <\/div>\n\t\t\t\t\t\t\t\t\t  \n\t\t\t\t\t\t\t\t   <span class=\"yuzo__text--title\" style=\"font-size:13px;\">Concurso da Educa\u00e7\u00e3o de Jo\u00e3o Pessoa sem cotas raci...<\/span>\n\t\t\t\t\t\t\t  \n\t\t\t\t\t\t\t  \n\t\t\t\t\t\t\t  <\/a>\n\n\t\t\t\t\t\t  <\/div>\n<\/div> <script>\n\t\t\t\t\t\t  jQuery(document).ready(function( $ ){\n\t\t\t\t\t\t\t\/\/jQuery('.yuzo_related_post').equalizer({ overflow : 'relatedthumb' });\n\t\t\t\t\t\t\tjQuery('.yuzo_related_post .yuzo_wraps').equalizer({ columns : '> div' });\n\t\t\t\t\t\t   })\n\t\t\t\t\t\t  <\/script> <!-- End Yuzo :) -->","protected":false},"excerpt":{"rendered":"<p>Teve in\u00edcio nesta sexta-feira (13), no Centro de Forma\u00e7\u00e3o Paulo Freire, em Caruaru, o 34\u00ba Encontro Estadual do MST Pernambuco, momento em que o Movimento dos Trabalhadores Rurais Sem Terra (MST) re\u00fane seus dirigentes, parte da sua milit\u00e2ncia e aliados, numa confraterniza\u00e7\u00e3o que \u00e9 tamb\u00e9m um encontro de avalia\u00e7\u00e3o do ano e de planejamento para [&hellip;]<\/p>\n","protected":false},"author":2,"featured_media":0,"comment_status":"closed","ping_status":"closed","sticky":false,"template":"","format":"standard","meta":{"fifu_image_url":"","fifu_image_alt":"","footnotes":""},"categories":[1],"tags":[],"class_list":["post-8434","post","type-post","status-publish","format-standard","hentry","category-uncategorized"],"_links":{"self":[{"href":"https:\/\/redept.com.br\/blogosfera\/wp-json\/wp\/v2\/posts\/8434","targetHints":{"allow":["GET"]}}],"collection":[{"href":"https:\/\/redept.com.br\/blogosfera\/wp-json\/wp\/v2\/posts"}],"about":[{"href":"https:\/\/redept.com.br\/blogosfera\/wp-json\/wp\/v2\/types\/post"}],"author":[{"embeddable":true,"href":"https:\/\/redept.com.br\/blogosfera\/wp-json\/wp\/v2\/users\/2"}],"replies":[{"embeddable":true,"href":"https:\/\/redept.com.br\/blogosfera\/wp-json\/wp\/v2\/comments?post=8434"}],"version-history":[{"count":0,"href":"https:\/\/redept.com.br\/blogosfera\/wp-json\/wp\/v2\/posts\/8434\/revisions"}],"wp:attachment":[{"href":"https:\/\/redept.com.br\/blogosfera\/wp-json\/wp\/v2\/media?parent=8434"}],"wp:term":[{"taxonomy":"category","embeddable":true,"href":"https:\/\/redept.com.br\/blogosfera\/wp-json\/wp\/v2\/categories?post=8434"},{"taxonomy":"post_tag","embeddable":true,"href":"https:\/\/redept.com.br\/blogosfera\/wp-json\/wp\/v2\/tags?post=8434"}],"curies":[{"name":"wp","href":"https:\/\/api.w.org\/{rel}","templated":true}]}}