{"id":8435,"date":"2024-12-14T09:00:02","date_gmt":"2024-12-14T12:00:02","guid":{"rendered":"https:\/\/redept.org\/blogosfera\/focus-brasil-destaca-seminario-nacional-e-fala-de-lula-queremos-construir-um-pais-para-todos\/"},"modified":"2024-12-14T09:00:02","modified_gmt":"2024-12-14T12:00:02","slug":"focus-brasil-destaca-seminario-nacional-e-fala-de-lula-queremos-construir-um-pais-para-todos","status":"publish","type":"post","link":"https:\/\/redept.com.br\/blogosfera\/focus-brasil-destaca-seminario-nacional-e-fala-de-lula-queremos-construir-um-pais-para-todos\/","title":{"rendered":"Focus Brasil destaca semin\u00e1rio nacional e fala de Lula: \u201cQueremos construir um pa\u00eds para todos\u201d"},"content":{"rendered":"<p><em><strong>Tema principal da edi\u00e7\u00e3o 171 da revista da Funda\u00e7\u00e3o Perseu Abramo (FPA) \u00e9 a realiza\u00e7\u00e3o, nos \u00faltimos dias 5 e 6, do semin\u00e1rio nacional \u2018A realidade brasileira e os desafios do Partido dos Trabalhadores\u2019, cujo ponto alto foi a participa\u00e7\u00e3o do presidente<\/strong><\/em><\/p>\n<p>A edi\u00e7\u00e3o 171 da revista Focus Brasil destaca a realiza\u00e7\u00e3o do\u00a0semin\u00e1rio nacional \u2018A realidade brasileira e os desafios do Partido dos Trabalhadores\u2019. O evento, organizado pelo Partido dos Trabalhadores e das Trabalhadoras (PT) em parceria com a Funda\u00e7\u00e3o Perseu Abramo (FPA), aconteceu em Bras\u00edlia e teve como objetivo refletir sobre os desafios do Brasil atual e tra\u00e7ar estrat\u00e9gias para fortalecer o partido diante de um cen\u00e1rio pol\u00edtico complexo. Prefeitos, vereadores, parlamentares, dirigentes e militantes marcam presen\u00e7a em debates que se estenderam at\u00e9 sexta-feira (6).<\/p>\n<p>A revista destaca que participaram da mesa de abertura do semin\u00e1rio a presidenta nacional do PT, deputada federal Gleisi Hoffmann (PR), o presidente da FPA, Paulo Okamotto, os deputados federais J<strong>os\u00e9 Guimar\u00e3es (PT-CE) e Odair Cunha (PT-MG)<\/strong>, a vereadora Luna Zarattini (PT-SP), o senador Beto Faro (PT-PA) e o ministro da Casa Civil, Rui Costa.<\/p>\n<p>A Focus Brasil registra ainda que Gleisi Hoffmann encerrou o evento de abertura destacando as diretrizes para os pr\u00f3ximos passos do partido. Ela iniciou sua fala com um agradecimento emocionado \u00e0 milit\u00e2ncia do partido, apontando-a como o pilar das conquistas eleitorais de 2022. \u201cSem essa milit\u00e2ncia guerreira, altiva e corajosa, n\u00e3o ter\u00edamos subido a rampa do Pal\u00e1cio do Planalto. Foram momentos muito dif\u00edceis, onde est\u00e1vamos quase sozinhos\u201d, afirmou a presidenta. Ela recordou os desafios enfrentados pelo PT durante os anos de persegui\u00e7\u00e3o pol\u00edtica e judicial.<\/p>\n<p>A revista destaca tamb\u00e9m que o presidente da FPA, Paulo Okamotto, enfatizou o car\u00e1ter estrat\u00e9gico do semin\u00e1rio. Para ele, o encontro n\u00e3o deve ser visto como um ponto de chegada, mas como uma oportunidade de reflex\u00e3o e mobiliza\u00e7\u00e3o: \u201cEsse n\u00e3o \u00e9 um ponto final, mas um momento para transformar ideias em projetos que possam ser aprovados no Congresso Nacional, fortalecendo a democracia e a conex\u00e3o com a sociedade.\u201d<\/p>\n<p>Outro conte\u00fado da publica\u00e7\u00e3o \u00e9 uma entrevista exclusiva com Okamotto, relacionada ao semin\u00e1rio nacional e intitulada\u00a0\u2018O futuro \u00e9 feito de esperan\u00e7a e a\u00e7\u00e3o\u2019.<\/p>\n<h3>Participa\u00e7\u00e3o de Lula<\/h3>\n<p>H\u00e1 tamb\u00e9m na publica\u00e7\u00e3o uma mat\u00e9ria sobre o ponto alto do evento, que foi a participa\u00e7\u00e3o do presidente Lula, no segundo e \u00faltimo dia de atividades. Por videoconfer\u00eancia, ele refor\u00e7ou o legado do PT de inclus\u00e3o social, criticou a desigualdade econ\u00f4mica e atua\u00e7\u00e3o especulativa do mercado financeiro.\u00a0\u201cN\u00e3o nascemos para ser iguais a outros partidos\u201d, enfatizou o presidente na ocasi\u00e3o, acrescentando: \u201cTodo mundo tem que saber: n\u00f3s queremos governar um pa\u00eds para todos. Mas precisamos dar prioridade para as pessoas mais necessitadas, mais fr\u00e1geis, que ganham menos. Foi para isso que fomos eleitos, \u00e9 o pa\u00eds que teremos\u201d.<\/p>\n<h3>Artigo<\/h3>\n<p>Um artigo de Alberto Cantalice, diretor da FPA, \u00e9 outro destaque da nova edi\u00e7\u00e3o da Focus Brasil. Intitulado \u2018A especula\u00e7\u00e3o e a gan\u00e2ncia m\u00f3rbida\u2019, o texto alerta para o ataque constante do mercado financeiro ao governo do presidente Lula e ao pa\u00eds. \u201cA sanha persecut\u00f3ria \u00e9 tamanha, que com imensa desfa\u00e7atez \u2018exigem\u2019 que o governo legitimamente eleito rasgue seu Programa de Governo\u201d, escreve Cantalice, referindo-se \u00e0s press\u00f5es por cortes em pol\u00edticas sociais fundamentais para quem mais precisa.<\/p>\n<p>\u201cO mote \u2018O Pobre no Or\u00e7amento e o Rico no Imposto de Renda\u2019 venceu as elei\u00e7\u00f5es de 2022. N\u00e3o o contr\u00e1rio\u201d, enfatiza o diretor da FPA.<\/p>\n<p>Para conferir esses e outros conte\u00fados da nova edi\u00e7\u00e3o da Focus Brasil clique\u00a0<a href=\"https:\/\/fpabramo.org.br\/focusbrasil\/edicao\/focus-brasil-171-lula-seminario-nacional-pt-um-pais-para-todos\/\" target=\"_blank\" rel=\"noopener\">aqui<\/a>.<\/p>\n<p>Por PT Nacional<\/p>\n<p>\u00a0<\/p>\n<p>O post  apareceu primeiro em .<\/p>\n<!-- Begin Yuzo --><div class='yuzo_related_post style-1'  data-version='5.12.89'><!-- without result --><div class='yuzo_clearfixed yuzo__title yuzo__title'><h3>Related Post<\/h3><\/div>\n\t\t\t\t\t\t  <div class=\"relatedthumb \" style=\"width:125px;float:left;overflow:hidden;\">  \n\t\t\t\t\t\t\t  \n\t\t\t\t\t\t\t  <a  href=\"https:\/\/redept.com.br\/blogosfera\/por-9-votos-a-2-zambelli-e-condenada-pela-segunda-vez-no-stf\/\"  >\n\t\t\t\t\t\t\t\t\t  <div class=\"yuzo-img-wrap \" style=\"width: 125px;height:90px;\">\n\t\t\t\t\t\t\t\t\t\t\n\t\t\t\t\t\t\t\t\t\t<div class=\"yuzo-img\" style=\"background:url('https:\/\/redept.org\/blogosfera\/wp-content\/plugins\/yuzo-related-post\/assets\/images\/default.png') 50% 50% no-repeat;width: 125px;height:90px;margin-bottom: 5px;background-size: cover; \"><\/div>\n\t\t\t\t\t\t\t\t\t  <\/div>\n\t\t\t\t\t\t\t\t\t  \n\t\t\t\t\t\t\t\t   <span class=\"yuzo__text--title\" style=\"font-size:13px;\">Por 9 votos a 2, Zambelli \u00e9 condenada pela segunda...<\/span>\n\t\t\t\t\t\t\t  \n\t\t\t\t\t\t\t  \n\t\t\t\t\t\t\t  <\/a>\n\n\t\t\t\t\t\t  <\/div>\n\t\t\t\t\t\t  <div class=\"relatedthumb \" style=\"width:125px;float:left;overflow:hidden;\">  \n\t\t\t\t\t\t\t  \n\t\t\t\t\t\t\t  <a  href=\"https:\/\/redept.com.br\/blogosfera\/operacao-apreende-6-toneladas-de-pescados-e-carnes-improprios-para-consumo-no-mercado-publico\/\"  >\n\t\t\t\t\t\t\t\t\t  <div class=\"yuzo-img-wrap \" style=\"width: 125px;height:90px;\">\n\t\t\t\t\t\t\t\t\t\t\n\t\t\t\t\t\t\t\t\t\t<div class=\"yuzo-img\" style=\"background:url('https:\/\/redept.org\/blogosfera\/wp-content\/plugins\/yuzo-related-post\/assets\/images\/default.png') 50% 50% no-repeat;width: 125px;height:90px;margin-bottom: 5px;background-size: cover; \"><\/div>\n\t\t\t\t\t\t\t\t\t  <\/div>\n\t\t\t\t\t\t\t\t\t  \n\t\t\t\t\t\t\t\t   <span class=\"yuzo__text--title\" style=\"font-size:13px;\">Opera\u00e7\u00e3o apreende 6 toneladas de pescados e carnes...<\/span>\n\t\t\t\t\t\t\t  \n\t\t\t\t\t\t\t  \n\t\t\t\t\t\t\t  <\/a>\n\n\t\t\t\t\t\t  <\/div>\n\t\t\t\t\t\t  <div class=\"relatedthumb \" style=\"width:125px;float:left;overflow:hidden;\">  \n\t\t\t\t\t\t\t  \n\t\t\t\t\t\t\t  <a  href=\"https:\/\/redept.com.br\/blogosfera\/trump-ameaca-diminuir-prazo-de-ultimato-a-russia-sobre-cessar-fogo\/\"  >\n\t\t\t\t\t\t\t\t\t  <div class=\"yuzo-img-wrap \" style=\"width: 125px;height:90px;\">\n\t\t\t\t\t\t\t\t\t\t\n\t\t\t\t\t\t\t\t\t\t<div class=\"yuzo-img\" style=\"background:url('https:\/\/redept.org\/blogosfera\/wp-content\/plugins\/yuzo-related-post\/assets\/images\/default.png') 50% 50% no-repeat;width: 125px;height:90px;margin-bottom: 5px;background-size: cover; \"><\/div>\n\t\t\t\t\t\t\t\t\t  <\/div>\n\t\t\t\t\t\t\t\t\t  \n\t\t\t\t\t\t\t\t   <span class=\"yuzo__text--title\" style=\"font-size:13px;\">Trump amea\u00e7a diminuir prazo de ultimato \u00e0 R\u00fassia s...<\/span>\n\t\t\t\t\t\t\t  \n\t\t\t\t\t\t\t  \n\t\t\t\t\t\t\t  <\/a>\n\n\t\t\t\t\t\t  <\/div>\n\t\t\t\t\t\t  <div class=\"relatedthumb \" style=\"width:125px;float:left;overflow:hidden;\">  \n\t\t\t\t\t\t\t  \n\t\t\t\t\t\t\t  <a  href=\"https:\/\/redept.com.br\/blogosfera\/santa-cruz-valoriza-memoria-e-mantem-olhos-no-mercado-com-festival\/\"  >\n\t\t\t\t\t\t\t\t\t  <div class=\"yuzo-img-wrap \" style=\"width: 125px;height:90px;\">\n\t\t\t\t\t\t\t\t\t\t\n\t\t\t\t\t\t\t\t\t\t<div class=\"yuzo-img\" style=\"background:url('https:\/\/redept.com.br\/blogosfera\/wp-content\/uploads\/2025\/06\/image-1-39-150x92.png') 50% 50% no-repeat;width: 125px;height:90px;margin-bottom: 5px;background-size: cover; \"><\/div>\n\t\t\t\t\t\t\t\t\t  <\/div>\n\t\t\t\t\t\t\t\t\t  \n\t\t\t\t\t\t\t\t   <span class=\"yuzo__text--title\" style=\"font-size:13px;\">Santa Cruz valoriza mem\u00f3ria e mant\u00e9m olhos no merc...<\/span>\n\t\t\t\t\t\t\t  \n\t\t\t\t\t\t\t  \n\t\t\t\t\t\t\t  <\/a>\n\n\t\t\t\t\t\t  <\/div>\n<\/div> <script>\n\t\t\t\t\t\t  jQuery(document).ready(function( $ ){\n\t\t\t\t\t\t\t\/\/jQuery('.yuzo_related_post').equalizer({ overflow : 'relatedthumb' });\n\t\t\t\t\t\t\tjQuery('.yuzo_related_post .yuzo_wraps').equalizer({ columns : '> div' });\n\t\t\t\t\t\t   })\n\t\t\t\t\t\t  <\/script> <!-- End Yuzo :) -->","protected":false},"excerpt":{"rendered":"<p>Tema principal da edi\u00e7\u00e3o 171 da revista da Funda\u00e7\u00e3o Perseu Abramo (FPA) \u00e9 a realiza\u00e7\u00e3o, nos \u00faltimos dias 5 e 6, do semin\u00e1rio nacional \u2018A realidade brasileira e os desafios do Partido dos Trabalhadores\u2019, cujo ponto alto foi a participa\u00e7\u00e3o do presidente A edi\u00e7\u00e3o 171 da revista Focus Brasil destaca a realiza\u00e7\u00e3o do\u00a0semin\u00e1rio nacional \u2018A [&hellip;]<\/p>\n","protected":false},"author":1,"featured_media":0,"comment_status":"open","ping_status":"closed","sticky":false,"template":"","format":"standard","meta":{"fifu_image_url":"","fifu_image_alt":"","footnotes":""},"categories":[1],"tags":[],"class_list":["post-8435","post","type-post","status-publish","format-standard","hentry","category-uncategorized"],"_links":{"self":[{"href":"https:\/\/redept.com.br\/blogosfera\/wp-json\/wp\/v2\/posts\/8435","targetHints":{"allow":["GET"]}}],"collection":[{"href":"https:\/\/redept.com.br\/blogosfera\/wp-json\/wp\/v2\/posts"}],"about":[{"href":"https:\/\/redept.com.br\/blogosfera\/wp-json\/wp\/v2\/types\/post"}],"author":[{"embeddable":true,"href":"https:\/\/redept.com.br\/blogosfera\/wp-json\/wp\/v2\/users\/1"}],"replies":[{"embeddable":true,"href":"https:\/\/redept.com.br\/blogosfera\/wp-json\/wp\/v2\/comments?post=8435"}],"version-history":[{"count":0,"href":"https:\/\/redept.com.br\/blogosfera\/wp-json\/wp\/v2\/posts\/8435\/revisions"}],"wp:attachment":[{"href":"https:\/\/redept.com.br\/blogosfera\/wp-json\/wp\/v2\/media?parent=8435"}],"wp:term":[{"taxonomy":"category","embeddable":true,"href":"https:\/\/redept.com.br\/blogosfera\/wp-json\/wp\/v2\/categories?post=8435"},{"taxonomy":"post_tag","embeddable":true,"href":"https:\/\/redept.com.br\/blogosfera\/wp-json\/wp\/v2\/tags?post=8435"}],"curies":[{"name":"wp","href":"https:\/\/api.w.org\/{rel}","templated":true}]}}