{"id":8437,"date":"2024-12-14T10:00:23","date_gmt":"2024-12-14T13:00:23","guid":{"rendered":"https:\/\/redept.org\/blogosfera\/a-democracia-se-fortalece-quando-aproximamos-o-parlamento-das-pessoas-afirma-maria-do-rosario\/"},"modified":"2024-12-14T10:00:23","modified_gmt":"2024-12-14T13:00:23","slug":"a-democracia-se-fortalece-quando-aproximamos-o-parlamento-das-pessoas-afirma-maria-do-rosario","status":"publish","type":"post","link":"https:\/\/redept.com.br\/blogosfera\/a-democracia-se-fortalece-quando-aproximamos-o-parlamento-das-pessoas-afirma-maria-do-rosario\/","title":{"rendered":"A democracia se fortalece quando aproximamos o Parlamento das pessoas, afirma Maria do Ros\u00e1rio"},"content":{"rendered":"<h3><em><strong>RETROSPECTIVA 2024<\/strong><\/em><\/h3>\n<p><em>A deputada ga\u00facha apresenta o balan\u00e7o das atividades da Segunda-Secretaria em 2024 <\/em><\/p>\n<p>A Segunda-Secretaria da Mesa Diretora da C\u00e2mara dos Deputados, dirigida pela deputada <strong>Maria do Ros\u00e1rio (PT-RS)<\/strong>, desempenhou um papel estrat\u00e9gico ao longo de 2023 e 2024, com a\u00e7\u00f5es que fortaleceram o Parlamento, a conex\u00e3o com a sociedade e a gest\u00e3o interna da casa. O setor \u00e9 respons\u00e1vel por atividades fundamentais para o funcionamento da C\u00e2mara dos Deputados, como a log\u00edstica de passaportes e vistos para miss\u00f5es oficiais no exterior, a gest\u00e3o de programas de est\u00e1gio e a\u00e7\u00f5es de forma\u00e7\u00e3o, al\u00e9m da responsabilidade sobre a entrega de pr\u00eamios e homenagens.<\/p>\n<p>Maria do Ros\u00e1rio ressalta a import\u00e2ncia das atividades da Mesa Diretora para o fortalecimento da C\u00e2mara dos Deputados. \u201cA democracia se fortalece quando aproximamos o Parlamento das pessoas. Ao longo da nossa gest\u00e3o refor\u00e7amos o compromisso da Casa com a participa\u00e7\u00e3o cidad\u00e3 e com a inclus\u00e3o social\u201d, destaca.<\/p>\n<h4><strong>Estudantes<\/strong><\/h4>\n<p>O Est\u00e1gio-Visita, que aproxima estudantes de todo o Brasil do funcionamento da C\u00e2mara, teve ao longo destes dois anos de gest\u00e3o da deputada Maria do Ros\u00e1rio 5 edi\u00e7\u00f5es. \u201cAo todo passaram pela casa mais de 388 estudantes que participaram de atividades sobre o processo legislativo e da dimens\u00e3o que a Casa representa\u201d, explica a parlamentar ga\u00facha.<\/p>\n<p>Um dos legados oferecidos pela gest\u00e3o de Maria do Ros\u00e1rio ser\u00e1 o novo sistema de Est\u00e1gio-Visita que ir\u00e1 facilitar e modernizar a inscri\u00e7\u00e3o dos estudantes no programa. O acesso ser\u00e1 agilizado e o tempo de navega\u00e7\u00e3o reduzido.<\/p>\n<h4><strong>Miss\u00f5es no exterior<\/strong><\/h4>\n<p>Durante a gest\u00e3o de Maria do Ros\u00e1rio, o Servi\u00e7o de Passaportes e Vistos facilitou a participa\u00e7\u00e3o de parlamentares em miss\u00f5es oficiais no exterior, tendo emitido mais de 1.200 passaportes e cerca de 500 vistos diplom\u00e1ticos, al\u00e9m de passaportes oficiais para servidores em miss\u00e3o. A equipe da Segunda-Secretaria realizou 263 processos de requisi\u00e7\u00e3o de passaportes e mais de 16 mil atendimentos, entre presenciais e remotos, contribuindo para a efici\u00eancia e seguran\u00e7a log\u00edstica dessas atividades.<\/p>\n<h4><strong>Ajude o RS<\/strong><\/h4>\n<p>A Segunda-Secretaria tamb\u00e9m liderou campanhas de solidariedade. A \u201cAjude o RS\u201d, organizada em resposta \u00e0s enchentes no Rio Grande do Sul, arrecadou mais de R$ 20 mil repassados para o Comit\u00ea da Cidadania, que comprou itens para enviar e uma ampla variedade de donativos.<\/p>\n<p>As a\u00e7\u00f5es realizadas em 2023 e 2024 demonstram que a Segunda-Secretaria \u201cn\u00e3o \u00e9 apenas uma inst\u00e2ncia administrativa, mas uma ponte entre o Parlamento e a sociedade, refor\u00e7ando a import\u00e2ncia de um Legislativo transparente, acess\u00edvel e conectado \u00e0s demandas do povo brasileiro\u201d, finaliza Maria do Ros\u00e1rio.<\/p>\n<p>O post  apareceu primeiro em .<\/p>\n<!-- Begin Yuzo --><div class='yuzo_related_post style-1'  data-version='5.12.89'><!-- without result --><div class='yuzo_clearfixed yuzo__title yuzo__title'><h3>Related Post<\/h3><\/div>\n\t\t\t\t\t\t  <div class=\"relatedthumb \" style=\"width:125px;float:left;overflow:hidden;\">  \n\t\t\t\t\t\t\t  \n\t\t\t\t\t\t\t  <a  href=\"https:\/\/redept.com.br\/blogosfera\/governador-da-california-critica-ausencia-dos-eua-na-cop30-aposta-na-estupidez\/\"  >\n\t\t\t\t\t\t\t\t\t  <div class=\"yuzo-img-wrap \" style=\"width: 125px;height:90px;\">\n\t\t\t\t\t\t\t\t\t\t\n\t\t\t\t\t\t\t\t\t\t<div class=\"yuzo-img\" style=\"background:url('https:\/\/redept.org\/blogosfera\/wp-content\/plugins\/yuzo-related-post\/assets\/images\/default.png') 50% 50% no-repeat;width: 125px;height:90px;margin-bottom: 5px;background-size: cover; \"><\/div>\n\t\t\t\t\t\t\t\t\t  <\/div>\n\t\t\t\t\t\t\t\t\t  \n\t\t\t\t\t\t\t\t   <span class=\"yuzo__text--title\" style=\"font-size:13px;\">Governador da Calif\u00f3rnia critica aus\u00eancia dos EUA ...<\/span>\n\t\t\t\t\t\t\t  \n\t\t\t\t\t\t\t  \n\t\t\t\t\t\t\t  <\/a>\n\n\t\t\t\t\t\t  <\/div>\n\t\t\t\t\t\t  <div class=\"relatedthumb \" style=\"width:125px;float:left;overflow:hidden;\">  \n\t\t\t\t\t\t\t  \n\t\t\t\t\t\t\t  <a  href=\"https:\/\/redept.com.br\/blogosfera\/carnaval-tem-oscar-desfile-dos-orixas-na-avenida-e-o-bloco-dos-golpistas-nus\/\"  >\n\t\t\t\t\t\t\t\t\t  <div class=\"yuzo-img-wrap \" style=\"width: 125px;height:90px;\">\n\t\t\t\t\t\t\t\t\t\t\n\t\t\t\t\t\t\t\t\t\t<div class=\"yuzo-img\" style=\"background:url('https:\/\/redept.org\/blogosfera\/wp-content\/plugins\/yuzo-related-post\/assets\/images\/default.png') 50% 50% no-repeat;width: 125px;height:90px;margin-bottom: 5px;background-size: cover; \"><\/div>\n\t\t\t\t\t\t\t\t\t  <\/div>\n\t\t\t\t\t\t\t\t\t  \n\t\t\t\t\t\t\t\t   <span class=\"yuzo__text--title\" style=\"font-size:13px;\">Carnaval tem Oscar, desfile dos orix\u00e1s na avenida ...<\/span>\n\t\t\t\t\t\t\t  \n\t\t\t\t\t\t\t  \n\t\t\t\t\t\t\t  <\/a>\n\n\t\t\t\t\t\t  <\/div>\n\t\t\t\t\t\t  <div class=\"relatedthumb \" style=\"width:125px;float:left;overflow:hidden;\">  \n\t\t\t\t\t\t\t  \n\t\t\t\t\t\t\t  <a  href=\"https:\/\/redept.com.br\/blogosfera\/segunda-edicao-da-feira-mulheridades-reune-mais-de-100-expositoras-no-domingo-23\/\"  >\n\t\t\t\t\t\t\t\t\t  <div class=\"yuzo-img-wrap \" style=\"width: 125px;height:90px;\">\n\t\t\t\t\t\t\t\t\t\t\n\t\t\t\t\t\t\t\t\t\t<div class=\"yuzo-img\" style=\"background:url('https:\/\/redept.org\/blogosfera\/wp-content\/plugins\/yuzo-related-post\/assets\/images\/default.png') 50% 50% no-repeat;width: 125px;height:90px;margin-bottom: 5px;background-size: cover; \"><\/div>\n\t\t\t\t\t\t\t\t\t  <\/div>\n\t\t\t\t\t\t\t\t\t  \n\t\t\t\t\t\t\t\t   <span class=\"yuzo__text--title\" style=\"font-size:13px;\">Segunda edi\u00e7\u00e3o da Feira Mulheridades re\u00fane mais de...<\/span>\n\t\t\t\t\t\t\t  \n\t\t\t\t\t\t\t  \n\t\t\t\t\t\t\t  <\/a>\n\n\t\t\t\t\t\t  <\/div>\n\t\t\t\t\t\t  <div class=\"relatedthumb \" style=\"width:125px;float:left;overflow:hidden;\">  \n\t\t\t\t\t\t\t  \n\t\t\t\t\t\t\t  <a  href=\"https:\/\/redept.com.br\/blogosfera\/o-voto-divergente-e-a-jornalista\/\"  >\n\t\t\t\t\t\t\t\t\t  <div class=\"yuzo-img-wrap \" style=\"width: 125px;height:90px;\">\n\t\t\t\t\t\t\t\t\t\t\n\t\t\t\t\t\t\t\t\t\t<div class=\"yuzo-img\" style=\"background:url('https:\/\/redept.org\/blogosfera\/wp-content\/plugins\/yuzo-related-post\/assets\/images\/default.png') 50% 50% no-repeat;width: 125px;height:90px;margin-bottom: 5px;background-size: cover; \"><\/div>\n\t\t\t\t\t\t\t\t\t  <\/div>\n\t\t\t\t\t\t\t\t\t  \n\t\t\t\t\t\t\t\t   <span class=\"yuzo__text--title\" style=\"font-size:13px;\">O voto divergente e a jornalista<\/span>\n\t\t\t\t\t\t\t  \n\t\t\t\t\t\t\t  \n\t\t\t\t\t\t\t  <\/a>\n\n\t\t\t\t\t\t  <\/div>\n<\/div> <script>\n\t\t\t\t\t\t  jQuery(document).ready(function( $ ){\n\t\t\t\t\t\t\t\/\/jQuery('.yuzo_related_post').equalizer({ overflow : 'relatedthumb' });\n\t\t\t\t\t\t\tjQuery('.yuzo_related_post .yuzo_wraps').equalizer({ columns : '> div' });\n\t\t\t\t\t\t   })\n\t\t\t\t\t\t  <\/script> <!-- End Yuzo :) -->","protected":false},"excerpt":{"rendered":"<p>RETROSPECTIVA 2024 A deputada ga\u00facha apresenta o balan\u00e7o das atividades da Segunda-Secretaria em 2024 A Segunda-Secretaria da Mesa Diretora da C\u00e2mara dos Deputados, dirigida pela deputada Maria do Ros\u00e1rio (PT-RS), desempenhou um papel estrat\u00e9gico ao longo de 2023 e 2024, com a\u00e7\u00f5es que fortaleceram o Parlamento, a conex\u00e3o com a sociedade e a gest\u00e3o interna [&hellip;]<\/p>\n","protected":false},"author":1,"featured_media":0,"comment_status":"open","ping_status":"closed","sticky":false,"template":"","format":"standard","meta":{"fifu_image_url":"","fifu_image_alt":"","footnotes":""},"categories":[1],"tags":[],"class_list":["post-8437","post","type-post","status-publish","format-standard","hentry","category-uncategorized"],"_links":{"self":[{"href":"https:\/\/redept.com.br\/blogosfera\/wp-json\/wp\/v2\/posts\/8437","targetHints":{"allow":["GET"]}}],"collection":[{"href":"https:\/\/redept.com.br\/blogosfera\/wp-json\/wp\/v2\/posts"}],"about":[{"href":"https:\/\/redept.com.br\/blogosfera\/wp-json\/wp\/v2\/types\/post"}],"author":[{"embeddable":true,"href":"https:\/\/redept.com.br\/blogosfera\/wp-json\/wp\/v2\/users\/1"}],"replies":[{"embeddable":true,"href":"https:\/\/redept.com.br\/blogosfera\/wp-json\/wp\/v2\/comments?post=8437"}],"version-history":[{"count":0,"href":"https:\/\/redept.com.br\/blogosfera\/wp-json\/wp\/v2\/posts\/8437\/revisions"}],"wp:attachment":[{"href":"https:\/\/redept.com.br\/blogosfera\/wp-json\/wp\/v2\/media?parent=8437"}],"wp:term":[{"taxonomy":"category","embeddable":true,"href":"https:\/\/redept.com.br\/blogosfera\/wp-json\/wp\/v2\/categories?post=8437"},{"taxonomy":"post_tag","embeddable":true,"href":"https:\/\/redept.com.br\/blogosfera\/wp-json\/wp\/v2\/tags?post=8437"}],"curies":[{"name":"wp","href":"https:\/\/api.w.org\/{rel}","templated":true}]}}