{"id":8438,"date":"2024-12-14T14:00:19","date_gmt":"2024-12-14T17:00:19","guid":{"rendered":"https:\/\/redept.org\/blogosfera\/ana-paula-lima-trabalha-pelo-fortalecimento-das-politicas-da-primeira-infancia-a-juventude\/"},"modified":"2024-12-14T14:00:19","modified_gmt":"2024-12-14T17:00:19","slug":"ana-paula-lima-trabalha-pelo-fortalecimento-das-politicas-da-primeira-infancia-a-juventude","status":"publish","type":"post","link":"https:\/\/redept.com.br\/blogosfera\/ana-paula-lima-trabalha-pelo-fortalecimento-das-politicas-da-primeira-infancia-a-juventude\/","title":{"rendered":"Ana Paula Lima trabalha pelo fortalecimento das pol\u00edticas da primeira inf\u00e2ncia \u00e0 juventude"},"content":{"rendered":"<h3><em><strong>Retrospectiva 2024<\/strong><\/em><\/h3>\n<p><strong><em>\u201cTemos muitos desafios pela frente para garantirmos, efetivamente, um futuro melhor para nossas crian\u00e7as\u201d.<\/em><\/strong><\/p>\n<p>A Secretaria da Primeira Inf\u00e2ncia, Inf\u00e2ncia, Adolesc\u00eancia e Juventude da C\u00e2mara dos Deputados, liderada pela deputada <strong>Ana Paula Lima (PT-SC)<\/strong>, desempenha um papel fundamental na promo\u00e7\u00e3o dos direitos humanos de crian\u00e7as, adolescentes e jovens no Brasil. Desde sua posse, em fevereiro de 2023, a parlamentar tem se destacado na articula\u00e7\u00e3o de pol\u00edticas p\u00fablicas voltadas para o desenvolvimento integral dessa popula\u00e7\u00e3o, al\u00e9m de estreitar parcerias com entidades nacionais e internacionais comprometidas com a defesa infantojuvenil.<\/p>\n<p>Em seu mandato \u00e0 frente da Secretaria, Ana Paula Lima tem trabalhado para fortalecer as pol\u00edticas voltadas \u00e0 primeira inf\u00e2ncia e \u00e0 juventude. Em setembro de 2023, a deputada participou de um semin\u00e1rio no Superior Tribunal de Justi\u00e7a (STJ), onde destacou a import\u00e2ncia de garantir condi\u00e7\u00f5es adequadas para o desenvolvimento seguro e pleno de crian\u00e7as e adolescentes. Ela ressaltou, ainda, a relev\u00e2ncia de programas sociais como o Bolsa Fam\u00edlia, que atuam na prote\u00e7\u00e3o dessas faixas et\u00e1rias.<\/p>\n<p>\u201cO trabalho \u00e0 frente da Secretaria da Primeira Inf\u00e2ncia, Inf\u00e2ncia, Adolesc\u00eancia e Juventude tem sido no sentido de construir um Brasil onde todos, desde a mais tenra idade, tenham seus direitos assegurados. Temos muitos desafios pela frente para garantirmos, efetivamente, um futuro melhor para nossas crian\u00e7as, para que elas tenham a oportunidade de crescer com dignidade, sa\u00fade, educa\u00e7\u00e3o e, sobretudo, muito amor\u201d, diz Ana Paula Lima.<\/p>\n<p>A Secretaria tem promovido uma s\u00e9rie de debates sobre quest\u00f5es que afetam diretamente esse p\u00fablico, como os impactos das mudan\u00e7as clim\u00e1ticas, a sa\u00fade mental, a viol\u00eancia e a influ\u00eancia das novas tecnologias. Em mar\u00e7o de 2024, foi realizado um evento com especialistas, representantes do governo e da sociedade civil, com o objetivo de buscar solu\u00e7\u00f5es inovadoras para os desafios enfrentados por essa popula\u00e7\u00e3o.<\/p>\n<h4><strong>Direito de ser crian\u00e7a<\/strong><\/h4>\n<p>Em outubro de 2024, a Secretaria organizou a exposi\u00e7\u00e3o \u201cDireito de Ser Crian\u00e7a\u201d, na C\u00e2mara dos Deputados, um evento que reuniu diversas atividades interativas, pain\u00e9is informativos e apresenta\u00e7\u00f5es culturais. A mostra, que esteve aberta ao p\u00fablico entre os dias 14 e 25 de outubro, trouxe uma reflex\u00e3o sobre os direitos fundamentais da crian\u00e7a, como o acesso \u00e0 educa\u00e7\u00e3o, ao lazer e \u00e0 prote\u00e7\u00e3o contra abusos e viol\u00eancia.<\/p>\n<p>A atua\u00e7\u00e3o de Ana Paula Lima e sua equipe na Secretaria tem sido marcada pela busca por pol\u00edticas p\u00fablicas inclusivas e eficazes, focadas em assegurar os direitos e o bem-estar de crian\u00e7as, adolescentes e jovens. A deputada se consolida como defensora da implementa\u00e7\u00e3o de estrat\u00e9gias que favore\u00e7am o desenvolvimento humano desde a primeira inf\u00e2ncia, incentivando o di\u00e1logo entre diversos setores para enfrentar os desafios que ainda limitam o potencial dessa parcela da popula\u00e7\u00e3o brasileira.<\/p>\n<p>\u00a0<\/p>\n<p>Assessoria de comunica\u00e7\u00e3o da deputada Ana Paula Lima<\/p>\n<p>\u00a0<\/p>\n<p>O post  apareceu primeiro em .<\/p>\n<!-- Begin Yuzo --><div class='yuzo_related_post style-1'  data-version='5.12.89'><!-- without result --><div class='yuzo_clearfixed yuzo__title yuzo__title'><h3>Related Post<\/h3><\/div>\n\t\t\t\t\t\t  <div class=\"relatedthumb \" style=\"width:125px;float:left;overflow:hidden;\">  \n\t\t\t\t\t\t\t  \n\t\t\t\t\t\t\t  <a  href=\"https:\/\/sul21.com.br\/noticias\/cultura\/2025\/09\/da-parceria-a-parceirizacao-usina-do-gasometro-ja-teve-gestao-compartilhada-com-artistas\/\"  >\n\t\t\t\t\t\t\t\t\t  <div class=\"yuzo-img-wrap \" style=\"width: 125px;height:90px;\">\n\t\t\t\t\t\t\t\t\t\t\n\t\t\t\t\t\t\t\t\t\t<div class=\"yuzo-img\" style=\"background:url('https:\/\/sul21.com.br\/wp-content\/uploads\/2025\/09\/apareceu-a-margarida-1024x848.jpeg') 50% 50% no-repeat;width: 125px;height:90px;margin-bottom: 5px;background-size: cover; \"><\/div>\n\t\t\t\t\t\t\t\t\t  <\/div>\n\t\t\t\t\t\t\t\t\t  \n\t\t\t\t\t\t\t\t   <span class=\"yuzo__text--title\" style=\"font-size:13px;\">Da parceria \u00e0 \u2018parceiriza\u00e7\u00e3o\u2019: Usina do Gas\u00f4metro ...<\/span>\n\t\t\t\t\t\t\t  \n\t\t\t\t\t\t\t  \n\t\t\t\t\t\t\t  <\/a>\n\n\t\t\t\t\t\t  <\/div>\n\t\t\t\t\t\t  <div class=\"relatedthumb \" style=\"width:125px;float:left;overflow:hidden;\">  \n\t\t\t\t\t\t\t  \n\t\t\t\t\t\t\t  <a  href=\"https:\/\/redept.com.br\/blogosfera\/em-decisao-moraes-cita-tentativa-de-fuga-de-bolsonaro\/\"  >\n\t\t\t\t\t\t\t\t\t  <div class=\"yuzo-img-wrap \" style=\"width: 125px;height:90px;\">\n\t\t\t\t\t\t\t\t\t\t\n\t\t\t\t\t\t\t\t\t\t<div class=\"yuzo-img\" style=\"background:url('https:\/\/redept.org\/blogosfera\/wp-content\/plugins\/yuzo-related-post\/assets\/images\/default.png') 50% 50% no-repeat;width: 125px;height:90px;margin-bottom: 5px;background-size: cover; \"><\/div>\n\t\t\t\t\t\t\t\t\t  <\/div>\n\t\t\t\t\t\t\t\t\t  \n\t\t\t\t\t\t\t\t   <span class=\"yuzo__text--title\" style=\"font-size:13px;\">Em decis\u00e3o, Moraes cita \u201ctentativa de fuga\u201d de Bol...<\/span>\n\t\t\t\t\t\t\t  \n\t\t\t\t\t\t\t  \n\t\t\t\t\t\t\t  <\/a>\n\n\t\t\t\t\t\t  <\/div>\n\t\t\t\t\t\t  <div class=\"relatedthumb \" style=\"width:125px;float:left;overflow:hidden;\">  \n\t\t\t\t\t\t\t  \n\t\t\t\t\t\t\t  <a  href=\"https:\/\/redept.com.br\/blogosfera\/anistia-a-golpistas-nao-e-assunto-dos-brasileiros-diz-alcolumbre\/\"  >\n\t\t\t\t\t\t\t\t\t  <div class=\"yuzo-img-wrap \" style=\"width: 125px;height:90px;\">\n\t\t\t\t\t\t\t\t\t\t\n\t\t\t\t\t\t\t\t\t\t<div class=\"yuzo-img\" style=\"background:url('https:\/\/redept.org\/blogosfera\/wp-content\/plugins\/yuzo-related-post\/assets\/images\/default.png') 50% 50% no-repeat;width: 125px;height:90px;margin-bottom: 5px;background-size: cover; \"><\/div>\n\t\t\t\t\t\t\t\t\t  <\/div>\n\t\t\t\t\t\t\t\t\t  \n\t\t\t\t\t\t\t\t   <span class=\"yuzo__text--title\" style=\"font-size:13px;\">Anistia a golpistas n\u00e3o \u00e9 assunto dos brasileiros,...<\/span>\n\t\t\t\t\t\t\t  \n\t\t\t\t\t\t\t  \n\t\t\t\t\t\t\t  <\/a>\n\n\t\t\t\t\t\t  <\/div>\n\t\t\t\t\t\t  <div class=\"relatedthumb \" style=\"width:125px;float:left;overflow:hidden;\">  \n\t\t\t\t\t\t\t  \n\t\t\t\t\t\t\t  <a  href=\"https:\/\/redept.com.br\/blogosfera\/minha-casa-minha-vida-avanca-em-belo-horizonte-mas-desafio-do-direito-a-moradia-continua\/\"  >\n\t\t\t\t\t\t\t\t\t  <div class=\"yuzo-img-wrap \" style=\"width: 125px;height:90px;\">\n\t\t\t\t\t\t\t\t\t\t\n\t\t\t\t\t\t\t\t\t\t<div class=\"yuzo-img\" style=\"background:url('https:\/\/redept.org\/blogosfera\/wp-content\/plugins\/yuzo-related-post\/assets\/images\/default.png') 50% 50% no-repeat;width: 125px;height:90px;margin-bottom: 5px;background-size: cover; \"><\/div>\n\t\t\t\t\t\t\t\t\t  <\/div>\n\t\t\t\t\t\t\t\t\t  \n\t\t\t\t\t\t\t\t   <span class=\"yuzo__text--title\" style=\"font-size:13px;\">Minha Casa Minha Vida avan\u00e7a em Belo Horizonte, ma...<\/span>\n\t\t\t\t\t\t\t  \n\t\t\t\t\t\t\t  \n\t\t\t\t\t\t\t  <\/a>\n\n\t\t\t\t\t\t  <\/div>\n<\/div> <script>\n\t\t\t\t\t\t  jQuery(document).ready(function( $ ){\n\t\t\t\t\t\t\t\/\/jQuery('.yuzo_related_post').equalizer({ overflow : 'relatedthumb' });\n\t\t\t\t\t\t\tjQuery('.yuzo_related_post .yuzo_wraps').equalizer({ columns : '> div' });\n\t\t\t\t\t\t   })\n\t\t\t\t\t\t  <\/script> <!-- End Yuzo :) -->","protected":false},"excerpt":{"rendered":"<p>Retrospectiva 2024 \u201cTemos muitos desafios pela frente para garantirmos, efetivamente, um futuro melhor para nossas crian\u00e7as\u201d. A Secretaria da Primeira Inf\u00e2ncia, Inf\u00e2ncia, Adolesc\u00eancia e Juventude da C\u00e2mara dos Deputados, liderada pela deputada Ana Paula Lima (PT-SC), desempenha um papel fundamental na promo\u00e7\u00e3o dos direitos humanos de crian\u00e7as, adolescentes e jovens no Brasil. Desde sua posse, [&hellip;]<\/p>\n","protected":false},"author":1,"featured_media":0,"comment_status":"open","ping_status":"closed","sticky":false,"template":"","format":"standard","meta":{"fifu_image_url":"","fifu_image_alt":"","footnotes":""},"categories":[1],"tags":[],"class_list":["post-8438","post","type-post","status-publish","format-standard","hentry","category-uncategorized"],"_links":{"self":[{"href":"https:\/\/redept.com.br\/blogosfera\/wp-json\/wp\/v2\/posts\/8438","targetHints":{"allow":["GET"]}}],"collection":[{"href":"https:\/\/redept.com.br\/blogosfera\/wp-json\/wp\/v2\/posts"}],"about":[{"href":"https:\/\/redept.com.br\/blogosfera\/wp-json\/wp\/v2\/types\/post"}],"author":[{"embeddable":true,"href":"https:\/\/redept.com.br\/blogosfera\/wp-json\/wp\/v2\/users\/1"}],"replies":[{"embeddable":true,"href":"https:\/\/redept.com.br\/blogosfera\/wp-json\/wp\/v2\/comments?post=8438"}],"version-history":[{"count":0,"href":"https:\/\/redept.com.br\/blogosfera\/wp-json\/wp\/v2\/posts\/8438\/revisions"}],"wp:attachment":[{"href":"https:\/\/redept.com.br\/blogosfera\/wp-json\/wp\/v2\/media?parent=8438"}],"wp:term":[{"taxonomy":"category","embeddable":true,"href":"https:\/\/redept.com.br\/blogosfera\/wp-json\/wp\/v2\/categories?post=8438"},{"taxonomy":"post_tag","embeddable":true,"href":"https:\/\/redept.com.br\/blogosfera\/wp-json\/wp\/v2\/tags?post=8438"}],"curies":[{"name":"wp","href":"https:\/\/api.w.org\/{rel}","templated":true}]}}