{"id":8439,"date":"2024-12-14T15:00:18","date_gmt":"2024-12-14T18:00:18","guid":{"rendered":"https:\/\/redept.org\/blogosfera\/avancos-e-conquistas-da-secretaria-da-mulher-da-camara-dos-deputados\/"},"modified":"2024-12-14T15:00:18","modified_gmt":"2024-12-14T18:00:18","slug":"avancos-e-conquistas-da-secretaria-da-mulher-da-camara-dos-deputados","status":"publish","type":"post","link":"https:\/\/redept.com.br\/blogosfera\/avancos-e-conquistas-da-secretaria-da-mulher-da-camara-dos-deputados\/","title":{"rendered":"Avan\u00e7os e conquistas da Secretaria da Mulher da C\u00e2mara dos Deputados"},"content":{"rendered":"<h3><em><strong>RETROSPECTIVA 2024<\/strong><\/em><\/h3>\n<p><strong>E<\/strong>m 2024, a Secretaria da Mulher da C\u00e2mara dos Deputados realizou in\u00fameras a\u00e7\u00f5es que v\u00e3o da consolida\u00e7\u00e3o do di\u00e1logo do Legislativo com o Executivo, debates e aprova\u00e7\u00e3o de projetos de lei, semin\u00e1rio sobre igualdade e poder e debate sobre o financiamento p\u00fablico de campanha para as mulheres. A deputada <strong>Benedita da Silva (PT-RJ)<\/strong>, coordenadora-geral dos Direitos da Mulher da Secretaria da Mulher da C\u00e2mara, lista ainda outras a\u00e7\u00f5es como a exposi\u00e7\u00e3o sobre a participa\u00e7\u00e3o das mulheres na pol\u00edtica, a sess\u00e3o em homenagem ao Dia Internacional da Mulher, campanhas como o Outubro Rosa e Dignidade Menstrual at\u00e9 as agendas internacionais, como a 68\u00aa Sess\u00e3o da Comiss\u00e3o sobre a Situa\u00e7\u00e3o da Mulher, na ONU, sobre igualdade de g\u00eanero.<\/p>\n<p>Al\u00e9m disso, a Secretaria teve agendas com a ministra C\u00e1rmen L\u00facia (STF), com a embaixadora da Uni\u00e3o Europeia no Brasil, Marian Schuegraf e atividade com a ONU Brasil Mulher. Benedita ainda articulou e construiu encontros estrat\u00e9gicos, como a agenda preparat\u00f3ria do P20 e a 1\u00aa Reuni\u00e3o de Mulheres do P20, que contou com a participa\u00e7\u00e3o de 30 delega\u00e7\u00f5es internacionais no debate sobre mudan\u00e7as na divis\u00e3o do trabalho, igualdade salarial e maior representatividade pol\u00edtica.<\/p>\n<p>Benedita da Silva destacou que, por essas e outras a\u00e7\u00f5es, 2024 j\u00e1 pode ser classificado como um ano de importantes avan\u00e7os e conquistas para a Secretaria da Mulher.<\/p>\n<p>\u201cQuando analiso as atividades que j\u00e1 realizamos em 2024, sinto a for\u00e7a e vejo a import\u00e2ncia da Secretaria da Mulher da C\u00e2mara dos Deputados, pois idealizamos, planejamos, constru\u00edmos e realizamos importantes a\u00e7\u00f5es e agendas\u201d, salientou a parlamentar.<\/p>\n<h4><strong>P20<\/strong><\/h4>\n<p>Recentemente, em novembro de 2024, a Secretaria da Mulher abriu as discuss\u00f5es da 10\u00aa C\u00fapula dos Presidentes de Parlamento do G20. \u201cNo encontro debatemos as recomenda\u00e7\u00f5es de mulheres parlamentares do G20 para a solu\u00e7\u00e3o de problemas relacionados \u00e0 desigualdade, \u00e0 fome, ao aquecimento global e \u00e0 baixa participa\u00e7\u00e3o feminina nas inst\u00e2ncias de poder\u201d, explica Benedita.<\/p>\n<h4><strong>Mandato em 2024 <\/strong><\/h4>\n<p>Em rela\u00e7\u00e3o \u00e0s a\u00e7\u00f5es do seu mandato, a deputada Benedita da Silva lembrou o seu trabalho nas tr\u00eas comiss\u00f5es em que \u00e9 titular (da Cultura, da Mulher e da Previd\u00eancia, Assist\u00eancia Social, Inf\u00e2ncia, Adolesc\u00eancia e Fam\u00edlia). Destacou ainda as agendas na Esplanada dos Minist\u00e9rios, a sua luta no combate ao racismo, combate ao machismo, combate ao feminic\u00eddio e projetos de lei de sua autoria sancionados pelo presidente Lula.<\/p>\n<h4><strong>Parlatino<\/strong><\/h4>\n<p>A deputada Benedita da Silva tamb\u00e9m participou de eventos internacionais. Ela destacou o Encontro Regional de Mulheres Parlamentares da Am\u00e9rica Latina e do Caribe, ocorrido na \u00faltima semana de outubro, no Panam\u00e1. O evento, realizado pelo Parlamento Latino-Americano e Caribenho (Parlatino), contou com a participa\u00e7\u00e3o de parlamentares de 22 pa\u00edses, organiza\u00e7\u00f5es internacionais e especialistas. Foram compartilhados desafios, li\u00e7\u00f5es e propostas para avan\u00e7ar na democracia inclusiva, justa, sustent\u00e1vel e parit\u00e1ria em toda a regi\u00e3o.<\/p>\n<p>PT na C\u00e2mara<\/p>\n<p>O post  apareceu primeiro em .<\/p>\n<!-- Begin Yuzo --><div class='yuzo_related_post style-1'  data-version='5.12.89'><!-- without result --><div class='yuzo_clearfixed yuzo__title yuzo__title'><h3>Related Post<\/h3><\/div>\n\t\t\t\t\t\t  <div class=\"relatedthumb \" style=\"width:125px;float:left;overflow:hidden;\">  \n\t\t\t\t\t\t\t  \n\t\t\t\t\t\t\t  <a  href=\"https:\/\/redept.com.br\/blogosfera\/um-em-cada-tres-negros-sofre-preconceito-no-comercio-72-sao-situacoes-sutis\/\"  >\n\t\t\t\t\t\t\t\t\t  <div class=\"yuzo-img-wrap \" style=\"width: 125px;height:90px;\">\n\t\t\t\t\t\t\t\t\t\t\n\t\t\t\t\t\t\t\t\t\t<div class=\"yuzo-img\" style=\"background:url('https:\/\/redept.com.br\/blogosfera\/wp-content\/uploads\/2025\/11\/racismo_Tania-Rego_Agencia-Brasil-150x150.jpg') 50% 50% no-repeat;width: 125px;height:90px;margin-bottom: 5px;background-size: cover; \"><\/div>\n\t\t\t\t\t\t\t\t\t  <\/div>\n\t\t\t\t\t\t\t\t\t  \n\t\t\t\t\t\t\t\t   <span class=\"yuzo__text--title\" style=\"font-size:13px;\">Um em cada tr\u00eas negros sofre preconceito no com\u00e9rc...<\/span>\n\t\t\t\t\t\t\t  \n\t\t\t\t\t\t\t  \n\t\t\t\t\t\t\t  <\/a>\n\n\t\t\t\t\t\t  <\/div>\n\t\t\t\t\t\t  <div class=\"relatedthumb \" style=\"width:125px;float:left;overflow:hidden;\">  \n\t\t\t\t\t\t\t  \n\t\t\t\t\t\t\t  <a  href=\"https:\/\/redept.com.br\/blogosfera\/que-seja-eleito-o-papa-que-a-igreja-e-a-humanidade-precisam-saiba-como-foi-a-missa-que-iniciou-o-conclave\/\"  >\n\t\t\t\t\t\t\t\t\t  <div class=\"yuzo-img-wrap \" style=\"width: 125px;height:90px;\">\n\t\t\t\t\t\t\t\t\t\t\n\t\t\t\t\t\t\t\t\t\t<div class=\"yuzo-img\" style=\"background:url('https:\/\/redept.com.br\/blogosfera\/wp-content\/uploads\/2025\/05\/cq5damthumbnailcropped750422-2-150x150.jpeg') 50% 50% no-repeat;width: 125px;height:90px;margin-bottom: 5px;background-size: cover; \"><\/div>\n\t\t\t\t\t\t\t\t\t  <\/div>\n\t\t\t\t\t\t\t\t\t  \n\t\t\t\t\t\t\t\t   <span class=\"yuzo__text--title\" style=\"font-size:13px;\">\u201cQue seja eleito o Papa que a Igreja e a humanidad...<\/span>\n\t\t\t\t\t\t\t  \n\t\t\t\t\t\t\t  \n\t\t\t\t\t\t\t  <\/a>\n\n\t\t\t\t\t\t  <\/div>\n\t\t\t\t\t\t  <div class=\"relatedthumb \" style=\"width:125px;float:left;overflow:hidden;\">  \n\t\t\t\t\t\t\t  \n\t\t\t\t\t\t\t  <a  href=\"https:\/\/redept.com.br\/blogosfera\/ao-negar-uso-de-bases-sanchez-assume-papel-de-contraponto-a-trump-na-europa-avalia-especialista\/\"  >\n\t\t\t\t\t\t\t\t\t  <div class=\"yuzo-img-wrap \" style=\"width: 125px;height:90px;\">\n\t\t\t\t\t\t\t\t\t\t\n\t\t\t\t\t\t\t\t\t\t<div class=\"yuzo-img\" style=\"background:url('https:\/\/redept.org\/blogosfera\/wp-content\/plugins\/yuzo-related-post\/assets\/images\/default.png') 50% 50% no-repeat;width: 125px;height:90px;margin-bottom: 5px;background-size: cover; \"><\/div>\n\t\t\t\t\t\t\t\t\t  <\/div>\n\t\t\t\t\t\t\t\t\t  \n\t\t\t\t\t\t\t\t   <span class=\"yuzo__text--title\" style=\"font-size:13px;\">\u2018Ao negar uso de bases, S\u00e1nchez assume papel de co...<\/span>\n\t\t\t\t\t\t\t  \n\t\t\t\t\t\t\t  \n\t\t\t\t\t\t\t  <\/a>\n\n\t\t\t\t\t\t  <\/div>\n\t\t\t\t\t\t  <div class=\"relatedthumb \" style=\"width:125px;float:left;overflow:hidden;\">  \n\t\t\t\t\t\t\t  \n\t\t\t\t\t\t\t  <a  href=\"https:\/\/redept.com.br\/blogosfera\/do-lar-a-plataforma-a-continuidade-da-violencia-contra-mulheres-no-setor-petroleiro\/\"  >\n\t\t\t\t\t\t\t\t\t  <div class=\"yuzo-img-wrap \" style=\"width: 125px;height:90px;\">\n\t\t\t\t\t\t\t\t\t\t\n\t\t\t\t\t\t\t\t\t\t<div class=\"yuzo-img\" style=\"background:url('https:\/\/redept.org\/blogosfera\/wp-content\/plugins\/yuzo-related-post\/assets\/images\/default.png') 50% 50% no-repeat;width: 125px;height:90px;margin-bottom: 5px;background-size: cover; \"><\/div>\n\t\t\t\t\t\t\t\t\t  <\/div>\n\t\t\t\t\t\t\t\t\t  \n\t\t\t\t\t\t\t\t   <span class=\"yuzo__text--title\" style=\"font-size:13px;\">Do lar \u00e0 plataforma: a continuidade da viol\u00eancia c...<\/span>\n\t\t\t\t\t\t\t  \n\t\t\t\t\t\t\t  \n\t\t\t\t\t\t\t  <\/a>\n\n\t\t\t\t\t\t  <\/div>\n<\/div> <script>\n\t\t\t\t\t\t  jQuery(document).ready(function( $ ){\n\t\t\t\t\t\t\t\/\/jQuery('.yuzo_related_post').equalizer({ overflow : 'relatedthumb' });\n\t\t\t\t\t\t\tjQuery('.yuzo_related_post .yuzo_wraps').equalizer({ columns : '> div' });\n\t\t\t\t\t\t   })\n\t\t\t\t\t\t  <\/script> <!-- End Yuzo :) -->","protected":false},"excerpt":{"rendered":"<p>RETROSPECTIVA 2024 Em 2024, a Secretaria da Mulher da C\u00e2mara dos Deputados realizou in\u00fameras a\u00e7\u00f5es que v\u00e3o da consolida\u00e7\u00e3o do di\u00e1logo do Legislativo com o Executivo, debates e aprova\u00e7\u00e3o de projetos de lei, semin\u00e1rio sobre igualdade e poder e debate sobre o financiamento p\u00fablico de campanha para as mulheres. A deputada Benedita da Silva (PT-RJ), [&hellip;]<\/p>\n","protected":false},"author":1,"featured_media":0,"comment_status":"open","ping_status":"closed","sticky":false,"template":"","format":"standard","meta":{"fifu_image_url":"","fifu_image_alt":"","footnotes":""},"categories":[1],"tags":[],"class_list":["post-8439","post","type-post","status-publish","format-standard","hentry","category-uncategorized"],"_links":{"self":[{"href":"https:\/\/redept.com.br\/blogosfera\/wp-json\/wp\/v2\/posts\/8439","targetHints":{"allow":["GET"]}}],"collection":[{"href":"https:\/\/redept.com.br\/blogosfera\/wp-json\/wp\/v2\/posts"}],"about":[{"href":"https:\/\/redept.com.br\/blogosfera\/wp-json\/wp\/v2\/types\/post"}],"author":[{"embeddable":true,"href":"https:\/\/redept.com.br\/blogosfera\/wp-json\/wp\/v2\/users\/1"}],"replies":[{"embeddable":true,"href":"https:\/\/redept.com.br\/blogosfera\/wp-json\/wp\/v2\/comments?post=8439"}],"version-history":[{"count":0,"href":"https:\/\/redept.com.br\/blogosfera\/wp-json\/wp\/v2\/posts\/8439\/revisions"}],"wp:attachment":[{"href":"https:\/\/redept.com.br\/blogosfera\/wp-json\/wp\/v2\/media?parent=8439"}],"wp:term":[{"taxonomy":"category","embeddable":true,"href":"https:\/\/redept.com.br\/blogosfera\/wp-json\/wp\/v2\/categories?post=8439"},{"taxonomy":"post_tag","embeddable":true,"href":"https:\/\/redept.com.br\/blogosfera\/wp-json\/wp\/v2\/tags?post=8439"}],"curies":[{"name":"wp","href":"https:\/\/api.w.org\/{rel}","templated":true}]}}