{"id":8440,"date":"2024-12-14T18:19:48","date_gmt":"2024-12-14T21:19:48","guid":{"rendered":"https:\/\/redept.org\/blogosfera\/arlindo-chinaglia-futuro-presidente-do-parlasul-defende-integracao-das-cadeias-produtivas-do-mercosul-para-fortalecer-o-bloco\/"},"modified":"2024-12-14T18:19:48","modified_gmt":"2024-12-14T21:19:48","slug":"arlindo-chinaglia-futuro-presidente-do-parlasul-defende-integracao-das-cadeias-produtivas-do-mercosul-para-fortalecer-o-bloco","status":"publish","type":"post","link":"https:\/\/redept.com.br\/blogosfera\/arlindo-chinaglia-futuro-presidente-do-parlasul-defende-integracao-das-cadeias-produtivas-do-mercosul-para-fortalecer-o-bloco\/","title":{"rendered":"Arlindo Chinaglia, futuro presidente do Parlasul, defende integra\u00e7\u00e3o das cadeias produtivas do Mercosul para fortalecer o bloco"},"content":{"rendered":"<p>A partir de janeiro de 2025, o deputado federal<strong> Arlindo Chinaglia (PT-SP)<\/strong> assume a presid\u00eancia do Parlamento do Mercosul (Parlasul), o \u00f3rg\u00e3o legislativo dos pa\u00edses que comp\u00f5em o Mercado Comum do Sul, o Mercosul. Em entrevista ao programa Jornal PT Brasil, exibido pela TvPT, o parlamentar petista falou sobre os desafios que dever\u00e3o ser enfrentados na condu\u00e7\u00e3o do Mercosul a partir do pr\u00f3ximo ano,\u00a0 quando devem ser priorizados os acordos comerciais, principalmente o do bloco do Cone Sul com a Uni\u00e3o Europeia.<\/p>\n<p>\u201cPrimeiro a gente precisa consolidar a nossa reflex\u00e3o como bloco, porque obviamente n\u00f3s estamos habituados a defender os nossos pa\u00edses. No princ\u00edpio, essa ideia de bloco tinha muitas resist\u00eancias e ainda tem\u201d, assinalou Chinaglia.<\/p>\n<p><strong>Assista \u00e0 \u00edntegra do programa Jornal PT Brasil, com a entrevista de Arlindo Chinaglia (PT-SP), exibida pela TvPT\u00a0<\/strong><\/p>\n<\/p>\n<p>\u00a0<\/p>\n<h4><strong>PIB do Mercosul e da UE\u00a0<\/strong><\/h4>\n<p>Durante\u00a0 sua entrevista, Chinaglia destacou a import\u00e2ncia dos dados econ\u00f4micos dos cinco pa\u00edses do Mercosul e os da Uni\u00e3o Europeia. Lembrou que, \u00a0juntos, o Produto Interno Bruto (soma de todos bens e servi\u00e7os ) \u00e9 de 23 trilh\u00f5es de d\u00f3lares (cerca de 138 trilh\u00f5es de reais), \u00a0envolvendo uma popula\u00e7\u00e3o de 700 milh\u00f5es de habitantes.<\/p>\n<p>Arlindo Chinaglia informou que o Parlasul acompanhou de perto as negocia\u00e7\u00f5es com os europeus. \u00a0\u201cEu propus uma comiss\u00e3o tempor\u00e1ria de acompanhamento desse acordo, n\u00f3s fomos para a B\u00e9lgica e fizemos mais de 15 reuni\u00f5es em apenas tr\u00eas dias l\u00e1. Portanto, n\u00f3s acabamos contribuindo para o sucesso do acordo, pois os parlamentares europeus, obviamente, defendem o lado deles, e n\u00f3s o nosso. Ent\u00e3o foi um debate com enfrentamento de ideias e de dados importantes para que a negocia\u00e7\u00e3o ocorresse\u201d, afirmou.<\/p>\n<h4><strong>Peso econ\u00f4mico do Brasil<\/strong><\/h4>\n<p>Chinaglia comentou tamb\u00e9m que al\u00e9m da necessidade de se pensar como bloco com seus parceiros do Mercosul, o Brasil deve priorizar seus setores estrat\u00e9gicos.<\/p>\n<p>\u201cN\u00f3s temos que priorizar os setores estrat\u00e9gicos, como o agroalimentar e o \u00a0automotivo, os recursos naturais que n\u00f3s temos e, muito, as novas tecnologias. Temos que fortalecer a nossa competitividade regional\u201d, disse.<\/p>\n<p>Segundo ele, o \u00a0Brasil depende de novas tecnologias e tem que entrar numa outra fase para n\u00e3o ficar exportando apenas commodities, min\u00e9rios e assim por diante. \u201cVejam, n\u00f3s temos que criar oportunidades para empregos qualificados. Como que n\u00f3s vamos fazer isso? \u00c9 f\u00e1cil falar, mas \u00e9 muito dif\u00edcil fazer. Ent\u00e3o, tem uma proposta que n\u00f3s queremos implementar, conversar com os governos, que \u00e9 a integra\u00e7\u00e3o de cadeias produtivas entre os pa\u00edses do bloco\u201d, explicou ele.<\/p>\n<p>Al\u00e9m do acordo entre o Mercosul e os pa\u00edses da Uni\u00e3o Europeia, o parlamentar do PT tamb\u00e9m disse que existem outros acordos comerciais muito importantes que v\u00e3o requerer uma aten\u00e7\u00e3o especial do Parlasul durante a sua gest\u00e3o.<\/p>\n<p>O Parlasul foi constitu\u00eddo em \u00a02006 e \u00e9 integrado por 158 parlamentares e tem sede em \u00a0Montevideo, capital do Uruguai. O grupo \u00e9 composto por 37 parlamentares brasileiros, 26 parlamentares argentinos, 18 uruguaios, 18 paraguaios e \u00a013 bolivianos.<\/p>\n<p><strong>Leia mais:\u00a0<\/strong><\/p>\n<p><a href=\"https:\/\/pt.org.br\/governo-lula-divulga-integra-do-acordo-entre-mercosul-e-uniao-europeia\/\">Governo Lula divulga \u00edntegra do acordo entre Mercosul e Uni\u00e3o Europeia<\/a><\/p>\n<p><a href=\"https:\/\/pt.org.br\/arlindo-chinaglia-e-eleito-presidente-do-parlamento-do-mercosul\/\">Arlindo Chinaglia \u00e9 eleito presidente do Parlamento do Mercosul<\/a><\/p>\n<p>\u00a0<\/p>\n<p><strong>Reda\u00e7\u00e3o PT na C\u00e2mara com PT nacional<\/strong><\/p>\n<p>\u00a0<\/p>\n<p>O post  apareceu primeiro em .<\/p>\n<!-- Begin Yuzo --><div class='yuzo_related_post style-1'  data-version='5.12.89'><!-- without result --><div class='yuzo_clearfixed yuzo__title yuzo__title'><h3>Related Post<\/h3><\/div>\n\t\t\t\t\t\t  <div class=\"relatedthumb \" style=\"width:125px;float:left;overflow:hidden;\">  \n\t\t\t\t\t\t\t  \n\t\t\t\t\t\t\t  <a  href=\"https:\/\/redept.com.br\/blogosfera\/camara-do-recife-realiza-audiencia-publica-nesta-quarta-7-para-avancar-na-regulamentacao-da-cannabis-medicinal\/\"  >\n\t\t\t\t\t\t\t\t\t  <div class=\"yuzo-img-wrap \" style=\"width: 125px;height:90px;\">\n\t\t\t\t\t\t\t\t\t\t\n\t\t\t\t\t\t\t\t\t\t<div class=\"yuzo-img\" style=\"background:url('https:\/\/redept.org\/blogosfera\/wp-content\/plugins\/yuzo-related-post\/assets\/images\/default.png') 50% 50% no-repeat;width: 125px;height:90px;margin-bottom: 5px;background-size: cover; \"><\/div>\n\t\t\t\t\t\t\t\t\t  <\/div>\n\t\t\t\t\t\t\t\t\t  \n\t\t\t\t\t\t\t\t   <span class=\"yuzo__text--title\" style=\"font-size:13px;\">C\u00e2mara do Recife realiza audi\u00eancia p\u00fablica nesta q...<\/span>\n\t\t\t\t\t\t\t  \n\t\t\t\t\t\t\t  \n\t\t\t\t\t\t\t  <\/a>\n\n\t\t\t\t\t\t  <\/div>\n\t\t\t\t\t\t  <div class=\"relatedthumb \" style=\"width:125px;float:left;overflow:hidden;\">  \n\t\t\t\t\t\t\t  \n\t\t\t\t\t\t\t  <a  href=\"https:\/\/redept.com.br\/blogosfera\/memorias-apagadas-governo-de-sao-paulo-vende-carcere-politico-usado-na-ditadura-militar\/\"  >\n\t\t\t\t\t\t\t\t\t  <div class=\"yuzo-img-wrap \" style=\"width: 125px;height:90px;\">\n\t\t\t\t\t\t\t\t\t\t\n\t\t\t\t\t\t\t\t\t\t<div class=\"yuzo-img\" style=\"background:url('https:\/\/redept.org\/blogosfera\/wp-content\/plugins\/yuzo-related-post\/assets\/images\/default.png') 50% 50% no-repeat;width: 125px;height:90px;margin-bottom: 5px;background-size: cover; \"><\/div>\n\t\t\t\t\t\t\t\t\t  <\/div>\n\t\t\t\t\t\t\t\t\t  \n\t\t\t\t\t\t\t\t   <span class=\"yuzo__text--title\" style=\"font-size:13px;\">Mem\u00f3rias apagadas: governo de S\u00e3o Paulo vende c\u00e1rc...<\/span>\n\t\t\t\t\t\t\t  \n\t\t\t\t\t\t\t  \n\t\t\t\t\t\t\t  <\/a>\n\n\t\t\t\t\t\t  <\/div>\n\t\t\t\t\t\t  <div class=\"relatedthumb \" style=\"width:125px;float:left;overflow:hidden;\">  \n\t\t\t\t\t\t\t  \n\t\t\t\t\t\t\t  <a  href=\"https:\/\/redept.com.br\/blogosfera\/lula-visita-fabrica-de-medicamentos-em-suape-e-reforca-soberania-do-sus\/\"  >\n\t\t\t\t\t\t\t\t\t  <div class=\"yuzo-img-wrap \" style=\"width: 125px;height:90px;\">\n\t\t\t\t\t\t\t\t\t\t\n\t\t\t\t\t\t\t\t\t\t<div class=\"yuzo-img\" style=\"background:url('https:\/\/redept.com.br\/blogosfera\/wp-content\/uploads\/2026\/02\/Captura-de-Tela-2026-02-13-as-175524-150x150.png') 50% 50% no-repeat;width: 125px;height:90px;margin-bottom: 5px;background-size: cover; \"><\/div>\n\t\t\t\t\t\t\t\t\t  <\/div>\n\t\t\t\t\t\t\t\t\t  \n\t\t\t\t\t\t\t\t   <span class=\"yuzo__text--title\" style=\"font-size:13px;\">Lula visita f\u00e1brica de medicamentos em Suape e ref...<\/span>\n\t\t\t\t\t\t\t  \n\t\t\t\t\t\t\t  \n\t\t\t\t\t\t\t  <\/a>\n\n\t\t\t\t\t\t  <\/div>\n\t\t\t\t\t\t  <div class=\"relatedthumb \" style=\"width:125px;float:left;overflow:hidden;\">  \n\t\t\t\t\t\t\t  \n\t\t\t\t\t\t\t  <a  href=\"https:\/\/redept.com.br\/blogosfera\/faz-o-l-gasolina-fica-49-mais-barata-a-partir-desta-terca\/\"  >\n\t\t\t\t\t\t\t\t\t  <div class=\"yuzo-img-wrap \" style=\"width: 125px;height:90px;\">\n\t\t\t\t\t\t\t\t\t\t\n\t\t\t\t\t\t\t\t\t\t<div class=\"yuzo-img\" style=\"background:url('https:\/\/redept.org\/blogosfera\/wp-content\/plugins\/yuzo-related-post\/assets\/images\/default.png') 50% 50% no-repeat;width: 125px;height:90px;margin-bottom: 5px;background-size: cover; \"><\/div>\n\t\t\t\t\t\t\t\t\t  <\/div>\n\t\t\t\t\t\t\t\t\t  \n\t\t\t\t\t\t\t\t   <span class=\"yuzo__text--title\" style=\"font-size:13px;\">Faz o \u2018L\u2019: gasolina fica 4,9% mais barata a partir...<\/span>\n\t\t\t\t\t\t\t  \n\t\t\t\t\t\t\t  \n\t\t\t\t\t\t\t  <\/a>\n\n\t\t\t\t\t\t  <\/div>\n<\/div> <script>\n\t\t\t\t\t\t  jQuery(document).ready(function( $ ){\n\t\t\t\t\t\t\t\/\/jQuery('.yuzo_related_post').equalizer({ overflow : 'relatedthumb' });\n\t\t\t\t\t\t\tjQuery('.yuzo_related_post .yuzo_wraps').equalizer({ columns : '> div' });\n\t\t\t\t\t\t   })\n\t\t\t\t\t\t  <\/script> <!-- End Yuzo :) -->","protected":false},"excerpt":{"rendered":"<p>A partir de janeiro de 2025, o deputado federal Arlindo Chinaglia (PT-SP) assume a presid\u00eancia do Parlamento do Mercosul (Parlasul), o \u00f3rg\u00e3o legislativo dos pa\u00edses que comp\u00f5em o Mercado Comum do Sul, o Mercosul. Em entrevista ao programa Jornal PT Brasil, exibido pela TvPT, o parlamentar petista falou sobre os desafios que dever\u00e3o ser enfrentados [&hellip;]<\/p>\n","protected":false},"author":1,"featured_media":0,"comment_status":"open","ping_status":"closed","sticky":false,"template":"","format":"standard","meta":{"fifu_image_url":"","fifu_image_alt":"","footnotes":""},"categories":[1],"tags":[],"class_list":["post-8440","post","type-post","status-publish","format-standard","hentry","category-uncategorized"],"_links":{"self":[{"href":"https:\/\/redept.com.br\/blogosfera\/wp-json\/wp\/v2\/posts\/8440","targetHints":{"allow":["GET"]}}],"collection":[{"href":"https:\/\/redept.com.br\/blogosfera\/wp-json\/wp\/v2\/posts"}],"about":[{"href":"https:\/\/redept.com.br\/blogosfera\/wp-json\/wp\/v2\/types\/post"}],"author":[{"embeddable":true,"href":"https:\/\/redept.com.br\/blogosfera\/wp-json\/wp\/v2\/users\/1"}],"replies":[{"embeddable":true,"href":"https:\/\/redept.com.br\/blogosfera\/wp-json\/wp\/v2\/comments?post=8440"}],"version-history":[{"count":0,"href":"https:\/\/redept.com.br\/blogosfera\/wp-json\/wp\/v2\/posts\/8440\/revisions"}],"wp:attachment":[{"href":"https:\/\/redept.com.br\/blogosfera\/wp-json\/wp\/v2\/media?parent=8440"}],"wp:term":[{"taxonomy":"category","embeddable":true,"href":"https:\/\/redept.com.br\/blogosfera\/wp-json\/wp\/v2\/categories?post=8440"},{"taxonomy":"post_tag","embeddable":true,"href":"https:\/\/redept.com.br\/blogosfera\/wp-json\/wp\/v2\/tags?post=8440"}],"curies":[{"name":"wp","href":"https:\/\/api.w.org\/{rel}","templated":true}]}}