{"id":84420,"date":"2026-04-23T17:18:19","date_gmt":"2026-04-23T20:18:19","guid":{"rendered":"https:\/\/redept.com.br\/blogosfera\/plataforma-de-dados-fundiarios-do-brasil-pode-auxiliar-na-protecao-de-territorios-de-povos-tradicionais\/"},"modified":"2026-04-23T17:18:19","modified_gmt":"2026-04-23T20:18:19","slug":"plataforma-de-dados-fundiarios-do-brasil-pode-auxiliar-na-protecao-de-territorios-de-povos-tradicionais","status":"publish","type":"post","link":"https:\/\/redept.com.br\/blogosfera\/plataforma-de-dados-fundiarios-do-brasil-pode-auxiliar-na-protecao-de-territorios-de-povos-tradicionais\/","title":{"rendered":"Plataforma de dados fundi\u00e1rios do Brasil pode auxiliar na prote\u00e7\u00e3o de territ\u00f3rios de povos tradicionais"},"content":{"rendered":"<p>Coordenador do Observat\u00f3rio das Pol\u00edticas de Governan\u00e7a de Terras explica que cruzamento de dados \u00e9 um avan\u00e7o<\/p>\n<p><a href=\"https:\/\/www.brasildefato.com.br\/2026\/04\/23\/plataforma-de-dados-fundiarios-do-brasil-pode-auxiliar-na-protecao-de-territorios-de-povos-tradicionais\/\" rel=\"nofollow\">Fonte<\/a><\/p>\n<!-- Begin Yuzo --><div class='yuzo_related_post style-1'  data-version='5.12.89'><!-- without result --><div class='yuzo_clearfixed yuzo__title yuzo__title'><h3>Related Post<\/h3><\/div>\n\t\t\t\t\t\t  <div class=\"relatedthumb \" style=\"width:125px;float:left;overflow:hidden;\">  \n\t\t\t\t\t\t\t  \n\t\t\t\t\t\t\t  <a  href=\"https:\/\/redept.com.br\/blogosfera\/presa-irma-de-ricardo-nunes-que-estava-foragida-por-desacato-embriaguez-ao-volante-lesao-corporal-e-agressao-ao-filho\/\"  >\n\t\t\t\t\t\t\t\t\t  <div class=\"yuzo-img-wrap \" style=\"width: 125px;height:90px;\">\n\t\t\t\t\t\t\t\t\t\t\n\t\t\t\t\t\t\t\t\t\t<div class=\"yuzo-img\" style=\"background:url('https:\/\/redept.org\/blogosfera\/wp-content\/plugins\/yuzo-related-post\/assets\/images\/default.png') 50% 50% no-repeat;width: 125px;height:90px;margin-bottom: 5px;background-size: cover; \"><\/div>\n\t\t\t\t\t\t\t\t\t  <\/div>\n\t\t\t\t\t\t\t\t\t  \n\t\t\t\t\t\t\t\t   <span class=\"yuzo__text--title\" style=\"font-size:13px;\">Presa irm\u00e3 de Ricardo Nunes que estava foragida po...<\/span>\n\t\t\t\t\t\t\t  \n\t\t\t\t\t\t\t  \n\t\t\t\t\t\t\t  <\/a>\n\n\t\t\t\t\t\t  <\/div>\n\t\t\t\t\t\t  <div class=\"relatedthumb \" style=\"width:125px;float:left;overflow:hidden;\">  \n\t\t\t\t\t\t\t  \n\t\t\t\t\t\t\t  <a  href=\"https:\/\/redept.com.br\/blogosfera\/governo-lanca-site-da-conferencia-dos-direitos-das-pessoas-lgbtqia\/\"  >\n\t\t\t\t\t\t\t\t\t  <div class=\"yuzo-img-wrap \" style=\"width: 125px;height:90px;\">\n\t\t\t\t\t\t\t\t\t\t\n\t\t\t\t\t\t\t\t\t\t<div class=\"yuzo-img\" style=\"background:url('https:\/\/redept.org\/blogosfera\/wp-content\/plugins\/yuzo-related-post\/assets\/images\/default.png') 50% 50% no-repeat;width: 125px;height:90px;margin-bottom: 5px;background-size: cover; \"><\/div>\n\t\t\t\t\t\t\t\t\t  <\/div>\n\t\t\t\t\t\t\t\t\t  \n\t\t\t\t\t\t\t\t   <span class=\"yuzo__text--title\" style=\"font-size:13px;\">Governo lan\u00e7a site da confer\u00eancia dos direitos das...<\/span>\n\t\t\t\t\t\t\t  \n\t\t\t\t\t\t\t  \n\t\t\t\t\t\t\t  <\/a>\n\n\t\t\t\t\t\t  <\/div>\n\t\t\t\t\t\t  <div class=\"relatedthumb \" style=\"width:125px;float:left;overflow:hidden;\">  \n\t\t\t\t\t\t\t  \n\t\t\t\t\t\t\t  <a  href=\"https:\/\/redept.com.br\/blogosfera\/cid-diz-que-entregou-dinheiro-em-sacola-a-pedido-de-braga-netto\/\"  >\n\t\t\t\t\t\t\t\t\t  <div class=\"yuzo-img-wrap \" style=\"width: 125px;height:90px;\">\n\t\t\t\t\t\t\t\t\t\t\n\t\t\t\t\t\t\t\t\t\t<div class=\"yuzo-img\" style=\"background:url('https:\/\/redept.org\/blogosfera\/wp-content\/plugins\/yuzo-related-post\/assets\/images\/default.png') 50% 50% no-repeat;width: 125px;height:90px;margin-bottom: 5px;background-size: cover; \"><\/div>\n\t\t\t\t\t\t\t\t\t  <\/div>\n\t\t\t\t\t\t\t\t\t  \n\t\t\t\t\t\t\t\t   <span class=\"yuzo__text--title\" style=\"font-size:13px;\">Cid diz que entregou dinheiro em sacola a pedido d...<\/span>\n\t\t\t\t\t\t\t  \n\t\t\t\t\t\t\t  \n\t\t\t\t\t\t\t  <\/a>\n\n\t\t\t\t\t\t  <\/div>\n\t\t\t\t\t\t  <div class=\"relatedthumb \" style=\"width:125px;float:left;overflow:hidden;\">  \n\t\t\t\t\t\t\t  \n\t\t\t\t\t\t\t  <a  href=\"https:\/\/redept.com.br\/blogosfera\/virada-cultural-festival-tera-mais-de-mil-apresentacoes-em-toda-sao-paulo-veja-programacao-completa\/\"  >\n\t\t\t\t\t\t\t\t\t  <div class=\"yuzo-img-wrap \" style=\"width: 125px;height:90px;\">\n\t\t\t\t\t\t\t\t\t\t\n\t\t\t\t\t\t\t\t\t\t<div class=\"yuzo-img\" style=\"background:url('https:\/\/redept.com.br\/blogosfera\/wp-content\/uploads\/2025\/05\/Virada-Cultural-confirma-Luisa-Sonza-Joao-Gomes-MC-Hariel-e-mais-oito-atracoes-por-toda-SP-150x150.jpg') 50% 50% no-repeat;width: 125px;height:90px;margin-bottom: 5px;background-size: cover; \"><\/div>\n\t\t\t\t\t\t\t\t\t  <\/div>\n\t\t\t\t\t\t\t\t\t  \n\t\t\t\t\t\t\t\t   <span class=\"yuzo__text--title\" style=\"font-size:13px;\">Virada Cultural: festival ter\u00e1 mais de mil apresen...<\/span>\n\t\t\t\t\t\t\t  \n\t\t\t\t\t\t\t  \n\t\t\t\t\t\t\t  <\/a>\n\n\t\t\t\t\t\t  <\/div>\n<\/div> <script>\n\t\t\t\t\t\t  jQuery(document).ready(function( $ ){\n\t\t\t\t\t\t\t\/\/jQuery('.yuzo_related_post').equalizer({ overflow : 'relatedthumb' });\n\t\t\t\t\t\t\tjQuery('.yuzo_related_post .yuzo_wraps').equalizer({ columns : '> div' });\n\t\t\t\t\t\t   })\n\t\t\t\t\t\t  <\/script> <!-- End Yuzo :) -->","protected":false},"excerpt":{"rendered":"<p>Coordenador do Observat\u00f3rio das Pol\u00edticas de Governan\u00e7a de Terras explica que cruzamento de dados \u00e9 um avan\u00e7o Fonte Related Post Justi\u00e7a da Rom\u00eania cancela resultado do 1\u00ba turno d&#8230; Jornal paranaense joga eleitores contra o STF e de&#8230; \u2018Venezuela \u00e9 esperan\u00e7a e n\u00e3o amea\u00e7a\u2019, afirma Yhonn&#8230; Israel anuncia \u2018pausa t\u00e1tica\u2019 e mata 53 palestinos&#8230;<\/p>\n","protected":false},"author":2,"featured_media":0,"comment_status":"open","ping_status":"closed","sticky":false,"template":"","format":"standard","meta":{"fifu_image_url":"","fifu_image_alt":"","footnotes":""},"categories":[3670,724,50088,6773,50089,50090,8266,4813,3729,50091,14614,50092,7218,4126,46511,50093,50094,50095,50096,50097,214,19421,50098,4704,2385,30934,50099,33105,50100,50101],"tags":[],"class_list":["post-84420","post","type-post","status-publish","format-standard","hentry","category-acesso-a-informacao","category-amazonia-legal","category-bases-de-dados-fragmentadas","category-brasil-de-fato","category-cadastro-ambiental-rural","category-cartografia-social","category-comunidades-tradicionais","category-conexao-bdf","category-conflitos-de-terra","category-dados-abertos","category-dados-publicos","category-dashboard-interativo","category-desenvolvimento-sustentavel","category-direitos","category-direitos-territoriais","category-governanca-de-terras","category-informacao-fundiaria","category-instituto-governanca-de-terras","category-observatorio-de-politicas-fundiarias","category-plataforma-de-dados-fundiarios","category-politicas-publicas","category-povos-tradicionais","category-protecao-de-territorios","category-radio-brasil-de-fato","category-regularizacao-fundiaria","category-territorios-quilombolas","category-transparencia-fundiaria","category-transparencia-governamental","category-vazios-de-informacao","category-vitor-bukvar"],"_links":{"self":[{"href":"https:\/\/redept.com.br\/blogosfera\/wp-json\/wp\/v2\/posts\/84420","targetHints":{"allow":["GET"]}}],"collection":[{"href":"https:\/\/redept.com.br\/blogosfera\/wp-json\/wp\/v2\/posts"}],"about":[{"href":"https:\/\/redept.com.br\/blogosfera\/wp-json\/wp\/v2\/types\/post"}],"author":[{"embeddable":true,"href":"https:\/\/redept.com.br\/blogosfera\/wp-json\/wp\/v2\/users\/2"}],"replies":[{"embeddable":true,"href":"https:\/\/redept.com.br\/blogosfera\/wp-json\/wp\/v2\/comments?post=84420"}],"version-history":[{"count":0,"href":"https:\/\/redept.com.br\/blogosfera\/wp-json\/wp\/v2\/posts\/84420\/revisions"}],"wp:attachment":[{"href":"https:\/\/redept.com.br\/blogosfera\/wp-json\/wp\/v2\/media?parent=84420"}],"wp:term":[{"taxonomy":"category","embeddable":true,"href":"https:\/\/redept.com.br\/blogosfera\/wp-json\/wp\/v2\/categories?post=84420"},{"taxonomy":"post_tag","embeddable":true,"href":"https:\/\/redept.com.br\/blogosfera\/wp-json\/wp\/v2\/tags?post=84420"}],"curies":[{"name":"wp","href":"https:\/\/api.w.org\/{rel}","templated":true}]}}