{"id":84420,"date":"2026-04-23T17:18:19","date_gmt":"2026-04-23T20:18:19","guid":{"rendered":"https:\/\/redept.com.br\/blogosfera\/plataforma-de-dados-fundiarios-do-brasil-pode-auxiliar-na-protecao-de-territorios-de-povos-tradicionais\/"},"modified":"2026-04-23T17:18:19","modified_gmt":"2026-04-23T20:18:19","slug":"plataforma-de-dados-fundiarios-do-brasil-pode-auxiliar-na-protecao-de-territorios-de-povos-tradicionais","status":"publish","type":"post","link":"https:\/\/redept.com.br\/blogosfera\/plataforma-de-dados-fundiarios-do-brasil-pode-auxiliar-na-protecao-de-territorios-de-povos-tradicionais\/","title":{"rendered":"Plataforma de dados fundi\u00e1rios do Brasil pode auxiliar na prote\u00e7\u00e3o de territ\u00f3rios de povos tradicionais"},"content":{"rendered":"<p>Coordenador do Observat\u00f3rio das Pol\u00edticas de Governan\u00e7a de Terras explica que cruzamento de dados \u00e9 um avan\u00e7o<\/p>\n<p><a href=\"https:\/\/www.brasildefato.com.br\/2026\/04\/23\/plataforma-de-dados-fundiarios-do-brasil-pode-auxiliar-na-protecao-de-territorios-de-povos-tradicionais\/\" rel=\"nofollow\">Fonte<\/a><\/p>\n<!-- Begin Yuzo --><div class='yuzo_related_post style-1'  data-version='5.12.89'><!-- without result --><div class='yuzo_clearfixed yuzo__title yuzo__title'><h3>Related Post<\/h3><\/div>\n\t\t\t\t\t\t  <div class=\"relatedthumb \" style=\"width:125px;float:left;overflow:hidden;\">  \n\t\t\t\t\t\t\t  \n\t\t\t\t\t\t\t  <a  href=\"https:\/\/redept.com.br\/blogosfera\/ministerio-das-mulheres-lanca-forum-nacional-pelo-protagonismo-e-mobilizacao-das-mulheres-idosas\/\"  >\n\t\t\t\t\t\t\t\t\t  <div class=\"yuzo-img-wrap \" style=\"width: 125px;height:90px;\">\n\t\t\t\t\t\t\t\t\t\t\n\t\t\t\t\t\t\t\t\t\t<div class=\"yuzo-img\" style=\"background:url('https:\/\/redept.org\/blogosfera\/wp-content\/plugins\/yuzo-related-post\/assets\/images\/default.png') 50% 50% no-repeat;width: 125px;height:90px;margin-bottom: 5px;background-size: cover; \"><\/div>\n\t\t\t\t\t\t\t\t\t  <\/div>\n\t\t\t\t\t\t\t\t\t  \n\t\t\t\t\t\t\t\t   <span class=\"yuzo__text--title\" style=\"font-size:13px;\">Minist\u00e9rio das Mulheres lan\u00e7a F\u00f3rum Nacional pelo ...<\/span>\n\t\t\t\t\t\t\t  \n\t\t\t\t\t\t\t  \n\t\t\t\t\t\t\t  <\/a>\n\n\t\t\t\t\t\t  <\/div>\n\t\t\t\t\t\t  <div class=\"relatedthumb \" style=\"width:125px;float:left;overflow:hidden;\">  \n\t\t\t\t\t\t\t  \n\t\t\t\t\t\t\t  <a  href=\"https:\/\/redept.com.br\/blogosfera\/alem-de-colorir-as-ruas-festival-olhe-pra-cima-abre-exposicao-no-macrs\/\"  >\n\t\t\t\t\t\t\t\t\t  <div class=\"yuzo-img-wrap \" style=\"width: 125px;height:90px;\">\n\t\t\t\t\t\t\t\t\t\t\n\t\t\t\t\t\t\t\t\t\t<div class=\"yuzo-img\" style=\"background:url('https:\/\/redept.org\/blogosfera\/wp-content\/plugins\/yuzo-related-post\/assets\/images\/default.png') 50% 50% no-repeat;width: 125px;height:90px;margin-bottom: 5px;background-size: cover; \"><\/div>\n\t\t\t\t\t\t\t\t\t  <\/div>\n\t\t\t\t\t\t\t\t\t  \n\t\t\t\t\t\t\t\t   <span class=\"yuzo__text--title\" style=\"font-size:13px;\">Al\u00e9m de colorir as ruas, Festival Olhe pra Cima ab...<\/span>\n\t\t\t\t\t\t\t  \n\t\t\t\t\t\t\t  \n\t\t\t\t\t\t\t  <\/a>\n\n\t\t\t\t\t\t  <\/div>\n\t\t\t\t\t\t  <div class=\"relatedthumb \" style=\"width:125px;float:left;overflow:hidden;\">  \n\t\t\t\t\t\t\t  \n\t\t\t\t\t\t\t  <a  href=\"https:\/\/redept.com.br\/blogosfera\/recife-recebe-tres-atos-em-defesa-da-soberania-nacional-a-partir-desta-terca-feira-29\/\"  >\n\t\t\t\t\t\t\t\t\t  <div class=\"yuzo-img-wrap \" style=\"width: 125px;height:90px;\">\n\t\t\t\t\t\t\t\t\t\t\n\t\t\t\t\t\t\t\t\t\t<div class=\"yuzo-img\" style=\"background:url('https:\/\/redept.org\/blogosfera\/wp-content\/plugins\/yuzo-related-post\/assets\/images\/default.png') 50% 50% no-repeat;width: 125px;height:90px;margin-bottom: 5px;background-size: cover; \"><\/div>\n\t\t\t\t\t\t\t\t\t  <\/div>\n\t\t\t\t\t\t\t\t\t  \n\t\t\t\t\t\t\t\t   <span class=\"yuzo__text--title\" style=\"font-size:13px;\">Recife recebe tr\u00eas atos em defesa da soberania nac...<\/span>\n\t\t\t\t\t\t\t  \n\t\t\t\t\t\t\t  \n\t\t\t\t\t\t\t  <\/a>\n\n\t\t\t\t\t\t  <\/div>\n\t\t\t\t\t\t  <div class=\"relatedthumb \" style=\"width:125px;float:left;overflow:hidden;\">  \n\t\t\t\t\t\t\t  \n\t\t\t\t\t\t\t  <a  href=\"https:\/\/redept.com.br\/blogosfera\/berta-loran-atriz-e-comediante-morre-aos-99\/\"  >\n\t\t\t\t\t\t\t\t\t  <div class=\"yuzo-img-wrap \" style=\"width: 125px;height:90px;\">\n\t\t\t\t\t\t\t\t\t\t\n\t\t\t\t\t\t\t\t\t\t<div class=\"yuzo-img\" style=\"background:url('https:\/\/redept.org\/blogosfera\/wp-content\/plugins\/yuzo-related-post\/assets\/images\/default.png') 50% 50% no-repeat;width: 125px;height:90px;margin-bottom: 5px;background-size: cover; \"><\/div>\n\t\t\t\t\t\t\t\t\t  <\/div>\n\t\t\t\t\t\t\t\t\t  \n\t\t\t\t\t\t\t\t   <span class=\"yuzo__text--title\" style=\"font-size:13px;\">Berta Loran, atriz e comediante, morre aos 99<\/span>\n\t\t\t\t\t\t\t  \n\t\t\t\t\t\t\t  \n\t\t\t\t\t\t\t  <\/a>\n\n\t\t\t\t\t\t  <\/div>\n<\/div> <script>\n\t\t\t\t\t\t  jQuery(document).ready(function( $ ){\n\t\t\t\t\t\t\t\/\/jQuery('.yuzo_related_post').equalizer({ overflow : 'relatedthumb' });\n\t\t\t\t\t\t\tjQuery('.yuzo_related_post .yuzo_wraps').equalizer({ columns : '> div' });\n\t\t\t\t\t\t   })\n\t\t\t\t\t\t  <\/script> <!-- End Yuzo :) -->","protected":false},"excerpt":{"rendered":"<p>Coordenador do Observat\u00f3rio das Pol\u00edticas de Governan\u00e7a de Terras explica que cruzamento de dados \u00e9 um avan\u00e7o Fonte Related Post MST ocupa \u00e1rea da Usina Sapucaia em Campos dos Goy&#8230; Haddad demonstra responsabilidade com futuro do pa&#8230; Livro traz mem\u00f3rias do per\u00edodo da pandemia em hist&#8230; Moraes abre inqu\u00e9rito para investigar Zambelli por&#8230;<\/p>\n","protected":false},"author":2,"featured_media":0,"comment_status":"open","ping_status":"closed","sticky":false,"template":"","format":"standard","meta":{"fifu_image_url":"","fifu_image_alt":"","footnotes":""},"categories":[3670,724,50088,6773,50089,50090,8266,4813,3729,50091,14614,50092,7218,4126,46511,50093,50094,50095,50096,50097,214,19421,50098,4704,2385,30934,50099,33105,50100,50101],"tags":[],"class_list":["post-84420","post","type-post","status-publish","format-standard","hentry","category-acesso-a-informacao","category-amazonia-legal","category-bases-de-dados-fragmentadas","category-brasil-de-fato","category-cadastro-ambiental-rural","category-cartografia-social","category-comunidades-tradicionais","category-conexao-bdf","category-conflitos-de-terra","category-dados-abertos","category-dados-publicos","category-dashboard-interativo","category-desenvolvimento-sustentavel","category-direitos","category-direitos-territoriais","category-governanca-de-terras","category-informacao-fundiaria","category-instituto-governanca-de-terras","category-observatorio-de-politicas-fundiarias","category-plataforma-de-dados-fundiarios","category-politicas-publicas","category-povos-tradicionais","category-protecao-de-territorios","category-radio-brasil-de-fato","category-regularizacao-fundiaria","category-territorios-quilombolas","category-transparencia-fundiaria","category-transparencia-governamental","category-vazios-de-informacao","category-vitor-bukvar"],"_links":{"self":[{"href":"https:\/\/redept.com.br\/blogosfera\/wp-json\/wp\/v2\/posts\/84420","targetHints":{"allow":["GET"]}}],"collection":[{"href":"https:\/\/redept.com.br\/blogosfera\/wp-json\/wp\/v2\/posts"}],"about":[{"href":"https:\/\/redept.com.br\/blogosfera\/wp-json\/wp\/v2\/types\/post"}],"author":[{"embeddable":true,"href":"https:\/\/redept.com.br\/blogosfera\/wp-json\/wp\/v2\/users\/2"}],"replies":[{"embeddable":true,"href":"https:\/\/redept.com.br\/blogosfera\/wp-json\/wp\/v2\/comments?post=84420"}],"version-history":[{"count":0,"href":"https:\/\/redept.com.br\/blogosfera\/wp-json\/wp\/v2\/posts\/84420\/revisions"}],"wp:attachment":[{"href":"https:\/\/redept.com.br\/blogosfera\/wp-json\/wp\/v2\/media?parent=84420"}],"wp:term":[{"taxonomy":"category","embeddable":true,"href":"https:\/\/redept.com.br\/blogosfera\/wp-json\/wp\/v2\/categories?post=84420"},{"taxonomy":"post_tag","embeddable":true,"href":"https:\/\/redept.com.br\/blogosfera\/wp-json\/wp\/v2\/tags?post=84420"}],"curies":[{"name":"wp","href":"https:\/\/api.w.org\/{rel}","templated":true}]}}