{"id":84536,"date":"2026-04-24T09:49:43","date_gmt":"2026-04-24T12:49:43","guid":{"rendered":"https:\/\/redept.com.br\/blogosfera\/fortalecer-a-democracia-o-esperancar-e-o-bem-viver\/"},"modified":"2026-04-24T09:49:43","modified_gmt":"2026-04-24T12:49:43","slug":"fortalecer-a-democracia-o-esperancar-e-o-bem-viver","status":"publish","type":"post","link":"https:\/\/redept.com.br\/blogosfera\/fortalecer-a-democracia-o-esperancar-e-o-bem-viver\/","title":{"rendered":"Fortalecer a Democracia, o Esperan\u00e7ar e o Bem Viver"},"content":{"rendered":"<p>O 13\u00ba Encontro nacional do Movimento nacional F\u00e9 e Politica ser\u00e1 de 24 a 26 de abril em S\u00e3o Bernardo do Campo, ABC, SP, com o tema FORTALECER A DEMOCRACIA, O ESPERAN\u00c7AR E O BEM VIVER. O Movimento F\u00e9 e Pol\u00edtica foi oficialmente criado em junho de 1989 por um conjunto de companheiras e companheiros [\u2026]<\/p>\n<p><a href=\"https:\/\/www.brasildefato.com.br\/colunista\/selvino-heck\/2026\/04\/24\/fortalecer-a-democracia-o-esperancar-e-o-bem-viver\/\" rel=\"nofollow\">Fonte<\/a><\/p>\n<!-- Begin Yuzo --><div class='yuzo_related_post style-1'  data-version='5.12.89'><!-- without result --><div class='yuzo_clearfixed yuzo__title yuzo__title'><h3>Related Post<\/h3><\/div>\n\t\t\t\t\t\t  <div class=\"relatedthumb \" style=\"width:125px;float:left;overflow:hidden;\">  \n\t\t\t\t\t\t\t  \n\t\t\t\t\t\t\t  <a  href=\"https:\/\/redept.com.br\/blogosfera\/semana-de-chuva-intensa-pode-causar-inundacoes-e-alagamentos-no-rs\/\"  >\n\t\t\t\t\t\t\t\t\t  <div class=\"yuzo-img-wrap \" style=\"width: 125px;height:90px;\">\n\t\t\t\t\t\t\t\t\t\t\n\t\t\t\t\t\t\t\t\t\t<div class=\"yuzo-img\" style=\"background:url('https:\/\/redept.org\/blogosfera\/wp-content\/plugins\/yuzo-related-post\/assets\/images\/default.png') 50% 50% no-repeat;width: 125px;height:90px;margin-bottom: 5px;background-size: cover; \"><\/div>\n\t\t\t\t\t\t\t\t\t  <\/div>\n\t\t\t\t\t\t\t\t\t  \n\t\t\t\t\t\t\t\t   <span class=\"yuzo__text--title\" style=\"font-size:13px;\">Semana de chuva intensa pode causar inunda\u00e7\u00f5es e a...<\/span>\n\t\t\t\t\t\t\t  \n\t\t\t\t\t\t\t  \n\t\t\t\t\t\t\t  <\/a>\n\n\t\t\t\t\t\t  <\/div>\n\t\t\t\t\t\t  <div class=\"relatedthumb \" style=\"width:125px;float:left;overflow:hidden;\">  \n\t\t\t\t\t\t\t  \n\t\t\t\t\t\t\t  <a  href=\"https:\/\/redept.com.br\/blogosfera\/o-agente-secreto-vence-premio-lumiere-na-franca-e-amplia-indicacoes-internacionais\/\"  >\n\t\t\t\t\t\t\t\t\t  <div class=\"yuzo-img-wrap \" style=\"width: 125px;height:90px;\">\n\t\t\t\t\t\t\t\t\t\t\n\t\t\t\t\t\t\t\t\t\t<div class=\"yuzo-img\" style=\"background:url('https:\/\/redept.org\/blogosfera\/wp-content\/plugins\/yuzo-related-post\/assets\/images\/default.png') 50% 50% no-repeat;width: 125px;height:90px;margin-bottom: 5px;background-size: cover; \"><\/div>\n\t\t\t\t\t\t\t\t\t  <\/div>\n\t\t\t\t\t\t\t\t\t  \n\t\t\t\t\t\t\t\t   <span class=\"yuzo__text--title\" style=\"font-size:13px;\">O Agente Secreto vence Pr\u00eamio Lumi\u00e8re na Fran\u00e7a e ...<\/span>\n\t\t\t\t\t\t\t  \n\t\t\t\t\t\t\t  \n\t\t\t\t\t\t\t  <\/a>\n\n\t\t\t\t\t\t  <\/div>\n\t\t\t\t\t\t  <div class=\"relatedthumb \" style=\"width:125px;float:left;overflow:hidden;\">  \n\t\t\t\t\t\t\t  \n\t\t\t\t\t\t\t  <a  href=\"https:\/\/redept.com.br\/blogosfera\/festa-de-san-gennaro-e-reconhecida-como-manifestacao-da-cultura-nacional\/\"  >\n\t\t\t\t\t\t\t\t\t  <div class=\"yuzo-img-wrap \" style=\"width: 125px;height:90px;\">\n\t\t\t\t\t\t\t\t\t\t\n\t\t\t\t\t\t\t\t\t\t<div class=\"yuzo-img\" style=\"background:url('https:\/\/redept.org\/blogosfera\/wp-content\/plugins\/yuzo-related-post\/assets\/images\/default.png') 50% 50% no-repeat;width: 125px;height:90px;margin-bottom: 5px;background-size: cover; \"><\/div>\n\t\t\t\t\t\t\t\t\t  <\/div>\n\t\t\t\t\t\t\t\t\t  \n\t\t\t\t\t\t\t\t   <span class=\"yuzo__text--title\" style=\"font-size:13px;\">Festa de San Gennaro \u00e9 reconhecida como manifesta\u00e7...<\/span>\n\t\t\t\t\t\t\t  \n\t\t\t\t\t\t\t  \n\t\t\t\t\t\t\t  <\/a>\n\n\t\t\t\t\t\t  <\/div>\n\t\t\t\t\t\t  <div class=\"relatedthumb \" style=\"width:125px;float:left;overflow:hidden;\">  \n\t\t\t\t\t\t\t  \n\t\t\t\t\t\t\t  <a  href=\"https:\/\/redept.com.br\/blogosfera\/essa-conta-nao-e-nossa-socorro-ao-brb-e-mais-um-projeto-de-especulacao-imobiliaria-do-governo-ibaneis\/\"  >\n\t\t\t\t\t\t\t\t\t  <div class=\"yuzo-img-wrap \" style=\"width: 125px;height:90px;\">\n\t\t\t\t\t\t\t\t\t\t\n\t\t\t\t\t\t\t\t\t\t<div class=\"yuzo-img\" style=\"background:url('https:\/\/redept.org\/blogosfera\/wp-content\/plugins\/yuzo-related-post\/assets\/images\/default.png') 50% 50% no-repeat;width: 125px;height:90px;margin-bottom: 5px;background-size: cover; \"><\/div>\n\t\t\t\t\t\t\t\t\t  <\/div>\n\t\t\t\t\t\t\t\t\t  \n\t\t\t\t\t\t\t\t   <span class=\"yuzo__text--title\" style=\"font-size:13px;\">Essa conta n\u00e3o \u00e9 nossa: socorro ao BRB \u00e9 mais um p...<\/span>\n\t\t\t\t\t\t\t  \n\t\t\t\t\t\t\t  \n\t\t\t\t\t\t\t  <\/a>\n\n\t\t\t\t\t\t  <\/div>\n<\/div> <script>\n\t\t\t\t\t\t  jQuery(document).ready(function( $ ){\n\t\t\t\t\t\t\t\/\/jQuery('.yuzo_related_post').equalizer({ overflow : 'relatedthumb' });\n\t\t\t\t\t\t\tjQuery('.yuzo_related_post .yuzo_wraps').equalizer({ columns : '> div' });\n\t\t\t\t\t\t   })\n\t\t\t\t\t\t  <\/script> <!-- End Yuzo :) -->","protected":false},"excerpt":{"rendered":"<p>O 13\u00ba Encontro nacional do Movimento nacional F\u00e9 e Politica ser\u00e1 de 24 a 26 de abril em S\u00e3o Bernardo do Campo, ABC, SP, com o tema FORTALECER A DEMOCRACIA, O ESPERAN\u00c7AR E O BEM VIVER. O Movimento F\u00e9 e Pol\u00edtica foi oficialmente criado em junho de 1989 por um conjunto de companheiras e companheiros [&hellip;]<\/p>\n","protected":false},"author":2,"featured_media":0,"comment_status":"open","ping_status":"closed","sticky":false,"template":"","format":"standard","meta":{"fifu_image_url":"","fifu_image_alt":"","footnotes":""},"categories":[50425,2224,4706,39637,50016,50426,536,50427,3337,42584,40143,26435,2770,26437,7592,2490,2688,112,383,50428,50429,50430,1689,50431,50432,9191,8882,9311,12739,50433],"tags":[],"class_list":["post-84536","post","type-post","status-publish","format-standard","hentry","category-13o-encontro","category-abc-paulista","category-bem-viver","category-capitalismo-neoliberal","category-cidadania-ativa","category-construcao-de-sociedade","category-democracia","category-ecumenismo","category-encontro-nacional","category-esperancar","category-espiritualidade-e-politica","category-fe-e-politica","category-formacao-politica","category-frei-betto","category-gilberto-carvalho","category-joao-pedro-stedile","category-leonardo-boff","category-lula","category-marina-silva","category-militancia-crista","category-mistica-da-militancia","category-movimento-fe-e-politica","category-movimentos-sociais","category-politica-com-etica","category-reflexao-e-acao","category-sao-bernardo-do-campo","category-soberania-popular","category-socialismo-democratico","category-sociedade-alternativa","category-utopia-politica"],"_links":{"self":[{"href":"https:\/\/redept.com.br\/blogosfera\/wp-json\/wp\/v2\/posts\/84536","targetHints":{"allow":["GET"]}}],"collection":[{"href":"https:\/\/redept.com.br\/blogosfera\/wp-json\/wp\/v2\/posts"}],"about":[{"href":"https:\/\/redept.com.br\/blogosfera\/wp-json\/wp\/v2\/types\/post"}],"author":[{"embeddable":true,"href":"https:\/\/redept.com.br\/blogosfera\/wp-json\/wp\/v2\/users\/2"}],"replies":[{"embeddable":true,"href":"https:\/\/redept.com.br\/blogosfera\/wp-json\/wp\/v2\/comments?post=84536"}],"version-history":[{"count":0,"href":"https:\/\/redept.com.br\/blogosfera\/wp-json\/wp\/v2\/posts\/84536\/revisions"}],"wp:attachment":[{"href":"https:\/\/redept.com.br\/blogosfera\/wp-json\/wp\/v2\/media?parent=84536"}],"wp:term":[{"taxonomy":"category","embeddable":true,"href":"https:\/\/redept.com.br\/blogosfera\/wp-json\/wp\/v2\/categories?post=84536"},{"taxonomy":"post_tag","embeddable":true,"href":"https:\/\/redept.com.br\/blogosfera\/wp-json\/wp\/v2\/tags?post=84536"}],"curies":[{"name":"wp","href":"https:\/\/api.w.org\/{rel}","templated":true}]}}