{"id":84541,"date":"2026-04-24T10:08:40","date_gmt":"2026-04-24T13:08:40","guid":{"rendered":"https:\/\/redept.com.br\/blogosfera\/lula-passa-por-procedimentos-para-retirada-de-excesso-de-pele-na-cabeca-e-tratamento-de-tendinite\/"},"modified":"2026-04-24T10:08:40","modified_gmt":"2026-04-24T13:08:40","slug":"lula-passa-por-procedimentos-para-retirada-de-excesso-de-pele-na-cabeca-e-tratamento-de-tendinite","status":"publish","type":"post","link":"https:\/\/redept.com.br\/blogosfera\/lula-passa-por-procedimentos-para-retirada-de-excesso-de-pele-na-cabeca-e-tratamento-de-tendinite\/","title":{"rendered":"Lula passa por procedimentos para retirada de excesso de pele na cabe\u00e7a e tratamento de tendinite\u00a0"},"content":{"rendered":"<p>A previs\u00e3o do governo \u00e9 de alta no mesmo dia, sem necessidade de repouso ou afastamento das atividades<\/p>\n<p><a href=\"https:\/\/www.brasildefato.com.br\/2026\/04\/24\/lula-passa-por-procedimentos-para-retirada-de-excesso-de-pele-na-cabeca-e-tratamento-de-tendinite\/\" rel=\"nofollow\">Fonte<\/a><\/p>\n<!-- Begin Yuzo --><div class='yuzo_related_post style-1'  data-version='5.12.89'><!-- without result --><div class='yuzo_clearfixed yuzo__title yuzo__title'><h3>Related Post<\/h3><\/div>\n\t\t\t\t\t\t  <div class=\"relatedthumb \" style=\"width:125px;float:left;overflow:hidden;\">  \n\t\t\t\t\t\t\t  \n\t\t\t\t\t\t\t  <a  href=\"https:\/\/redept.com.br\/blogosfera\/tarcisio-suspende-programas-demite-funcionarios-e-sucateia-a-tv-cultura\/\"  >\n\t\t\t\t\t\t\t\t\t  <div class=\"yuzo-img-wrap \" style=\"width: 125px;height:90px;\">\n\t\t\t\t\t\t\t\t\t\t\n\t\t\t\t\t\t\t\t\t\t<div class=\"yuzo-img\" style=\"background:url('https:\/\/redept.com.br\/blogosfera\/wp-content\/uploads\/2024\/11\/01-3-1-150x150.jpg') 50% 50% no-repeat;width: 125px;height:90px;margin-bottom: 5px;background-size: cover; \"><\/div>\n\t\t\t\t\t\t\t\t\t  <\/div>\n\t\t\t\t\t\t\t\t\t  \n\t\t\t\t\t\t\t\t   <span class=\"yuzo__text--title\" style=\"font-size:13px;\">Tarc\u00edsio suspende programas, demite funcion\u00e1rios e...<\/span>\n\t\t\t\t\t\t\t  \n\t\t\t\t\t\t\t  \n\t\t\t\t\t\t\t  <\/a>\n\n\t\t\t\t\t\t  <\/div>\n\t\t\t\t\t\t  <div class=\"relatedthumb \" style=\"width:125px;float:left;overflow:hidden;\">  \n\t\t\t\t\t\t\t  \n\t\t\t\t\t\t\t  <a  href=\"https:\/\/redept.com.br\/blogosfera\/bola-esta-do-lado-do-ocidente-afirma-putin-sobre-acordo-de-paz-na-ucrania\/\"  >\n\t\t\t\t\t\t\t\t\t  <div class=\"yuzo-img-wrap \" style=\"width: 125px;height:90px;\">\n\t\t\t\t\t\t\t\t\t\t\n\t\t\t\t\t\t\t\t\t\t<div class=\"yuzo-img\" style=\"background:url('https:\/\/redept.com.br\/blogosfera\/wp-content\/uploads\/2025\/12\/alexander-kazakovtass-1-150x150.jpg') 50% 50% no-repeat;width: 125px;height:90px;margin-bottom: 5px;background-size: cover; \"><\/div>\n\t\t\t\t\t\t\t\t\t  <\/div>\n\t\t\t\t\t\t\t\t\t  \n\t\t\t\t\t\t\t\t   <span class=\"yuzo__text--title\" style=\"font-size:13px;\">\u2018Bola est\u00e1 do lado do Ocidente\u2019, afirma Putin sobr...<\/span>\n\t\t\t\t\t\t\t  \n\t\t\t\t\t\t\t  \n\t\t\t\t\t\t\t  <\/a>\n\n\t\t\t\t\t\t  <\/div>\n\t\t\t\t\t\t  <div class=\"relatedthumb \" style=\"width:125px;float:left;overflow:hidden;\">  \n\t\t\t\t\t\t\t  \n\t\t\t\t\t\t\t  <a  href=\"https:\/\/redept.com.br\/blogosfera\/30-de-abril-50-anos-do-fim-da-guerra-do-vietna\/\"  >\n\t\t\t\t\t\t\t\t\t  <div class=\"yuzo-img-wrap \" style=\"width: 125px;height:90px;\">\n\t\t\t\t\t\t\t\t\t\t\n\t\t\t\t\t\t\t\t\t\t<div class=\"yuzo-img\" style=\"background:url('https:\/\/redept.com.br\/blogosfera\/wp-content\/uploads\/2025\/04\/1024px-A801223-e1745964843569-150x150.jpg') 50% 50% no-repeat;width: 125px;height:90px;margin-bottom: 5px;background-size: cover; \"><\/div>\n\t\t\t\t\t\t\t\t\t  <\/div>\n\t\t\t\t\t\t\t\t\t  \n\t\t\t\t\t\t\t\t   <span class=\"yuzo__text--title\" style=\"font-size:13px;\">30 de abril: 50 anos do fim da Guerra do Vietn\u00e3<\/span>\n\t\t\t\t\t\t\t  \n\t\t\t\t\t\t\t  \n\t\t\t\t\t\t\t  <\/a>\n\n\t\t\t\t\t\t  <\/div>\n\t\t\t\t\t\t  <div class=\"relatedthumb \" style=\"width:125px;float:left;overflow:hidden;\">  \n\t\t\t\t\t\t\t  \n\t\t\t\t\t\t\t  <a  href=\"https:\/\/redept.com.br\/blogosfera\/imposto-de-renda-2025-prazo-acaba-em-10-dias\/\"  >\n\t\t\t\t\t\t\t\t\t  <div class=\"yuzo-img-wrap \" style=\"width: 125px;height:90px;\">\n\t\t\t\t\t\t\t\t\t\t\n\t\t\t\t\t\t\t\t\t\t<div class=\"yuzo-img\" style=\"background:url('https:\/\/redept.com.br\/blogosfera\/wp-content\/uploads\/2025\/05\/imposto-de-renda-Joedson-Alves_Agencia-Brasil-1-1-150x150.jpg') 50% 50% no-repeat;width: 125px;height:90px;margin-bottom: 5px;background-size: cover; \"><\/div>\n\t\t\t\t\t\t\t\t\t  <\/div>\n\t\t\t\t\t\t\t\t\t  \n\t\t\t\t\t\t\t\t   <span class=\"yuzo__text--title\" style=\"font-size:13px;\">Imposto de Renda 2025: prazo acaba em 10 dias<\/span>\n\t\t\t\t\t\t\t  \n\t\t\t\t\t\t\t  \n\t\t\t\t\t\t\t  <\/a>\n\n\t\t\t\t\t\t  <\/div>\n<\/div> <script>\n\t\t\t\t\t\t  jQuery(document).ready(function( $ ){\n\t\t\t\t\t\t\t\/\/jQuery('.yuzo_related_post').equalizer({ overflow : 'relatedthumb' });\n\t\t\t\t\t\t\tjQuery('.yuzo_related_post .yuzo_wraps').equalizer({ columns : '> div' });\n\t\t\t\t\t\t   })\n\t\t\t\t\t\t  <\/script> <!-- End Yuzo :) -->","protected":false},"excerpt":{"rendered":"<p>A previs\u00e3o do governo \u00e9 de alta no mesmo dia, sem necessidade de repouso ou afastamento das atividades Fonte Related Post Um neg\u00f3cio da China tamb\u00e9m para o clima? Familiares podem visitar Bolsonaro sem pedir autor&#8230; Governo Federal contrata mapeamento a\u00e9reo das regi&#8230; \u2018Aprova\u00e7\u00e3o de regulamenta\u00e7\u00e3o da reforma trib&#8230;<\/p>\n","protected":false},"author":2,"featured_media":0,"comment_status":"open","ping_status":"closed","sticky":false,"template":"","format":"standard","meta":{"fifu_image_url":"","fifu_image_alt":"","footnotes":""},"categories":[50457,50458,50459,498,20356,50460,50461,50462,50463,4098,50464,33501,94,34538,50465,50466,26196,31231,6117,50467,5422,34641,50468,50469,50470,50471,29,753,50472,50473,50474],"tags":[],"class_list":["post-84541","post","type-post","status-publish","format-standard","hentry","category-agenda-presidencial","category-anti-inflamatorios","category-atualidades-brasil","category-brasilia","category-cancer-de-pele","category-cauterizacao-queratose","category-cirurgia-lula","category-comunicado-governo","category-cuidados-medicos","category-envelhecimento","category-esforco-repetitivo","category-fisioterapia","category-geral","category-hospital-sirio-libanes","category-infiltracao-punho","category-inflamacao-tendao","category-lula-2025","category-noticias-politica","category-partido-dos-trabalhadores","category-pet","category-politica-brasileira","category-presidente-lula-saude","category-procedimento-medico-lula","category-queratose-actinica","category-recuperacao-lula","category-reposicao-presidencial","category-sao-paulo","category-saude-publica","category-secretaria-comunicacao","category-tendinite-polegar","category-tratamento-tendinite-lula"],"_links":{"self":[{"href":"https:\/\/redept.com.br\/blogosfera\/wp-json\/wp\/v2\/posts\/84541","targetHints":{"allow":["GET"]}}],"collection":[{"href":"https:\/\/redept.com.br\/blogosfera\/wp-json\/wp\/v2\/posts"}],"about":[{"href":"https:\/\/redept.com.br\/blogosfera\/wp-json\/wp\/v2\/types\/post"}],"author":[{"embeddable":true,"href":"https:\/\/redept.com.br\/blogosfera\/wp-json\/wp\/v2\/users\/2"}],"replies":[{"embeddable":true,"href":"https:\/\/redept.com.br\/blogosfera\/wp-json\/wp\/v2\/comments?post=84541"}],"version-history":[{"count":0,"href":"https:\/\/redept.com.br\/blogosfera\/wp-json\/wp\/v2\/posts\/84541\/revisions"}],"wp:attachment":[{"href":"https:\/\/redept.com.br\/blogosfera\/wp-json\/wp\/v2\/media?parent=84541"}],"wp:term":[{"taxonomy":"category","embeddable":true,"href":"https:\/\/redept.com.br\/blogosfera\/wp-json\/wp\/v2\/categories?post=84541"},{"taxonomy":"post_tag","embeddable":true,"href":"https:\/\/redept.com.br\/blogosfera\/wp-json\/wp\/v2\/tags?post=84541"}],"curies":[{"name":"wp","href":"https:\/\/api.w.org\/{rel}","templated":true}]}}