{"id":84560,"date":"2026-04-24T12:19:30","date_gmt":"2026-04-24T15:19:30","guid":{"rendered":"https:\/\/redept.com.br\/blogosfera\/flavio-bolsonaro-e-suas-promessas-perversas\/"},"modified":"2026-04-24T12:19:30","modified_gmt":"2026-04-24T15:19:30","slug":"flavio-bolsonaro-e-suas-promessas-perversas","status":"publish","type":"post","link":"https:\/\/redept.com.br\/blogosfera\/flavio-bolsonaro-e-suas-promessas-perversas\/","title":{"rendered":"Flavio Bolsonaro e suas promessas perversas"},"content":{"rendered":"<p>No passado a imprensa j\u00e1 havia divulgado algumas promessas do candidato filho 01 de Bolsonaro, revelando que se ele viesse a ser eleito presidente retomaria\u00a0amea\u00e7as e perversidades ocorridas durante a gest\u00e3o do seu pai, o presidi\u00e1rio Jair. Mas esta semana, sem que isso repercutisse nas grandes m\u00eddias, vieram \u00e0 tona informa\u00e7\u00f5es dando conta de que [\u2026]<\/p>\n<p><a href=\"https:\/\/www.brasildefato.com.br\/colunista\/leonardo-melgarejo\/2026\/04\/24\/flavio-bolsonaro-e-suas-promessas-perversas\/\" rel=\"nofollow\">Fonte<\/a><\/p>\n<!-- Begin Yuzo --><div class='yuzo_related_post style-1'  data-version='5.12.89'><!-- without result --><div class='yuzo_clearfixed yuzo__title yuzo__title'><h3>Related Post<\/h3><\/div>\n\t\t\t\t\t\t  <div class=\"relatedthumb \" style=\"width:125px;float:left;overflow:hidden;\">  \n\t\t\t\t\t\t\t  \n\t\t\t\t\t\t\t  <a  href=\"https:\/\/redept.com.br\/blogosfera\/geopolitica-sobre-trilhos-e-portos-maritimos\/\"  >\n\t\t\t\t\t\t\t\t\t  <div class=\"yuzo-img-wrap \" style=\"width: 125px;height:90px;\">\n\t\t\t\t\t\t\t\t\t\t\n\t\t\t\t\t\t\t\t\t\t<div class=\"yuzo-img\" style=\"background:url('https:\/\/redept.com.br\/blogosfera\/wp-content\/uploads\/2025\/10\/china-geopolitica-brasil-lula-150x150.webp') 50% 50% no-repeat;width: 125px;height:90px;margin-bottom: 5px;background-size: cover; \"><\/div>\n\t\t\t\t\t\t\t\t\t  <\/div>\n\t\t\t\t\t\t\t\t\t  \n\t\t\t\t\t\t\t\t   <span class=\"yuzo__text--title\" style=\"font-size:13px;\">Geopol\u00edtica sobre trilhos e portos mar\u00edtimos<\/span>\n\t\t\t\t\t\t\t  \n\t\t\t\t\t\t\t  \n\t\t\t\t\t\t\t  <\/a>\n\n\t\t\t\t\t\t  <\/div>\n\t\t\t\t\t\t  <div class=\"relatedthumb \" style=\"width:125px;float:left;overflow:hidden;\">  \n\t\t\t\t\t\t\t  \n\t\t\t\t\t\t\t  <a  href=\"https:\/\/redept.com.br\/blogosfera\/judiciario-nao-condena-policiais-que-assassinaram-o-jovem-thiago-flausino\/\"  >\n\t\t\t\t\t\t\t\t\t  <div class=\"yuzo-img-wrap \" style=\"width: 125px;height:90px;\">\n\t\t\t\t\t\t\t\t\t\t\n\t\t\t\t\t\t\t\t\t\t<div class=\"yuzo-img\" style=\"background:url('https:\/\/redept.com.br\/blogosfera\/wp-content\/uploads\/2026\/02\/1000096186-150x150.webp') 50% 50% no-repeat;width: 125px;height:90px;margin-bottom: 5px;background-size: cover; \"><\/div>\n\t\t\t\t\t\t\t\t\t  <\/div>\n\t\t\t\t\t\t\t\t\t  \n\t\t\t\t\t\t\t\t   <span class=\"yuzo__text--title\" style=\"font-size:13px;\">Judici\u00e1rio n\u00e3o condena policiais que assassinaram ...<\/span>\n\t\t\t\t\t\t\t  \n\t\t\t\t\t\t\t  \n\t\t\t\t\t\t\t  <\/a>\n\n\t\t\t\t\t\t  <\/div>\n\t\t\t\t\t\t  <div class=\"relatedthumb \" style=\"width:125px;float:left;overflow:hidden;\">  \n\t\t\t\t\t\t\t  \n\t\t\t\t\t\t\t  <a  href=\"https:\/\/redept.com.br\/blogosfera\/trabalho-infantil-no-pais-cai-214-em-oito-anos\/\"  >\n\t\t\t\t\t\t\t\t\t  <div class=\"yuzo-img-wrap \" style=\"width: 125px;height:90px;\">\n\t\t\t\t\t\t\t\t\t\t\n\t\t\t\t\t\t\t\t\t\t<div class=\"yuzo-img\" style=\"background:url('https:\/\/redept.org\/blogosfera\/wp-content\/plugins\/yuzo-related-post\/assets\/images\/default.png') 50% 50% no-repeat;width: 125px;height:90px;margin-bottom: 5px;background-size: cover; \"><\/div>\n\t\t\t\t\t\t\t\t\t  <\/div>\n\t\t\t\t\t\t\t\t\t  \n\t\t\t\t\t\t\t\t   <span class=\"yuzo__text--title\" style=\"font-size:13px;\">Trabalho infantil no pa\u00eds cai 21,4% em oito anos<\/span>\n\t\t\t\t\t\t\t  \n\t\t\t\t\t\t\t  \n\t\t\t\t\t\t\t  <\/a>\n\n\t\t\t\t\t\t  <\/div>\n\t\t\t\t\t\t  <div class=\"relatedthumb \" style=\"width:125px;float:left;overflow:hidden;\">  \n\t\t\t\t\t\t\t  \n\t\t\t\t\t\t\t  <a  href=\"https:\/\/redept.com.br\/blogosfera\/em-apoio-a-ditadura-scania-agiu-na-suecia-para-impedir-que-bispo-brasileiro-recebesse-nobel-da-paz\/\"  >\n\t\t\t\t\t\t\t\t\t  <div class=\"yuzo-img-wrap \" style=\"width: 125px;height:90px;\">\n\t\t\t\t\t\t\t\t\t\t\n\t\t\t\t\t\t\t\t\t\t<div class=\"yuzo-img\" style=\"background:url('https:\/\/redept.com.br\/blogosfera\/wp-content\/uploads\/2025\/05\/helder_camara_1981-150x150.jpg') 50% 50% no-repeat;width: 125px;height:90px;margin-bottom: 5px;background-size: cover; \"><\/div>\n\t\t\t\t\t\t\t\t\t  <\/div>\n\t\t\t\t\t\t\t\t\t  \n\t\t\t\t\t\t\t\t   <span class=\"yuzo__text--title\" style=\"font-size:13px;\">Em apoio \u00e0 ditadura, Scania agiu na Su\u00e9cia para im...<\/span>\n\t\t\t\t\t\t\t  \n\t\t\t\t\t\t\t  \n\t\t\t\t\t\t\t  <\/a>\n\n\t\t\t\t\t\t  <\/div>\n<\/div> <script>\n\t\t\t\t\t\t  jQuery(document).ready(function( $ ){\n\t\t\t\t\t\t\t\/\/jQuery('.yuzo_related_post').equalizer({ overflow : 'relatedthumb' });\n\t\t\t\t\t\t\tjQuery('.yuzo_related_post .yuzo_wraps').equalizer({ columns : '> div' });\n\t\t\t\t\t\t   })\n\t\t\t\t\t\t  <\/script> <!-- End Yuzo :) -->","protected":false},"excerpt":{"rendered":"<p>No passado a imprensa j\u00e1 havia divulgado algumas promessas do candidato filho 01 de Bolsonaro, revelando que se ele viesse a ser eleito presidente retomaria\u00a0amea\u00e7as e perversidades ocorridas durante a gest\u00e3o do seu pai, o presidi\u00e1rio Jair. Mas esta semana, sem que isso repercutisse nas grandes m\u00eddias, vieram \u00e0 tona informa\u00e7\u00f5es dando conta de que [&hellip;]<\/p>\n","protected":false},"author":2,"featured_media":0,"comment_status":"open","ping_status":"closed","sticky":false,"template":"","format":"standard","meta":{"fifu_image_url":"","fifu_image_alt":"","footnotes":""},"categories":[50572,4313,248,50573,50574,45815,50575,50576,50577,4621,28427,13825,50578,50579,27911,19815,2427,1036,50580,50581,29834,27697,50582,50583,45095,1523,48277,48278,48279,50584,50585,50586,50587,26646,3132,50588,50589],"tags":[],"class_list":["post-84560","post","type-post","status-publish","format-standard","hentry","category-acordo-terras-raras-goias","category-aposentados","category-bancada-ruralista","category-bolsonaro-candidato-2026","category-campanha-eleitoral-2026","category-combate-a-desinformacao","category-congelamento-gastos-sociais","category-controle-de-informacoes","category-corte-em-direitos-sociais","category-cotas-raciais","category-desinformacao-politica","category-desmonte-do-estado","category-edward-magro","category-esquerda-defensiva","category-estrategia-politica","category-fake-news-politica","category-flavio-bolsonaro","category-flavio-dino","category-geopolitica-terras-raras","category-governador-caiado","category-infocracia","category-jorginho-mello","category-lei-racista-santa-catarina","category-logica-da-infocracia","category-lula-terras-raras","category-marco-temporal","category-pacote-da-devastacao","category-pacote-da-impunidade","category-pacote-do-veneno","category-plano-de-governo-bolsonaro","category-plano-herodes-as-avessas","category-privatizacoes-brasil","category-reacoes-emocionais-politica","category-reforma-previdenciaria","category-soberania-nacional","category-stf-cotas-raciais","category-venda-terras-raras-eua"],"_links":{"self":[{"href":"https:\/\/redept.com.br\/blogosfera\/wp-json\/wp\/v2\/posts\/84560","targetHints":{"allow":["GET"]}}],"collection":[{"href":"https:\/\/redept.com.br\/blogosfera\/wp-json\/wp\/v2\/posts"}],"about":[{"href":"https:\/\/redept.com.br\/blogosfera\/wp-json\/wp\/v2\/types\/post"}],"author":[{"embeddable":true,"href":"https:\/\/redept.com.br\/blogosfera\/wp-json\/wp\/v2\/users\/2"}],"replies":[{"embeddable":true,"href":"https:\/\/redept.com.br\/blogosfera\/wp-json\/wp\/v2\/comments?post=84560"}],"version-history":[{"count":0,"href":"https:\/\/redept.com.br\/blogosfera\/wp-json\/wp\/v2\/posts\/84560\/revisions"}],"wp:attachment":[{"href":"https:\/\/redept.com.br\/blogosfera\/wp-json\/wp\/v2\/media?parent=84560"}],"wp:term":[{"taxonomy":"category","embeddable":true,"href":"https:\/\/redept.com.br\/blogosfera\/wp-json\/wp\/v2\/categories?post=84560"},{"taxonomy":"post_tag","embeddable":true,"href":"https:\/\/redept.com.br\/blogosfera\/wp-json\/wp\/v2\/tags?post=84560"}],"curies":[{"name":"wp","href":"https:\/\/api.w.org\/{rel}","templated":true}]}}