{"id":84572,"date":"2026-04-24T12:32:13","date_gmt":"2026-04-24T15:32:13","guid":{"rendered":"https:\/\/redept.com.br\/blogosfera\/sem-complicacoes-e-sem-afetar-a-rotina-diz-medico-de-lula-sobre-procedimentos\/"},"modified":"2026-04-24T12:32:13","modified_gmt":"2026-04-24T15:32:13","slug":"sem-complicacoes-e-sem-afetar-a-rotina-diz-medico-de-lula-sobre-procedimentos","status":"publish","type":"post","link":"https:\/\/redept.com.br\/blogosfera\/sem-complicacoes-e-sem-afetar-a-rotina-diz-medico-de-lula-sobre-procedimentos\/","title":{"rendered":"Sem complica\u00e7\u00f5es e sem afetar a rotina, diz m\u00e9dico de Lula sobre procedimentos"},"content":{"rendered":"<p><img fetchpriority=\"high\" width=\"1024\" height=\"683\"src=\"https:\/\/redept.com.br\/blogosfera\/wp-content\/uploads\/2026\/04\/55225766626_6a6c00de69_k.jpg\" alt=\"\" decoding=\"async\" srcset=\"https:\/\/vermelho.org.br\/wp-content\/uploads\/2026\/04\/55225766626_6a6c00de69_k-1024x683.jpg 1024w, https:\/\/vermelho.org.br\/wp-content\/uploads\/2026\/04\/55225766626_6a6c00de69_k-300x200.jpg 300w, https:\/\/vermelho.org.br\/wp-content\/uploads\/2026\/04\/55225766626_6a6c00de69_k-768x512.jpg 768w, https:\/\/vermelho.org.br\/wp-content\/uploads\/2026\/04\/55225766626_6a6c00de69_k-1536x1024.jpg 1536w, https:\/\/vermelho.org.br\/wp-content\/uploads\/2026\/04\/55225766626_6a6c00de69_k-272x182.jpg 272w, https:\/\/redept.com.br\/blogosfera\/wp-content\/uploads\/2026\/04\/55225766626_6a6c00de69_k.jpg 2048w\" sizes=\"(max-width: 1024px) 100vw, 1024px\"><\/p>\n<p>O presidente Lula realizou, nesta sexta-feira (24), dois procedimentos m\u00e9dicos no Hospital S\u00edrio-Liban\u00eas, em S\u00e3o Paulo (SP): uma cauteriza\u00e7\u00e3o no couro cabeludo e uma infiltra\u00e7\u00e3o no polegar. Acompanhado pela primeira-dama Janja, ele j\u00e1 recebeu alta hospitalar e permanecer\u00e1 em repouso, sem agendas.<\/p>\n<p>De acordo com o m\u00e9dico do presidente, Roberto Kalil Filho, os procedimentos duraram cerca de uma hora e ocorreram sem complica\u00e7\u00f5es. Em conversa com a imprensa, Kalil afirmou que as interven\u00e7\u00f5es n\u00e3o ir\u00e3o afetar a rotina presidencial ou modificar a pr\u00e9-campanha \u00e0 reelei\u00e7\u00e3o. O presidente apenas poder\u00e1 aparecer utilizando chap\u00e9u.<\/p>\n<p>\u201cVai atrapalhar a campanha? A resposta \u00e9 n\u00e3o. O m\u00e1ximo que vai acontecer \u00e9 ele aparecer de chap\u00e9u, como aconteceu outras vezes\u201d, disse o m\u00e9dico.<\/p>\n<p><strong>Leia mais:<\/strong> <a href=\"https:\/\/vermelho.org.br\/2026\/04\/23\/trump-quer-guerras-nos-queremos-ensinar-a-fazer-paz-e-alimentos-diz-lula\/\">Trump quer guerras, n\u00f3s queremos ensinar a fazer paz e alimentos, diz Lula<\/a><\/p>\n<p>Lula passou por uma cauteriza\u00e7\u00e3o de queratose no couro cabeludo e uma infiltra\u00e7\u00e3o para tratar tendinite no polegar direito. O procedimento no couro cabeludo visa eliminar altera\u00e7\u00f5es causadas por um carcinoma basocelular, tido como o tumor de pele mais comum do mundo. <\/p>\n<p>O presidente j\u00e1 havia passado por interven\u00e7\u00e3o no mesmo local em fevereiro, mas sem a retirada do ac\u00famulo de pele, que agora passar\u00e1 por bi\u00f3psia. Conforme Kalil \u2014 que esteve acompanhado da dermatologista Cristina Martinez Zugaib Abdalla \u2014, o presidente dever\u00e1 se proteger com filtro solar e n\u00e3o h\u00e1 previs\u00e3o de medica\u00e7\u00e3o espec\u00edfica nem de nova cirurgia.<\/p>\n<p>No resto do dia, Lula dever\u00e1 permanecer na sua resid\u00eancia na zona oeste de S\u00e3o Paulo (SP). A Secom (Secretaria de Comunica\u00e7\u00e3o Social) informou que a presen\u00e7a do presidente no encerramento do 8\u00ba Congresso Nacional do PT, em Bras\u00edlia, no domingo (26), ser\u00e1 confirmada na v\u00e9spera.<\/p>\n<p>O post <a href=\"https:\/\/vermelho.org.br\/2026\/04\/24\/sem-complicacoes-e-sem-afetar-a-rotina-diz-medico-de-lula-sobre-procedimentos\/\">Sem complica\u00e7\u00f5es e sem afetar a rotina, diz m\u00e9dico de Lula sobre procedimentos<\/a> apareceu primeiro em <a href=\"https:\/\/vermelho.org.br\/\">Vermelho<\/a>.<\/p>\n<!-- Begin Yuzo --><div class='yuzo_related_post style-1'  data-version='5.12.89'><!-- without result --><div class='yuzo_clearfixed yuzo__title yuzo__title'><h3>Related Post<\/h3><\/div>\n\t\t\t\t\t\t  <div class=\"relatedthumb \" style=\"width:125px;float:left;overflow:hidden;\">  \n\t\t\t\t\t\t\t  \n\t\t\t\t\t\t\t  <a  href=\"https:\/\/redept.com.br\/blogosfera\/com-acampamento-em-maceio-al-camponeses-pressionam-por-reuniao-com-governador\/\"  >\n\t\t\t\t\t\t\t\t\t  <div class=\"yuzo-img-wrap \" style=\"width: 125px;height:90px;\">\n\t\t\t\t\t\t\t\t\t\t\n\t\t\t\t\t\t\t\t\t\t<div class=\"yuzo-img\" style=\"background:url('https:\/\/redept.com.br\/blogosfera\/wp-content\/uploads\/2025\/07\/Foto-SEAGRI_Mykesio-Max-005-JORNADA-CAMPONESA-2025-150x150.jpeg') 50% 50% no-repeat;width: 125px;height:90px;margin-bottom: 5px;background-size: cover; \"><\/div>\n\t\t\t\t\t\t\t\t\t  <\/div>\n\t\t\t\t\t\t\t\t\t  \n\t\t\t\t\t\t\t\t   <span class=\"yuzo__text--title\" style=\"font-size:13px;\">Com acampamento em Macei\u00f3 (AL), camponeses pressio...<\/span>\n\t\t\t\t\t\t\t  \n\t\t\t\t\t\t\t  \n\t\t\t\t\t\t\t  <\/a>\n\n\t\t\t\t\t\t  <\/div>\n\t\t\t\t\t\t  <div class=\"relatedthumb \" style=\"width:125px;float:left;overflow:hidden;\">  \n\t\t\t\t\t\t\t  \n\t\t\t\t\t\t\t  <a  href=\"https:\/\/redept.com.br\/blogosfera\/hugo-motta-sobre-a-pressao-por-anistia-nao-contem-comigo-para-ampliar-crise\/\"  >\n\t\t\t\t\t\t\t\t\t  <div class=\"yuzo-img-wrap \" style=\"width: 125px;height:90px;\">\n\t\t\t\t\t\t\t\t\t\t\n\t\t\t\t\t\t\t\t\t\t<div class=\"yuzo-img\" style=\"background:url('https:\/\/redept.org\/blogosfera\/wp-content\/plugins\/yuzo-related-post\/assets\/images\/default.png') 50% 50% no-repeat;width: 125px;height:90px;margin-bottom: 5px;background-size: cover; \"><\/div>\n\t\t\t\t\t\t\t\t\t  <\/div>\n\t\t\t\t\t\t\t\t\t  \n\t\t\t\t\t\t\t\t   <span class=\"yuzo__text--title\" style=\"font-size:13px;\">Hugo Motta sobre a press\u00e3o por anistia: \u2018n\u00e3o conte...<\/span>\n\t\t\t\t\t\t\t  \n\t\t\t\t\t\t\t  \n\t\t\t\t\t\t\t  <\/a>\n\n\t\t\t\t\t\t  <\/div>\n\t\t\t\t\t\t  <div class=\"relatedthumb \" style=\"width:125px;float:left;overflow:hidden;\">  \n\t\t\t\t\t\t\t  \n\t\t\t\t\t\t\t  <a  href=\"https:\/\/redept.com.br\/blogosfera\/casa-de-cultura-mario-quintana-tera-carnaval-infantil-no-proximo-domingo-23\/\"  >\n\t\t\t\t\t\t\t\t\t  <div class=\"yuzo-img-wrap \" style=\"width: 125px;height:90px;\">\n\t\t\t\t\t\t\t\t\t\t\n\t\t\t\t\t\t\t\t\t\t<div class=\"yuzo-img\" style=\"background:url('https:\/\/redept.org\/blogosfera\/wp-content\/plugins\/yuzo-related-post\/assets\/images\/default.png') 50% 50% no-repeat;width: 125px;height:90px;margin-bottom: 5px;background-size: cover; \"><\/div>\n\t\t\t\t\t\t\t\t\t  <\/div>\n\t\t\t\t\t\t\t\t\t  \n\t\t\t\t\t\t\t\t   <span class=\"yuzo__text--title\" style=\"font-size:13px;\">Casa de Cultura Mario Quintana ter\u00e1 Carnaval Infan...<\/span>\n\t\t\t\t\t\t\t  \n\t\t\t\t\t\t\t  \n\t\t\t\t\t\t\t  <\/a>\n\n\t\t\t\t\t\t  <\/div>\n\t\t\t\t\t\t  <div class=\"relatedthumb \" style=\"width:125px;float:left;overflow:hidden;\">  \n\t\t\t\t\t\t\t  \n\t\t\t\t\t\t\t  <a  href=\"https:\/\/redept.com.br\/blogosfera\/justica-da-italia-mantem-prisao-de-zambelli-em-regime-fechado-por-risco-maximo-de-fuga\/\"  >\n\t\t\t\t\t\t\t\t\t  <div class=\"yuzo-img-wrap \" style=\"width: 125px;height:90px;\">\n\t\t\t\t\t\t\t\t\t\t\n\t\t\t\t\t\t\t\t\t\t<div class=\"yuzo-img\" style=\"background:url('https:\/\/redept.org\/blogosfera\/wp-content\/plugins\/yuzo-related-post\/assets\/images\/default.png') 50% 50% no-repeat;width: 125px;height:90px;margin-bottom: 5px;background-size: cover; \"><\/div>\n\t\t\t\t\t\t\t\t\t  <\/div>\n\t\t\t\t\t\t\t\t\t  \n\t\t\t\t\t\t\t\t   <span class=\"yuzo__text--title\" style=\"font-size:13px;\">Justi\u00e7a da It\u00e1lia mant\u00e9m pris\u00e3o de Zambelli em reg...<\/span>\n\t\t\t\t\t\t\t  \n\t\t\t\t\t\t\t  \n\t\t\t\t\t\t\t  <\/a>\n\n\t\t\t\t\t\t  <\/div>\n<\/div> <script>\n\t\t\t\t\t\t  jQuery(document).ready(function( $ ){\n\t\t\t\t\t\t\t\/\/jQuery('.yuzo_related_post').equalizer({ overflow : 'relatedthumb' });\n\t\t\t\t\t\t\tjQuery('.yuzo_related_post .yuzo_wraps').equalizer({ columns : '> div' });\n\t\t\t\t\t\t   })\n\t\t\t\t\t\t  <\/script> <!-- End Yuzo :) -->","protected":false},"excerpt":{"rendered":"<p>O presidente Lula realizou, nesta sexta-feira (24), dois procedimentos m\u00e9dicos no Hospital S\u00edrio-Liban\u00eas, em S\u00e3o Paulo (SP): uma cauteriza\u00e7\u00e3o no couro cabeludo e uma infiltra\u00e7\u00e3o no polegar. Acompanhado pela primeira-dama Janja, ele j\u00e1 recebeu alta hospitalar e permanecer\u00e1 em repouso, sem agendas. De acordo com o m\u00e9dico do presidente, Roberto Kalil Filho, os procedimentos duraram [&hellip;]<\/p>\n","protected":false},"author":2,"featured_media":0,"comment_status":"open","ping_status":"closed","sticky":false,"template":"","format":"standard","meta":{"fifu_image_url":"","fifu_image_alt":"","footnotes":""},"categories":[112,132,50617],"tags":[],"class_list":["post-84572","post","type-post","status-publish","format-standard","hentry","category-lula","category-politica","category-roberto-kalil-filho"],"_links":{"self":[{"href":"https:\/\/redept.com.br\/blogosfera\/wp-json\/wp\/v2\/posts\/84572","targetHints":{"allow":["GET"]}}],"collection":[{"href":"https:\/\/redept.com.br\/blogosfera\/wp-json\/wp\/v2\/posts"}],"about":[{"href":"https:\/\/redept.com.br\/blogosfera\/wp-json\/wp\/v2\/types\/post"}],"author":[{"embeddable":true,"href":"https:\/\/redept.com.br\/blogosfera\/wp-json\/wp\/v2\/users\/2"}],"replies":[{"embeddable":true,"href":"https:\/\/redept.com.br\/blogosfera\/wp-json\/wp\/v2\/comments?post=84572"}],"version-history":[{"count":0,"href":"https:\/\/redept.com.br\/blogosfera\/wp-json\/wp\/v2\/posts\/84572\/revisions"}],"wp:attachment":[{"href":"https:\/\/redept.com.br\/blogosfera\/wp-json\/wp\/v2\/media?parent=84572"}],"wp:term":[{"taxonomy":"category","embeddable":true,"href":"https:\/\/redept.com.br\/blogosfera\/wp-json\/wp\/v2\/categories?post=84572"},{"taxonomy":"post_tag","embeddable":true,"href":"https:\/\/redept.com.br\/blogosfera\/wp-json\/wp\/v2\/tags?post=84572"}],"curies":[{"name":"wp","href":"https:\/\/api.w.org\/{rel}","templated":true}]}}