{"id":84585,"date":"2026-04-24T14:29:01","date_gmt":"2026-04-24T17:29:01","guid":{"rendered":"https:\/\/redept.com.br\/blogosfera\/abin-de-bolsonaro-monitorou-movimentos-populares-e-criticas-apos-tragedia-de-brumadinho\/"},"modified":"2026-04-24T14:29:01","modified_gmt":"2026-04-24T17:29:01","slug":"abin-de-bolsonaro-monitorou-movimentos-populares-e-criticas-apos-tragedia-de-brumadinho","status":"publish","type":"post","link":"https:\/\/redept.com.br\/blogosfera\/abin-de-bolsonaro-monitorou-movimentos-populares-e-criticas-apos-tragedia-de-brumadinho\/","title":{"rendered":"Abin de Bolsonaro monitorou movimentos populares e cr\u00edticas ap\u00f3s trag\u00e9dia de Brumadinho\u00a0"},"content":{"rendered":"<p>Um relat\u00f3rio reservado da\u00a0Ag\u00eancia Brasileira de Intelig\u00eancia (Abin) produzido durante o governo Jair Bolsonaro, ao qual o ICL Not\u00edcias teve acesso, mostra que a estrutura federal de intelig\u00eancia monitorou protestos, movimentos populares, organiza\u00e7\u00f5es religiosas e demandas de atingidos no contexto dos atos que marcariam um ano do rompimento da\u00a0barragem da Vale em Brumadinho, na Regi\u00e3o [\u2026]<\/p>\n<p><a href=\"https:\/\/www.brasildefato.com.br\/2026\/04\/24\/abin-de-bolsonaro-monitorou-movimentos-populares-e-criticas-apos-tragedia-de-brumadinho\/\" rel=\"nofollow\">Fonte<\/a><\/p>\n<!-- Begin Yuzo --><div class='yuzo_related_post style-1'  data-version='5.12.89'><!-- without result --><div class='yuzo_clearfixed yuzo__title yuzo__title'><h3>Related Post<\/h3><\/div>\n\t\t\t\t\t\t  <div class=\"relatedthumb \" style=\"width:125px;float:left;overflow:hidden;\">  \n\t\t\t\t\t\t\t  \n\t\t\t\t\t\t\t  <a  href=\"https:\/\/redept.com.br\/blogosfera\/terrabras-uma-estatal-necessaria\/\"  >\n\t\t\t\t\t\t\t\t\t  <div class=\"yuzo-img-wrap \" style=\"width: 125px;height:90px;\">\n\t\t\t\t\t\t\t\t\t\t\n\t\t\t\t\t\t\t\t\t\t<div class=\"yuzo-img\" style=\"background:url('https:\/\/redept.com.br\/blogosfera\/wp-content\/uploads\/2026\/02\/photo_4908951125034208171_y-150x150.jpg') 50% 50% no-repeat;width: 125px;height:90px;margin-bottom: 5px;background-size: cover; \"><\/div>\n\t\t\t\t\t\t\t\t\t  <\/div>\n\t\t\t\t\t\t\t\t\t  \n\t\t\t\t\t\t\t\t   <span class=\"yuzo__text--title\" style=\"font-size:13px;\">Terrabras \u2013 uma estatal necess\u00e1ria<\/span>\n\t\t\t\t\t\t\t  \n\t\t\t\t\t\t\t  \n\t\t\t\t\t\t\t  <\/a>\n\n\t\t\t\t\t\t  <\/div>\n\t\t\t\t\t\t  <div class=\"relatedthumb \" style=\"width:125px;float:left;overflow:hidden;\">  \n\t\t\t\t\t\t\t  \n\t\t\t\t\t\t\t  <a  href=\"https:\/\/redept.com.br\/blogosfera\/gestao-feminina-nos-botecos-de-bh-transforma-comida-cultura-e-convivencia\/\"  >\n\t\t\t\t\t\t\t\t\t  <div class=\"yuzo-img-wrap \" style=\"width: 125px;height:90px;\">\n\t\t\t\t\t\t\t\t\t\t\n\t\t\t\t\t\t\t\t\t\t<div class=\"yuzo-img\" style=\"background:url('https:\/\/redept.org\/blogosfera\/wp-content\/plugins\/yuzo-related-post\/assets\/images\/default.png') 50% 50% no-repeat;width: 125px;height:90px;margin-bottom: 5px;background-size: cover; \"><\/div>\n\t\t\t\t\t\t\t\t\t  <\/div>\n\t\t\t\t\t\t\t\t\t  \n\t\t\t\t\t\t\t\t   <span class=\"yuzo__text--title\" style=\"font-size:13px;\">Gest\u00e3o feminina nos botecos de BH transforma comid...<\/span>\n\t\t\t\t\t\t\t  \n\t\t\t\t\t\t\t  \n\t\t\t\t\t\t\t  <\/a>\n\n\t\t\t\t\t\t  <\/div>\n\t\t\t\t\t\t  <div class=\"relatedthumb \" style=\"width:125px;float:left;overflow:hidden;\">  \n\t\t\t\t\t\t\t  \n\t\t\t\t\t\t\t  <a  href=\"https:\/\/redept.com.br\/blogosfera\/cop30-edinho-silva-defende-acao-urgente-contra-crise-climatica\/\"  >\n\t\t\t\t\t\t\t\t\t  <div class=\"yuzo-img-wrap \" style=\"width: 125px;height:90px;\">\n\t\t\t\t\t\t\t\t\t\t\n\t\t\t\t\t\t\t\t\t\t<div class=\"yuzo-img\" style=\"background:url('https:\/\/redept.org\/blogosfera\/wp-content\/plugins\/yuzo-related-post\/assets\/images\/default.png') 50% 50% no-repeat;width: 125px;height:90px;margin-bottom: 5px;background-size: cover; \"><\/div>\n\t\t\t\t\t\t\t\t\t  <\/div>\n\t\t\t\t\t\t\t\t\t  \n\t\t\t\t\t\t\t\t   <span class=\"yuzo__text--title\" style=\"font-size:13px;\">COP30: Edinho Silva defende a\u00e7\u00e3o urgente contra cr...<\/span>\n\t\t\t\t\t\t\t  \n\t\t\t\t\t\t\t  \n\t\t\t\t\t\t\t  <\/a>\n\n\t\t\t\t\t\t  <\/div>\n\t\t\t\t\t\t  <div class=\"relatedthumb \" style=\"width:125px;float:left;overflow:hidden;\">  \n\t\t\t\t\t\t\t  \n\t\t\t\t\t\t\t  <a  href=\"https:\/\/redept.com.br\/blogosfera\/preocupado-com-2026-stf-promove-encontro-com-influenciadores\/\"  >\n\t\t\t\t\t\t\t\t\t  <div class=\"yuzo-img-wrap \" style=\"width: 125px;height:90px;\">\n\t\t\t\t\t\t\t\t\t\t\n\t\t\t\t\t\t\t\t\t\t<div class=\"yuzo-img\" style=\"background:url('https:\/\/redept.com.br\/blogosfera\/wp-content\/uploads\/2025\/08\/image-1-38-150x128.png') 50% 50% no-repeat;width: 125px;height:90px;margin-bottom: 5px;background-size: cover; \"><\/div>\n\t\t\t\t\t\t\t\t\t  <\/div>\n\t\t\t\t\t\t\t\t\t  \n\t\t\t\t\t\t\t\t   <span class=\"yuzo__text--title\" style=\"font-size:13px;\">Preocupado com 2026, STF promove encontro com infl...<\/span>\n\t\t\t\t\t\t\t  \n\t\t\t\t\t\t\t  \n\t\t\t\t\t\t\t  <\/a>\n\n\t\t\t\t\t\t  <\/div>\n<\/div> <script>\n\t\t\t\t\t\t  jQuery(document).ready(function( $ ){\n\t\t\t\t\t\t\t\/\/jQuery('.yuzo_related_post').equalizer({ overflow : 'relatedthumb' });\n\t\t\t\t\t\t\tjQuery('.yuzo_related_post .yuzo_wraps').equalizer({ columns : '> div' });\n\t\t\t\t\t\t   })\n\t\t\t\t\t\t  <\/script> <!-- End Yuzo :) -->","protected":false},"excerpt":{"rendered":"<p>Um relat\u00f3rio reservado da\u00a0Ag\u00eancia Brasileira de Intelig\u00eancia (Abin) produzido durante o governo Jair Bolsonaro, ao qual o ICL Not\u00edcias teve acesso, mostra que a estrutura federal de intelig\u00eancia monitorou protestos, movimentos populares, organiza\u00e7\u00f5es religiosas e demandas de atingidos no contexto dos atos que marcariam um ano do rompimento da\u00a0barragem da Vale em Brumadinho, na Regi\u00e3o [&hellip;]<\/p>\n","protected":false},"author":2,"featured_media":0,"comment_status":"open","ping_status":"closed","sticky":false,"template":"","format":"standard","meta":{"fifu_image_url":"","fifu_image_alt":"","footnotes":""},"categories":[4749,11450,36761,870,2912,4092,50718,50719,50720,2485,579,10344,1467,50721,50722,50723,1781,2791,2487,50724,6695,302,50725,3645,9176,50726,3577,1385,17756,872],"tags":[],"class_list":["post-84585","post","type-post","status-publish","format-standard","hentry","category-abin","category-atingidos","category-auxilio-emergencial","category-brumadinho","category-casa-civil","category-cnbb","category-comite-popular","category-desastre-barragem","category-direito-de-protesto","category-frente-brasil-popular","category-governo-bolsonaro","category-gsi","category-igreja-catolica","category-indenizacao-vale","category-inteligencia-estatal","category-janeiro-marrom","category-liberdade-de-expressao","category-lutas","category-manifestacoes","category-monitoramento-politico","category-movimentos-populares","category-mst","category-projeto-manuelzao","category-protestos","category-reporter-brasil","category-rompimento-barragem","category-seguranca-nacional","category-tragedia-ambiental","category-ufmg","category-vale"],"_links":{"self":[{"href":"https:\/\/redept.com.br\/blogosfera\/wp-json\/wp\/v2\/posts\/84585","targetHints":{"allow":["GET"]}}],"collection":[{"href":"https:\/\/redept.com.br\/blogosfera\/wp-json\/wp\/v2\/posts"}],"about":[{"href":"https:\/\/redept.com.br\/blogosfera\/wp-json\/wp\/v2\/types\/post"}],"author":[{"embeddable":true,"href":"https:\/\/redept.com.br\/blogosfera\/wp-json\/wp\/v2\/users\/2"}],"replies":[{"embeddable":true,"href":"https:\/\/redept.com.br\/blogosfera\/wp-json\/wp\/v2\/comments?post=84585"}],"version-history":[{"count":0,"href":"https:\/\/redept.com.br\/blogosfera\/wp-json\/wp\/v2\/posts\/84585\/revisions"}],"wp:attachment":[{"href":"https:\/\/redept.com.br\/blogosfera\/wp-json\/wp\/v2\/media?parent=84585"}],"wp:term":[{"taxonomy":"category","embeddable":true,"href":"https:\/\/redept.com.br\/blogosfera\/wp-json\/wp\/v2\/categories?post=84585"},{"taxonomy":"post_tag","embeddable":true,"href":"https:\/\/redept.com.br\/blogosfera\/wp-json\/wp\/v2\/tags?post=84585"}],"curies":[{"name":"wp","href":"https:\/\/api.w.org\/{rel}","templated":true}]}}