{"id":84586,"date":"2026-04-24T14:34:00","date_gmt":"2026-04-24T17:34:00","guid":{"rendered":"https:\/\/redept.com.br\/blogosfera\/manifestacoes-de-mulheres-cobram-hugo-motta-por-votacao-de-projeto-que-criminaliza-misoginia\/"},"modified":"2026-04-24T14:34:00","modified_gmt":"2026-04-24T17:34:00","slug":"manifestacoes-de-mulheres-cobram-hugo-motta-por-votacao-de-projeto-que-criminaliza-misoginia","status":"publish","type":"post","link":"https:\/\/redept.com.br\/blogosfera\/manifestacoes-de-mulheres-cobram-hugo-motta-por-votacao-de-projeto-que-criminaliza-misoginia\/","title":{"rendered":"Manifesta\u00e7\u00f5es de mulheres cobram Hugo Motta por vota\u00e7\u00e3o de projeto que criminaliza misoginia"},"content":{"rendered":"<p>Mobiliza\u00e7\u00f5es de mulheres realizadas no s\u00e1bado (25) cobrar\u00e3o do presidente da C\u00e2mara dos Deputados, Hugo Motta (Republicanos-PB), a vota\u00e7\u00e3o do Projeto de Lei (PL) 896\/2023, conhecido como PL antimisoginia. A proposta criminaliza a misoginia e a equipara ao racismo, com penas que variam de 2 a 5 anos de pris\u00e3o, al\u00e9m de multa. O texto [\u2026]<\/p>\n<p><a href=\"https:\/\/www.brasildefato.com.br\/2026\/04\/24\/manifestacoes-de-mulheres-cobram-hugo-motta-por-votacao-de-projeto-que-criminaliza-misoginia\/\" rel=\"nofollow\">Fonte<\/a><\/p>\n<!-- Begin Yuzo --><div class='yuzo_related_post style-1'  data-version='5.12.89'><!-- without result --><div class='yuzo_clearfixed yuzo__title yuzo__title'><h3>Related Post<\/h3><\/div>\n\t\t\t\t\t\t  <div class=\"relatedthumb \" style=\"width:125px;float:left;overflow:hidden;\">  \n\t\t\t\t\t\t\t  \n\t\t\t\t\t\t\t  <a  href=\"https:\/\/redept.com.br\/blogosfera\/randolfe-rodrigues-denuncia-o-desmonte-da-fiscalizacao-de-convenios-no-governo-bolsonaro\/\"  >\n\t\t\t\t\t\t\t\t\t  <div class=\"yuzo-img-wrap \" style=\"width: 125px;height:90px;\">\n\t\t\t\t\t\t\t\t\t\t\n\t\t\t\t\t\t\t\t\t\t<div class=\"yuzo-img\" style=\"background:url('https:\/\/redept.org\/blogosfera\/wp-content\/plugins\/yuzo-related-post\/assets\/images\/default.png') 50% 50% no-repeat;width: 125px;height:90px;margin-bottom: 5px;background-size: cover; \"><\/div>\n\t\t\t\t\t\t\t\t\t  <\/div>\n\t\t\t\t\t\t\t\t\t  \n\t\t\t\t\t\t\t\t   <span class=\"yuzo__text--title\" style=\"font-size:13px;\">Randolfe Rodrigues denuncia o Desmonte da Fiscaliz...<\/span>\n\t\t\t\t\t\t\t  \n\t\t\t\t\t\t\t  \n\t\t\t\t\t\t\t  <\/a>\n\n\t\t\t\t\t\t  <\/div>\n\t\t\t\t\t\t  <div class=\"relatedthumb \" style=\"width:125px;float:left;overflow:hidden;\">  \n\t\t\t\t\t\t\t  \n\t\t\t\t\t\t\t  <a  href=\"https:\/\/redept.com.br\/blogosfera\/o-boxe-para-uma-geracao-de-mulheres-estrategistas\/\"  >\n\t\t\t\t\t\t\t\t\t  <div class=\"yuzo-img-wrap \" style=\"width: 125px;height:90px;\">\n\t\t\t\t\t\t\t\t\t\t\n\t\t\t\t\t\t\t\t\t\t<div class=\"yuzo-img\" style=\"background:url('https:\/\/redept.org\/blogosfera\/wp-content\/plugins\/yuzo-related-post\/assets\/images\/default.png') 50% 50% no-repeat;width: 125px;height:90px;margin-bottom: 5px;background-size: cover; \"><\/div>\n\t\t\t\t\t\t\t\t\t  <\/div>\n\t\t\t\t\t\t\t\t\t  \n\t\t\t\t\t\t\t\t   <span class=\"yuzo__text--title\" style=\"font-size:13px;\">O boxe para uma gera\u00e7\u00e3o de mulheres estrategistas...<\/span>\n\t\t\t\t\t\t\t  \n\t\t\t\t\t\t\t  \n\t\t\t\t\t\t\t  <\/a>\n\n\t\t\t\t\t\t  <\/div>\n\t\t\t\t\t\t  <div class=\"relatedthumb \" style=\"width:125px;float:left;overflow:hidden;\">  \n\t\t\t\t\t\t\t  \n\t\t\t\t\t\t\t  <a  href=\"https:\/\/redept.com.br\/blogosfera\/guerra-no-oriente-medio-governo-brasileiro-vai-monitorar-mercado-de-combustiveis\/\"  >\n\t\t\t\t\t\t\t\t\t  <div class=\"yuzo-img-wrap \" style=\"width: 125px;height:90px;\">\n\t\t\t\t\t\t\t\t\t\t\n\t\t\t\t\t\t\t\t\t\t<div class=\"yuzo-img\" style=\"background:url('https:\/\/redept.org\/blogosfera\/wp-content\/plugins\/yuzo-related-post\/assets\/images\/default.png') 50% 50% no-repeat;width: 125px;height:90px;margin-bottom: 5px;background-size: cover; \"><\/div>\n\t\t\t\t\t\t\t\t\t  <\/div>\n\t\t\t\t\t\t\t\t\t  \n\t\t\t\t\t\t\t\t   <span class=\"yuzo__text--title\" style=\"font-size:13px;\">Guerra no Oriente M\u00e9dio: governo brasileiro vai mo...<\/span>\n\t\t\t\t\t\t\t  \n\t\t\t\t\t\t\t  \n\t\t\t\t\t\t\t  <\/a>\n\n\t\t\t\t\t\t  <\/div>\n\t\t\t\t\t\t  <div class=\"relatedthumb \" style=\"width:125px;float:left;overflow:hidden;\">  \n\t\t\t\t\t\t\t  \n\t\t\t\t\t\t\t  <a  href=\"https:\/\/redept.com.br\/blogosfera\/cpi-contra-moraes-veja-os-dialogos-que-a-pf-encontrou-no-celular-de-bolsonaro\/\"  >\n\t\t\t\t\t\t\t\t\t  <div class=\"yuzo-img-wrap \" style=\"width: 125px;height:90px;\">\n\t\t\t\t\t\t\t\t\t\t\n\t\t\t\t\t\t\t\t\t\t<div class=\"yuzo-img\" style=\"background:url('https:\/\/redept.org\/blogosfera\/wp-content\/plugins\/yuzo-related-post\/assets\/images\/default.png') 50% 50% no-repeat;width: 125px;height:90px;margin-bottom: 5px;background-size: cover; \"><\/div>\n\t\t\t\t\t\t\t\t\t  <\/div>\n\t\t\t\t\t\t\t\t\t  \n\t\t\t\t\t\t\t\t   <span class=\"yuzo__text--title\" style=\"font-size:13px;\">CPI contra Moraes: Veja os di\u00e1logos que a PF encon...<\/span>\n\t\t\t\t\t\t\t  \n\t\t\t\t\t\t\t  \n\t\t\t\t\t\t\t  <\/a>\n\n\t\t\t\t\t\t  <\/div>\n<\/div> <script>\n\t\t\t\t\t\t  jQuery(document).ready(function( $ ){\n\t\t\t\t\t\t\t\/\/jQuery('.yuzo_related_post').equalizer({ overflow : 'relatedthumb' });\n\t\t\t\t\t\t\tjQuery('.yuzo_related_post .yuzo_wraps').equalizer({ columns : '> div' });\n\t\t\t\t\t\t   })\n\t\t\t\t\t\t  <\/script> <!-- End Yuzo :) -->","protected":false},"excerpt":{"rendered":"<p>Mobiliza\u00e7\u00f5es de mulheres realizadas no s\u00e1bado (25) cobrar\u00e3o do presidente da C\u00e2mara dos Deputados, Hugo Motta (Republicanos-PB), a vota\u00e7\u00e3o do Projeto de Lei (PL) 896\/2023, conhecido como PL antimisoginia. A proposta criminaliza a misoginia e a equipara ao racismo, com penas que variam de 2 a 5 anos de pris\u00e3o, al\u00e9m de multa. O texto [&hellip;]<\/p>\n","protected":false},"author":2,"featured_media":0,"comment_status":"open","ping_status":"closed","sticky":false,"template":"","format":"standard","meta":{"fifu_image_url":"","fifu_image_alt":"","footnotes":""},"categories":[40456,50727,4307,298,35304,28523,38659,444,2859,161,13770,3325,827,4617,50728,50729,50730,1782,4787,26245,40464,132,5422,45182,7216,189,73,4720,26067,422,1090],"tags":[],"class_list":["post-84586","post","type-post","status-publish","format-standard","hentry","category-ana-paula-lobato","category-ativismo-feminino","category-ato-publico","category-camara-dos-deputados","category-cidades-brasileiras","category-crime-de-odio","category-criminalizacao-da-misoginia","category-direitos-das-mulheres","category-feminismo","category-governo-federal","category-grupo-de-trabalho","category-hugo-motta","category-igualdade-de-genero","category-imprescritivel","category-inafiancavel","category-levante-mulheres-vivas","category-manifestacao-mulheres","category-misoginia","category-mobilizacao-nacional","category-pauta-feminina","category-pl-antimisoginia","category-politica","category-politica-brasileira","category-projeto-de-lei-896-2023","category-protecao-as-mulheres","category-protesto","category-seguranca-publica","category-senado-federal","category-sociedade-civil","category-violencia-contra-a-mulher","category-violencia-de-genero"],"_links":{"self":[{"href":"https:\/\/redept.com.br\/blogosfera\/wp-json\/wp\/v2\/posts\/84586","targetHints":{"allow":["GET"]}}],"collection":[{"href":"https:\/\/redept.com.br\/blogosfera\/wp-json\/wp\/v2\/posts"}],"about":[{"href":"https:\/\/redept.com.br\/blogosfera\/wp-json\/wp\/v2\/types\/post"}],"author":[{"embeddable":true,"href":"https:\/\/redept.com.br\/blogosfera\/wp-json\/wp\/v2\/users\/2"}],"replies":[{"embeddable":true,"href":"https:\/\/redept.com.br\/blogosfera\/wp-json\/wp\/v2\/comments?post=84586"}],"version-history":[{"count":0,"href":"https:\/\/redept.com.br\/blogosfera\/wp-json\/wp\/v2\/posts\/84586\/revisions"}],"wp:attachment":[{"href":"https:\/\/redept.com.br\/blogosfera\/wp-json\/wp\/v2\/media?parent=84586"}],"wp:term":[{"taxonomy":"category","embeddable":true,"href":"https:\/\/redept.com.br\/blogosfera\/wp-json\/wp\/v2\/categories?post=84586"},{"taxonomy":"post_tag","embeddable":true,"href":"https:\/\/redept.com.br\/blogosfera\/wp-json\/wp\/v2\/tags?post=84586"}],"curies":[{"name":"wp","href":"https:\/\/api.w.org\/{rel}","templated":true}]}}