{"id":84603,"date":"2026-04-24T15:21:39","date_gmt":"2026-04-24T18:21:39","guid":{"rendered":"https:\/\/redept.com.br\/blogosfera\/caminhos-negros-revela-historia-invisibilizada-da-populacao-negra-em-rio-grande-rs\/"},"modified":"2026-04-24T15:21:39","modified_gmt":"2026-04-24T18:21:39","slug":"caminhos-negros-revela-historia-invisibilizada-da-populacao-negra-em-rio-grande-rs","status":"publish","type":"post","link":"https:\/\/redept.com.br\/blogosfera\/caminhos-negros-revela-historia-invisibilizada-da-populacao-negra-em-rio-grande-rs\/","title":{"rendered":"Caminhos Negros revela hist\u00f3ria invisibilizada da popula\u00e7\u00e3o negra em Rio Grande (RS)"},"content":{"rendered":"<p>Projeto nasce do movimento negro, articula educa\u00e7\u00e3o e mem\u00f3ria com percursos mapeados em circuito a c\u00e9u aberto<\/p>\n<p><a href=\"https:\/\/www.brasildefato.com.br\/2026\/04\/24\/caminhos-negros-revela-historia-invisibilizada-da-populacao-negra-em-rio-grande-rs\/\" rel=\"nofollow\">Fonte<\/a><\/p>\n<!-- Begin Yuzo --><div class='yuzo_related_post style-1'  data-version='5.12.89'><!-- without result --><div class='yuzo_clearfixed yuzo__title yuzo__title'><h3>Related Post<\/h3><\/div>\n\t\t\t\t\t\t  <div class=\"relatedthumb \" style=\"width:125px;float:left;overflow:hidden;\">  \n\t\t\t\t\t\t\t  \n\t\t\t\t\t\t\t  <a  href=\"https:\/\/redept.com.br\/blogosfera\/brasil-reforca-lideranca-global-contra-a-dengue\/\"  >\n\t\t\t\t\t\t\t\t\t  <div class=\"yuzo-img-wrap \" style=\"width: 125px;height:90px;\">\n\t\t\t\t\t\t\t\t\t\t\n\t\t\t\t\t\t\t\t\t\t<div class=\"yuzo-img\" style=\"background:url('https:\/\/redept.org\/blogosfera\/wp-content\/plugins\/yuzo-related-post\/assets\/images\/default.png') 50% 50% no-repeat;width: 125px;height:90px;margin-bottom: 5px;background-size: cover; \"><\/div>\n\t\t\t\t\t\t\t\t\t  <\/div>\n\t\t\t\t\t\t\t\t\t  \n\t\t\t\t\t\t\t\t   <span class=\"yuzo__text--title\" style=\"font-size:13px;\">Brasil refor\u00e7a lideran\u00e7a global contra a dengue<\/span>\n\t\t\t\t\t\t\t  \n\t\t\t\t\t\t\t  \n\t\t\t\t\t\t\t  <\/a>\n\n\t\t\t\t\t\t  <\/div>\n\t\t\t\t\t\t  <div class=\"relatedthumb \" style=\"width:125px;float:left;overflow:hidden;\">  \n\t\t\t\t\t\t\t  \n\t\t\t\t\t\t\t  <a  href=\"https:\/\/redept.com.br\/blogosfera\/cinemateca-brasileira-apresenta-retrospectiva-jose-rubens-siqueira\/\"  >\n\t\t\t\t\t\t\t\t\t  <div class=\"yuzo-img-wrap \" style=\"width: 125px;height:90px;\">\n\t\t\t\t\t\t\t\t\t\t\n\t\t\t\t\t\t\t\t\t\t<div class=\"yuzo-img\" style=\"background:url('https:\/\/redept.org\/blogosfera\/wp-content\/plugins\/yuzo-related-post\/assets\/images\/default.png') 50% 50% no-repeat;width: 125px;height:90px;margin-bottom: 5px;background-size: cover; \"><\/div>\n\t\t\t\t\t\t\t\t\t  <\/div>\n\t\t\t\t\t\t\t\t\t  \n\t\t\t\t\t\t\t\t   <span class=\"yuzo__text--title\" style=\"font-size:13px;\">Cinemateca Brasileira apresenta \u201cRetrospectiva Jos...<\/span>\n\t\t\t\t\t\t\t  \n\t\t\t\t\t\t\t  \n\t\t\t\t\t\t\t  <\/a>\n\n\t\t\t\t\t\t  <\/div>\n\t\t\t\t\t\t  <div class=\"relatedthumb \" style=\"width:125px;float:left;overflow:hidden;\">  \n\t\t\t\t\t\t\t  \n\t\t\t\t\t\t\t  <a  href=\"https:\/\/redept.com.br\/blogosfera\/cpmi-revela-como-gestao-bolsonaro-abriu-caminho-para-avanco-das-fraudes-no-inss\/\"  >\n\t\t\t\t\t\t\t\t\t  <div class=\"yuzo-img-wrap \" style=\"width: 125px;height:90px;\">\n\t\t\t\t\t\t\t\t\t\t\n\t\t\t\t\t\t\t\t\t\t<div class=\"yuzo-img\" style=\"background:url('https:\/\/redept.org\/blogosfera\/wp-content\/plugins\/yuzo-related-post\/assets\/images\/default.png') 50% 50% no-repeat;width: 125px;height:90px;margin-bottom: 5px;background-size: cover; \"><\/div>\n\t\t\t\t\t\t\t\t\t  <\/div>\n\t\t\t\t\t\t\t\t\t  \n\t\t\t\t\t\t\t\t   <span class=\"yuzo__text--title\" style=\"font-size:13px;\">CPMI revela como gest\u00e3o Bolsonaro abriu caminho pa...<\/span>\n\t\t\t\t\t\t\t  \n\t\t\t\t\t\t\t  \n\t\t\t\t\t\t\t  <\/a>\n\n\t\t\t\t\t\t  <\/div>\n\t\t\t\t\t\t  <div class=\"relatedthumb \" style=\"width:125px;float:left;overflow:hidden;\">  \n\t\t\t\t\t\t\t  \n\t\t\t\t\t\t\t  <a  href=\"https:\/\/redept.com.br\/blogosfera\/mpt-pede-expropriacao-de-fazenda-de-gado-flagrada-com-trabalho-escravo-no-ms\/\"  >\n\t\t\t\t\t\t\t\t\t  <div class=\"yuzo-img-wrap \" style=\"width: 125px;height:90px;\">\n\t\t\t\t\t\t\t\t\t\t\n\t\t\t\t\t\t\t\t\t\t<div class=\"yuzo-img\" style=\"background:url('https:\/\/redept.org\/blogosfera\/wp-content\/plugins\/yuzo-related-post\/assets\/images\/default.png') 50% 50% no-repeat;width: 125px;height:90px;margin-bottom: 5px;background-size: cover; \"><\/div>\n\t\t\t\t\t\t\t\t\t  <\/div>\n\t\t\t\t\t\t\t\t\t  \n\t\t\t\t\t\t\t\t   <span class=\"yuzo__text--title\" style=\"font-size:13px;\">MPT pede expropria\u00e7\u00e3o de fazenda de gado flagrada ...<\/span>\n\t\t\t\t\t\t\t  \n\t\t\t\t\t\t\t  \n\t\t\t\t\t\t\t  <\/a>\n\n\t\t\t\t\t\t  <\/div>\n<\/div> <script>\n\t\t\t\t\t\t  jQuery(document).ready(function( $ ){\n\t\t\t\t\t\t\t\/\/jQuery('.yuzo_related_post').equalizer({ overflow : 'relatedthumb' });\n\t\t\t\t\t\t\tjQuery('.yuzo_related_post .yuzo_wraps').equalizer({ columns : '> div' });\n\t\t\t\t\t\t   })\n\t\t\t\t\t\t  <\/script> <!-- End Yuzo :) -->","protected":false},"excerpt":{"rendered":"<p>Projeto nasce do movimento negro, articula educa\u00e7\u00e3o e mem\u00f3ria com percursos mapeados em circuito a c\u00e9u aberto Fonte Related Post Ruptura com Chade afasta de vez bases militares fr&#8230; Liban\u00eas conta como sobreviveu ao ataque de Israel &#8230; Projeto de Jaques vai usar tecnologias digitais pa&#8230; Beto Faro: de novo, o Oriente M\u00e9dio<\/p>\n","protected":false},"author":2,"featured_media":0,"comment_status":"open","ping_status":"closed","sticky":false,"template":"","format":"standard","meta":{"fifu_image_url":"","fifu_image_alt":"","footnotes":""},"categories":[50794,50795,50796,7724,1555,21005,2176,4836,50797,11381,50798,50799,5882,14386,50800,50801,50802,50803,138,50804,20870,38,50805,50806,41229,2390,50807,4632,19,50808,26462],"tags":[],"class_list":["post-84603","post","type-post","status-publish","format-standard","hentry","category-bairro-negro-centenario","category-charqueadas-pelotas","category-conselho-negro","category-cultura-afro-brasileira","category-direito-a-cidade","category-educacao-antirracista","category-escravidao","category-especial","category-forte-jesus-maria-jose","category-furg","category-getulio-vargas-rio-grande","category-historia-nao-contada","category-historia-negra","category-intolerancia-religiosa","category-invisibilizacao","category-lei-10639","category-mapeamento-terreiros","category-memoria-e-apagamento","category-passo-dos-negros","category-politica-de-igualdade-racial","category-populacao-negra","category-porto-alegre","category-premio-rotas-negras","category-projeto-caminhos-negros","category-quilombos-urbanos","category-racismo-estrutural","category-religiosidade-de-matriz-africana","category-reparacao-historica","category-rio-grande-do-sul","category-samba-e-pagode","category-territorios-negros"],"_links":{"self":[{"href":"https:\/\/redept.com.br\/blogosfera\/wp-json\/wp\/v2\/posts\/84603","targetHints":{"allow":["GET"]}}],"collection":[{"href":"https:\/\/redept.com.br\/blogosfera\/wp-json\/wp\/v2\/posts"}],"about":[{"href":"https:\/\/redept.com.br\/blogosfera\/wp-json\/wp\/v2\/types\/post"}],"author":[{"embeddable":true,"href":"https:\/\/redept.com.br\/blogosfera\/wp-json\/wp\/v2\/users\/2"}],"replies":[{"embeddable":true,"href":"https:\/\/redept.com.br\/blogosfera\/wp-json\/wp\/v2\/comments?post=84603"}],"version-history":[{"count":0,"href":"https:\/\/redept.com.br\/blogosfera\/wp-json\/wp\/v2\/posts\/84603\/revisions"}],"wp:attachment":[{"href":"https:\/\/redept.com.br\/blogosfera\/wp-json\/wp\/v2\/media?parent=84603"}],"wp:term":[{"taxonomy":"category","embeddable":true,"href":"https:\/\/redept.com.br\/blogosfera\/wp-json\/wp\/v2\/categories?post=84603"},{"taxonomy":"post_tag","embeddable":true,"href":"https:\/\/redept.com.br\/blogosfera\/wp-json\/wp\/v2\/tags?post=84603"}],"curies":[{"name":"wp","href":"https:\/\/api.w.org\/{rel}","templated":true}]}}