{"id":84625,"date":"2026-04-24T16:14:49","date_gmt":"2026-04-24T19:14:49","guid":{"rendered":"https:\/\/redept.com.br\/blogosfera\/polemica-mexico-reconhece-cachorro-caramelo-como-raca-nacional-e-provoca-reacao-no-brasil\/"},"modified":"2026-04-24T16:14:49","modified_gmt":"2026-04-24T19:14:49","slug":"polemica-mexico-reconhece-cachorro-caramelo-como-raca-nacional-e-provoca-reacao-no-brasil","status":"publish","type":"post","link":"https:\/\/redept.com.br\/blogosfera\/polemica-mexico-reconhece-cachorro-caramelo-como-raca-nacional-e-provoca-reacao-no-brasil\/","title":{"rendered":"Pol\u00eamica! M\u00e9xico reconhece \u201ccachorro caramelo\u201d como ra\u00e7a nacional e provoca rea\u00e7\u00e3o no Brasil"},"content":{"rendered":"<p>Uma decis\u00e3o recente da Procuradoria de Prote\u00e7\u00e3o Ambiental do Estado do M\u00e9xico, no M\u00e9xico, desencadeou uma disputa inusitada e bem-humorada nas redes sociais latino-americanas. O \u00f3rg\u00e3o anunciou o reconhecimento do chamado \u201c<strong>perrito amarillo<\/strong>\u201d, o t\u00e3o conhecido <strong>cachorro vira-lata caramelo<\/strong> no Brasil, como uma ra\u00e7a nacional, colocando o animal ao lado de \u00edcones tradicionais como o Xoloitzcuintli e o Chihuahua. Entenda na <strong><a href=\"https:\/\/tvtnews.com.br\/\">TVT News<\/a><\/strong>.<\/p>\n<h2>Medida vira debate cultural<\/h2>\n<p>A iniciativa mexicana n\u00e3o tem car\u00e1ter estritamente cient\u00edfico. Segundo autoridades locais, o objetivo principal \u00e9 combater o preconceito contra c\u00e3es sem pedigree e incentivar a ado\u00e7\u00e3o em um pa\u00eds que enfrenta uma grave crise de abandono animal. Estima-se que o M\u00e9xico tenha cerca de 29,7 milh\u00f5es de c\u00e3es e gatos em situa\u00e7\u00e3o de rua, com aproximadamente 70% dos c\u00e3es vivendo sem tutor.<\/p>\n<p>A estrat\u00e9gia busca transformar a percep\u00e7\u00e3o social desses animais, frequentemente negligenciados, em s\u00edmbolos de identidade e responsabilidade coletiva.<\/p>\n<h2>Brasileiros reagem: \u201cs\u00edmbolo nacional\u201d<\/h2>\n<p>A repercuss\u00e3o no Brasil foi imediata. Internautas passaram a reivindicar o \u201cvira-lata caramelo\u201d como patrim\u00f4nio cultural brasileiro, gerando uma onda de coment\u00e1rios ir\u00f4nicos e nacionalistas nas redes.<\/p>\n<p>Express\u00f5es como \u201croubaram nosso s\u00edmbolo\u201d e \u201cisso \u00e9 papo de guerra\u201d viralizaram, ainda que em tom de humor. O animal, que j\u00e1 \u00e9 protagonista de memes, blocos de Carnaval e produ\u00e7\u00f5es audiovisuais, \u00e9 reconhecido como um \u00edcone popular no pa\u00eds.<\/p>\n<figure>\n<div>\n<blockquote data-width=\"550\" data-dnt=\"true\">\n<p lang=\"pt\" dir=\"ltr\">Acho que nem Portugal roubou tanto da gente <a href=\"https:\/\/t.co\/mD6uDGa7Ra\" target=\"_blank\" rel=\"noopener noreferrer nofollow\">https:\/\/t.co\/mD6uDGa7Ra<\/a><\/p>\n<p>\u2014 1eozim (@1eozinho01) <a href=\"https:\/\/twitter.com\/1eozinho01\/status\/2046357474098172068?ref_src=twsrc%5Etfw\" target=\"_blank\" rel=\"noopener noreferrer nofollow\">April 20, 2026<\/a><\/p><\/blockquote>\n<\/div>\n<\/figure>\n<p>Curiosamente, a decis\u00e3o mexicana teria sido inspirada por uma campanha brasileira de 2025 que buscava justamente valorizar o caramelo como s\u00edmbolo cultural e aumentar sua ado\u00e7\u00e3o.<\/p>\n<p><a href=\"https:\/\/chat.whatsapp.com\/HC8TJaWXK8t4wNAG0oRwZI?mode=gi_t\" target=\"_blank\" rel=\"noreferrer noopener nofollow\">&gt;&gt; Siga o grupo da\u00a0<strong>TVT News\u00a0<\/strong>no WhatsApp<\/a><\/p>\n<h2>Reconhecimento esbarra na ci\u00eancia<\/h2>\n<p>Apesar do an\u00fancio oficial, especialistas destacam que o \u201ccachorro caramelo\u201d n\u00e3o atende aos crit\u00e9rios t\u00e9cnicos exigidos pela F\u00e9d\u00e9ration Cynologique Internationale para o reconhecimento de uma ra\u00e7a.<\/p>\n<p>Entre as exig\u00eancias est\u00e3o estabilidade gen\u00e9tica comprovada, linhagens definidas e acompanhamento por v\u00e1rias gera\u00e7\u00f5es, requisitos que n\u00e3o se aplicam ao caramelo, cuja principal caracter\u00edstica \u00e9 justamente a miscigena\u00e7\u00e3o.<\/p>\n<p>Esses c\u00e3es possuem tra\u00e7os gen\u00e9ticos de centenas de ra\u00e7as diferentes, sendo sua apar\u00eancia padronizada resultado de adapta\u00e7\u00e3o ao ambiente, especialmente ao clima quente.<\/p>\n<h2>Fama contrasta com abandono<\/h2>\n<p>Apesar da popularidade nas redes, a realidade desses animais segue preocupante. Tanto no M\u00e9xico quanto no Brasil, c\u00e3es de pelagem amarelada est\u00e3o entre os mais abandonados e menos adotados.<\/p>\n<p>Dados apontam que, enquanto ra\u00e7as consideradas \u201cpuras\u201d recebem grande procura, os caramelos podem passar anos em abrigos sem interessados. No M\u00e9xico, mais de 1.300 animais s\u00e3o abandonados diariamente, e pol\u00edticas p\u00fablicas ainda incluem medidas controversas, como o sacrif\u00edcio em massa para controle populacional.<\/p>\n<h2>Veja alguns memes:<\/h2>\n<figure><img loading=\"lazy\" loading=\"lazy\" decoding=\"async\" width=\"797\" height=\"1024\"src=\"https:\/\/redept.com.br\/blogosfera\/wp-content\/uploads\/2026\/04\/Polemica-Mexico-reconhece-cachorro-caramelo-como-raca-nacional-e-provoca-reacao-no-Brasil-memes.jpg\" alt=\"Polemica-Mexico-reconhece-cachorro-caramelo-como-raca-nacional-e-provoca-reacao-no-Brasil-memes\" title=\"Pol\u00eamica! M\u00e9xico reconhece \u201ccachorro caramelo\u201d como ra\u00e7a nacional e provoca rea\u00e7\u00e3o no Brasil 11\" srcset=\"https:\/\/tvtnews.com.br\/wp-content\/uploads\/2026\/04\/Polemica-Mexico-reconhece-cachorro-caramelo-como-raca-nacional-e-provoca-reacao-no-Brasil-memes-797x1024.jpg 797w, https:\/\/tvtnews.com.br\/wp-content\/uploads\/2026\/04\/Polemica-Mexico-reconhece-cachorro-caramelo-como-raca-nacional-e-provoca-reacao-no-Brasil-memes-234x300.jpg 234w, https:\/\/tvtnews.com.br\/wp-content\/uploads\/2026\/04\/Polemica-Mexico-reconhece-cachorro-caramelo-como-raca-nacional-e-provoca-reacao-no-Brasil-memes-768x986.jpg 768w, https:\/\/tvtnews.com.br\/wp-content\/uploads\/2026\/04\/Polemica-Mexico-reconhece-cachorro-caramelo-como-raca-nacional-e-provoca-reacao-no-Brasil-memes-1196x1536.jpg 1196w, https:\/\/tvtnews.com.br\/wp-content\/uploads\/2026\/04\/Polemica-Mexico-reconhece-cachorro-caramelo-como-raca-nacional-e-provoca-reacao-no-Brasil-memes-1595x2048.jpg 1595w, https:\/\/redept.com.br\/blogosfera\/wp-content\/uploads\/2026\/04\/Polemica-Mexico-reconhece-cachorro-caramelo-como-raca-nacional-e-provoca-reacao-no-Brasil-memes.jpg 1600w\" sizes=\"auto, (max-width: 797px) 100vw, 797px\"><\/figure>\n<\/p>\n<h2>Leia mais not\u00edcias na TVT News<\/h2>\n<ul>\n<li><a href=\"https:\/\/tvtnews.com.br\/el-nino-deve-afetar-o-clima-a-partir-de-maio\/\">El Ni\u00f1o deve afetar o clima a partir de maio<\/a><\/li>\n<li><a href=\"https:\/\/tvtnews.com.br\/conselheiro-de-trump-chama-brasileiras-raca-maldita\/\">Conselheiro de Trump chama mulheres brasileiras de \u201cra\u00e7a maldita\u201d<\/a><\/li>\n<li><a href=\"https:\/\/tvtnews.com.br\/saude-do-lula-presidente-esta-em-hospital-de-sp\/\">Sa\u00fade do Lula: presidente recebe alta ap\u00f3s passar por procedimentos m\u00e9dicos<\/a><\/li>\n<\/ul>\n<p>The post <a rel=\"nofollow\" href=\"https:\/\/tvtnews.com.br\/mexico-reconhece-cachorro-caramelo-raca-nacional\/\">Pol\u00eamica! M\u00e9xico reconhece \u201ccachorro caramelo\u201d como ra\u00e7a nacional e provoca rea\u00e7\u00e3o no Brasil<\/a> appeared first on <a rel=\"nofollow\" href=\"https:\/\/tvtnews.com.br\/\">TVT News<\/a>.<\/p>\n<!-- Begin Yuzo --><div class='yuzo_related_post style-1'  data-version='5.12.89'><!-- without result --><div class='yuzo_clearfixed yuzo__title yuzo__title'><h3>Related Post<\/h3><\/div>\n\t\t\t\t\t\t  <div class=\"relatedthumb \" style=\"width:125px;float:left;overflow:hidden;\">  \n\t\t\t\t\t\t\t  \n\t\t\t\t\t\t\t  <a  href=\"https:\/\/redept.com.br\/blogosfera\/senado-dos-eua-rejeita-projeto-para-revogar-shutdown\/\"  >\n\t\t\t\t\t\t\t\t\t  <div class=\"yuzo-img-wrap \" style=\"width: 125px;height:90px;\">\n\t\t\t\t\t\t\t\t\t\t\n\t\t\t\t\t\t\t\t\t\t<div class=\"yuzo-img\" style=\"background:url('https:\/\/redept.com.br\/blogosfera\/wp-content\/uploads\/2025\/10\/pexels-gcambow-6237498-scaled-150x150.jpg') 50% 50% no-repeat;width: 125px;height:90px;margin-bottom: 5px;background-size: cover; \"><\/div>\n\t\t\t\t\t\t\t\t\t  <\/div>\n\t\t\t\t\t\t\t\t\t  \n\t\t\t\t\t\t\t\t   <span class=\"yuzo__text--title\" style=\"font-size:13px;\">Senado dos EUA rejeita projeto para revogar \u2018shutd...<\/span>\n\t\t\t\t\t\t\t  \n\t\t\t\t\t\t\t  \n\t\t\t\t\t\t\t  <\/a>\n\n\t\t\t\t\t\t  <\/div>\n\t\t\t\t\t\t  <div class=\"relatedthumb \" style=\"width:125px;float:left;overflow:hidden;\">  \n\t\t\t\t\t\t\t  \n\t\t\t\t\t\t\t  <a  href=\"https:\/\/redept.com.br\/blogosfera\/governo-lula-e-mpf-recomendam-ao-x-barrar-conteudo-sexual-na-ia-grok\/\"  >\n\t\t\t\t\t\t\t\t\t  <div class=\"yuzo-img-wrap \" style=\"width: 125px;height:90px;\">\n\t\t\t\t\t\t\t\t\t\t\n\t\t\t\t\t\t\t\t\t\t<div class=\"yuzo-img\" style=\"background:url('https:\/\/redept.com.br\/blogosfera\/wp-content\/uploads\/2026\/01\/inteligencia_artificial-2-150x150.png') 50% 50% no-repeat;width: 125px;height:90px;margin-bottom: 5px;background-size: cover; \"><\/div>\n\t\t\t\t\t\t\t\t\t  <\/div>\n\t\t\t\t\t\t\t\t\t  \n\t\t\t\t\t\t\t\t   <span class=\"yuzo__text--title\" style=\"font-size:13px;\">Governo Lula e MPF recomendam ao X barrar conte\u00fado...<\/span>\n\t\t\t\t\t\t\t  \n\t\t\t\t\t\t\t  \n\t\t\t\t\t\t\t  <\/a>\n\n\t\t\t\t\t\t  <\/div>\n\t\t\t\t\t\t  <div class=\"relatedthumb \" style=\"width:125px;float:left;overflow:hidden;\">  \n\t\t\t\t\t\t\t  \n\t\t\t\t\t\t\t  <a  href=\"https:\/\/redept.com.br\/blogosfera\/acampamento-celebra-20-anos-do-levante-popular-da-juventude-com-formacao-politica-cultura-e-economia-solidaria\/\"  >\n\t\t\t\t\t\t\t\t\t  <div class=\"yuzo-img-wrap \" style=\"width: 125px;height:90px;\">\n\t\t\t\t\t\t\t\t\t\t\n\t\t\t\t\t\t\t\t\t\t<div class=\"yuzo-img\" style=\"background:url('https:\/\/redept.org\/blogosfera\/wp-content\/plugins\/yuzo-related-post\/assets\/images\/default.png') 50% 50% no-repeat;width: 125px;height:90px;margin-bottom: 5px;background-size: cover; \"><\/div>\n\t\t\t\t\t\t\t\t\t  <\/div>\n\t\t\t\t\t\t\t\t\t  \n\t\t\t\t\t\t\t\t   <span class=\"yuzo__text--title\" style=\"font-size:13px;\">Acampamento celebra 20 anos do Levante Popular da ...<\/span>\n\t\t\t\t\t\t\t  \n\t\t\t\t\t\t\t  \n\t\t\t\t\t\t\t  <\/a>\n\n\t\t\t\t\t\t  <\/div>\n\t\t\t\t\t\t  <div class=\"relatedthumb \" style=\"width:125px;float:left;overflow:hidden;\">  \n\t\t\t\t\t\t\t  \n\t\t\t\t\t\t\t  <a  href=\"https:\/\/redept.com.br\/blogosfera\/semana-marcante-por-beto-faro\/\"  >\n\t\t\t\t\t\t\t\t\t  <div class=\"yuzo-img-wrap \" style=\"width: 125px;height:90px;\">\n\t\t\t\t\t\t\t\t\t\t\n\t\t\t\t\t\t\t\t\t\t<div class=\"yuzo-img\" style=\"background:url('https:\/\/redept.org\/blogosfera\/wp-content\/plugins\/yuzo-related-post\/assets\/images\/default.png') 50% 50% no-repeat;width: 125px;height:90px;margin-bottom: 5px;background-size: cover; \"><\/div>\n\t\t\t\t\t\t\t\t\t  <\/div>\n\t\t\t\t\t\t\t\t\t  \n\t\t\t\t\t\t\t\t   <span class=\"yuzo__text--title\" style=\"font-size:13px;\">Semana marcante, por Beto Faro<\/span>\n\t\t\t\t\t\t\t  \n\t\t\t\t\t\t\t  \n\t\t\t\t\t\t\t  <\/a>\n\n\t\t\t\t\t\t  <\/div>\n<\/div> <script>\n\t\t\t\t\t\t  jQuery(document).ready(function( $ ){\n\t\t\t\t\t\t\t\/\/jQuery('.yuzo_related_post').equalizer({ overflow : 'relatedthumb' });\n\t\t\t\t\t\t\tjQuery('.yuzo_related_post .yuzo_wraps').equalizer({ columns : '> div' });\n\t\t\t\t\t\t   })\n\t\t\t\t\t\t  <\/script> <!-- End Yuzo :) -->","protected":false},"excerpt":{"rendered":"<p>Uma decis\u00e3o recente da Procuradoria de Prote\u00e7\u00e3o Ambiental do Estado do M\u00e9xico, no M\u00e9xico, desencadeou uma disputa inusitada e bem-humorada nas redes sociais latino-americanas. O \u00f3rg\u00e3o anunciou o reconhecimento do chamado \u201cperrito amarillo\u201d, o t\u00e3o conhecido cachorro vira-lata caramelo no Brasil, como uma ra\u00e7a nacional, colocando o animal ao lado de \u00edcones tradicionais como o [&hellip;]<\/p>\n","protected":false},"author":2,"featured_media":0,"comment_status":"open","ping_status":"closed","sticky":false,"template":"","format":"standard","meta":{"fifu_image_url":"","fifu_image_alt":"","footnotes":""},"categories":[37,489,16567,726,26,11],"tags":[],"class_list":["post-84625","post","type-post","status-publish","format-standard","hentry","category-animais","category-destaque-pequeno","category-memes","category-mexico","category-mundo","category-redes-sociais"],"_links":{"self":[{"href":"https:\/\/redept.com.br\/blogosfera\/wp-json\/wp\/v2\/posts\/84625","targetHints":{"allow":["GET"]}}],"collection":[{"href":"https:\/\/redept.com.br\/blogosfera\/wp-json\/wp\/v2\/posts"}],"about":[{"href":"https:\/\/redept.com.br\/blogosfera\/wp-json\/wp\/v2\/types\/post"}],"author":[{"embeddable":true,"href":"https:\/\/redept.com.br\/blogosfera\/wp-json\/wp\/v2\/users\/2"}],"replies":[{"embeddable":true,"href":"https:\/\/redept.com.br\/blogosfera\/wp-json\/wp\/v2\/comments?post=84625"}],"version-history":[{"count":0,"href":"https:\/\/redept.com.br\/blogosfera\/wp-json\/wp\/v2\/posts\/84625\/revisions"}],"wp:attachment":[{"href":"https:\/\/redept.com.br\/blogosfera\/wp-json\/wp\/v2\/media?parent=84625"}],"wp:term":[{"taxonomy":"category","embeddable":true,"href":"https:\/\/redept.com.br\/blogosfera\/wp-json\/wp\/v2\/categories?post=84625"},{"taxonomy":"post_tag","embeddable":true,"href":"https:\/\/redept.com.br\/blogosfera\/wp-json\/wp\/v2\/tags?post=84625"}],"curies":[{"name":"wp","href":"https:\/\/api.w.org\/{rel}","templated":true}]}}