{"id":84644,"date":"2026-04-24T17:18:50","date_gmt":"2026-04-24T20:18:50","guid":{"rendered":"https:\/\/redept.com.br\/blogosfera\/familias-despejadas-do-sol-nascente-df-conquistam-moradia-definitiva-com-meses-de-atraso-pela-codhab\/"},"modified":"2026-04-24T17:18:50","modified_gmt":"2026-04-24T20:18:50","slug":"familias-despejadas-do-sol-nascente-df-conquistam-moradia-definitiva-com-meses-de-atraso-pela-codhab","status":"publish","type":"post","link":"https:\/\/redept.com.br\/blogosfera\/familias-despejadas-do-sol-nascente-df-conquistam-moradia-definitiva-com-meses-de-atraso-pela-codhab\/","title":{"rendered":"Fam\u00edlias despejadas do Sol Nascente (DF) conquistam moradia definitiva com meses de atraso pela Codhab"},"content":{"rendered":"<p>Um ano depois do despejo violento no Sol Nascente, a Companhia de Desenvolvimento Habitacional do Distrito Federal (Codhab) fez a entrega do condom\u00ednio que vai abrigar as fam\u00edlias. A conquista s\u00f3 veio ap\u00f3s uma ocupa\u00e7\u00e3o no hall de entrada do pr\u00e9dio. O protesto durou 10 dias at\u00e9 a entrega das chaves e de um termo [\u2026]<\/p>\n<p><a href=\"https:\/\/www.brasildefato.com.br\/2026\/04\/24\/familias-despejadas-do-sol-nascente-df-conquistam-moradia-definitiva-com-meses-de-atraso-pela-codhab\/\" rel=\"nofollow\">Fonte<\/a><\/p>\n<!-- Begin Yuzo --><div class='yuzo_related_post style-1'  data-version='5.12.89'><!-- without result --><div class='yuzo_clearfixed yuzo__title yuzo__title'><h3>Related Post<\/h3><\/div>\n\t\t\t\t\t\t  <div class=\"relatedthumb \" style=\"width:125px;float:left;overflow:hidden;\">  \n\t\t\t\t\t\t\t  \n\t\t\t\t\t\t\t  <a  href=\"https:\/\/redept.com.br\/blogosfera\/conselho-popular-propoe-aos-chefes-do-brics-criacao-de-big-tech-publica-de-paises-do-sul-global-leia-discurso-de-joao-pedro-stedile\/\"  >\n\t\t\t\t\t\t\t\t\t  <div class=\"yuzo-img-wrap \" style=\"width: 125px;height:90px;\">\n\t\t\t\t\t\t\t\t\t\t\n\t\t\t\t\t\t\t\t\t\t<div class=\"yuzo-img\" style=\"background:url('https:\/\/redept.org\/blogosfera\/wp-content\/plugins\/yuzo-related-post\/assets\/images\/default.png') 50% 50% no-repeat;width: 125px;height:90px;margin-bottom: 5px;background-size: cover; \"><\/div>\n\t\t\t\t\t\t\t\t\t  <\/div>\n\t\t\t\t\t\t\t\t\t  \n\t\t\t\t\t\t\t\t   <span class=\"yuzo__text--title\" style=\"font-size:13px;\">Conselho Popular prop\u00f5e aos chefes do Brics cria\u00e7\u00e3...<\/span>\n\t\t\t\t\t\t\t  \n\t\t\t\t\t\t\t  \n\t\t\t\t\t\t\t  <\/a>\n\n\t\t\t\t\t\t  <\/div>\n\t\t\t\t\t\t  <div class=\"relatedthumb \" style=\"width:125px;float:left;overflow:hidden;\">  \n\t\t\t\t\t\t\t  \n\t\t\t\t\t\t\t  <a  href=\"https:\/\/redept.com.br\/blogosfera\/o-golpe-era-para-implantar-ditadura-por-milton-pomar\/\"  >\n\t\t\t\t\t\t\t\t\t  <div class=\"yuzo-img-wrap \" style=\"width: 125px;height:90px;\">\n\t\t\t\t\t\t\t\t\t\t\n\t\t\t\t\t\t\t\t\t\t<div class=\"yuzo-img\" style=\"background:url('https:\/\/redept.org\/blogosfera\/wp-content\/plugins\/yuzo-related-post\/assets\/images\/default.png') 50% 50% no-repeat;width: 125px;height:90px;margin-bottom: 5px;background-size: cover; \"><\/div>\n\t\t\t\t\t\t\t\t\t  <\/div>\n\t\t\t\t\t\t\t\t\t  \n\t\t\t\t\t\t\t\t   <span class=\"yuzo__text--title\" style=\"font-size:13px;\">O golpe era para implantar ditadura (por Milton Po...<\/span>\n\t\t\t\t\t\t\t  \n\t\t\t\t\t\t\t  \n\t\t\t\t\t\t\t  <\/a>\n\n\t\t\t\t\t\t  <\/div>\n\t\t\t\t\t\t  <div class=\"relatedthumb \" style=\"width:125px;float:left;overflow:hidden;\">  \n\t\t\t\t\t\t\t  \n\t\t\t\t\t\t\t  <a  href=\"https:\/\/redept.com.br\/blogosfera\/proposta-preve-nova-gestao-da-compra-de-alimentos-para-merenda-escolar\/\"  >\n\t\t\t\t\t\t\t\t\t  <div class=\"yuzo-img-wrap \" style=\"width: 125px;height:90px;\">\n\t\t\t\t\t\t\t\t\t\t\n\t\t\t\t\t\t\t\t\t\t<div class=\"yuzo-img\" style=\"background:url('https:\/\/redept.org\/blogosfera\/wp-content\/plugins\/yuzo-related-post\/assets\/images\/default.png') 50% 50% no-repeat;width: 125px;height:90px;margin-bottom: 5px;background-size: cover; \"><\/div>\n\t\t\t\t\t\t\t\t\t  <\/div>\n\t\t\t\t\t\t\t\t\t  \n\t\t\t\t\t\t\t\t   <span class=\"yuzo__text--title\" style=\"font-size:13px;\">Proposta prev\u00ea nova gest\u00e3o da compra de alimentos ...<\/span>\n\t\t\t\t\t\t\t  \n\t\t\t\t\t\t\t  \n\t\t\t\t\t\t\t  <\/a>\n\n\t\t\t\t\t\t  <\/div>\n\t\t\t\t\t\t  <div class=\"relatedthumb \" style=\"width:125px;float:left;overflow:hidden;\">  \n\t\t\t\t\t\t\t  \n\t\t\t\t\t\t\t  <a  href=\"https:\/\/redept.com.br\/blogosfera\/lula-pede-que-macron-abra-seu-coracao-para-acordo-com-mercosul\/\"  >\n\t\t\t\t\t\t\t\t\t  <div class=\"yuzo-img-wrap \" style=\"width: 125px;height:90px;\">\n\t\t\t\t\t\t\t\t\t\t\n\t\t\t\t\t\t\t\t\t\t<div class=\"yuzo-img\" style=\"background:url('https:\/\/redept.org\/blogosfera\/wp-content\/plugins\/yuzo-related-post\/assets\/images\/default.png') 50% 50% no-repeat;width: 125px;height:90px;margin-bottom: 5px;background-size: cover; \"><\/div>\n\t\t\t\t\t\t\t\t\t  <\/div>\n\t\t\t\t\t\t\t\t\t  \n\t\t\t\t\t\t\t\t   <span class=\"yuzo__text--title\" style=\"font-size:13px;\">Lula pede que Macron \u201cabra seu cora\u00e7\u00e3o\u201d\u00a0para acord...<\/span>\n\t\t\t\t\t\t\t  \n\t\t\t\t\t\t\t  \n\t\t\t\t\t\t\t  <\/a>\n\n\t\t\t\t\t\t  <\/div>\n<\/div> <script>\n\t\t\t\t\t\t  jQuery(document).ready(function( $ ){\n\t\t\t\t\t\t\t\/\/jQuery('.yuzo_related_post').equalizer({ overflow : 'relatedthumb' });\n\t\t\t\t\t\t\tjQuery('.yuzo_related_post .yuzo_wraps').equalizer({ columns : '> div' });\n\t\t\t\t\t\t   })\n\t\t\t\t\t\t  <\/script> <!-- End Yuzo :) -->","protected":false},"excerpt":{"rendered":"<p>Um ano depois do despejo violento no Sol Nascente, a Companhia de Desenvolvimento Habitacional do Distrito Federal (Codhab) fez a entrega do condom\u00ednio que vai abrigar as fam\u00edlias. A conquista s\u00f3 veio ap\u00f3s uma ocupa\u00e7\u00e3o no hall de entrada do pr\u00e9dio. O protesto durou 10 dias at\u00e9 a entrega das chaves e de um termo [&hellip;]<\/p>\n","protected":false},"author":2,"featured_media":0,"comment_status":"open","ping_status":"closed","sticky":false,"template":"","format":"standard","meta":{"fifu_image_url":"","fifu_image_alt":"","footnotes":""},"categories":[637,1011,50859,7371,5416,840,2259,6694,234,95,14058,49732,50860,50861,31858,28504,15713,4914,64,1689,7926,182,8229,1822,214,626,50862,50863,50864,44171,506],"tags":[],"class_list":["post-84644","post","type-post","status-publish","format-standard","hentry","category-bolsa-familia","category-cidades","category-codhab","category-condominio","category-crise-habitacional","category-desigualdade-social","category-despejo","category-direito-a-moradia","category-distrito-federal","category-educacao","category-esgoto","category-familias-desabrigadas","category-fazendinha","category-guara","category-habitacao-social","category-insalubridade","category-instituto","category-luta-por-moradia","category-moradia","category-movimentos-sociais","category-mtst","category-ocupacao","category-ocupacao-urbana","category-policia-militar","category-politicas-publicas","category-resistencia","category-setor-de-inflamaveis","category-sol-nascente","category-tjdf","category-violacao-de-direitos","category-violencia-policial"],"_links":{"self":[{"href":"https:\/\/redept.com.br\/blogosfera\/wp-json\/wp\/v2\/posts\/84644","targetHints":{"allow":["GET"]}}],"collection":[{"href":"https:\/\/redept.com.br\/blogosfera\/wp-json\/wp\/v2\/posts"}],"about":[{"href":"https:\/\/redept.com.br\/blogosfera\/wp-json\/wp\/v2\/types\/post"}],"author":[{"embeddable":true,"href":"https:\/\/redept.com.br\/blogosfera\/wp-json\/wp\/v2\/users\/2"}],"replies":[{"embeddable":true,"href":"https:\/\/redept.com.br\/blogosfera\/wp-json\/wp\/v2\/comments?post=84644"}],"version-history":[{"count":0,"href":"https:\/\/redept.com.br\/blogosfera\/wp-json\/wp\/v2\/posts\/84644\/revisions"}],"wp:attachment":[{"href":"https:\/\/redept.com.br\/blogosfera\/wp-json\/wp\/v2\/media?parent=84644"}],"wp:term":[{"taxonomy":"category","embeddable":true,"href":"https:\/\/redept.com.br\/blogosfera\/wp-json\/wp\/v2\/categories?post=84644"},{"taxonomy":"post_tag","embeddable":true,"href":"https:\/\/redept.com.br\/blogosfera\/wp-json\/wp\/v2\/tags?post=84644"}],"curies":[{"name":"wp","href":"https:\/\/api.w.org\/{rel}","templated":true}]}}