{"id":84675,"date":"2026-04-24T21:35:35","date_gmt":"2026-04-25T00:35:35","guid":{"rendered":"https:\/\/redept.com.br\/blogosfera\/militantes-historicas-sonia-braga-e-clara-charf-sao-homenageadas-no-8o-congresso-do-pt\/"},"modified":"2026-04-24T21:35:35","modified_gmt":"2026-04-25T00:35:35","slug":"militantes-historicas-sonia-braga-e-clara-charf-sao-homenageadas-no-8o-congresso-do-pt","status":"publish","type":"post","link":"https:\/\/redept.com.br\/blogosfera\/militantes-historicas-sonia-braga-e-clara-charf-sao-homenageadas-no-8o-congresso-do-pt\/","title":{"rendered":"Militantes hist\u00f3ricas, S\u00f4nia Braga e Clara Charf s\u00e3o homenageadas no 8\u00ba Congresso do PT"},"content":{"rendered":"<p>Figuras importantes para a hist\u00f3ria do partido tiveram trajet\u00f3rias pol\u00edticas exaltadas durante a abertura do evento<\/p>\n<p><a href=\"https:\/\/www.brasildefato.com.br\/2026\/04\/24\/militantes-historicas-sonia-braga-e-clara-charf-sao-homenageadas-no-8o-congresso-do-pt\/\" rel=\"nofollow\">Fonte<\/a><\/p>\n<!-- Begin Yuzo --><div class='yuzo_related_post style-1'  data-version='5.12.89'><!-- without result --><div class='yuzo_clearfixed yuzo__title yuzo__title'><h3>Related Post<\/h3><\/div>\n\t\t\t\t\t\t  <div class=\"relatedthumb \" style=\"width:125px;float:left;overflow:hidden;\">  \n\t\t\t\t\t\t\t  \n\t\t\t\t\t\t\t  <a  href=\"https:\/\/redept.com.br\/blogosfera\/helio-rodrigues-e-eleito-presidente-do-diretorio-municipal-do-pt-em-sao-paulo\/\"  >\n\t\t\t\t\t\t\t\t\t  <div class=\"yuzo-img-wrap \" style=\"width: 125px;height:90px;\">\n\t\t\t\t\t\t\t\t\t\t\n\t\t\t\t\t\t\t\t\t\t<div class=\"yuzo-img\" style=\"background:url('https:\/\/redept.org\/blogosfera\/wp-content\/plugins\/yuzo-related-post\/assets\/images\/default.png') 50% 50% no-repeat;width: 125px;height:90px;margin-bottom: 5px;background-size: cover; \"><\/div>\n\t\t\t\t\t\t\t\t\t  <\/div>\n\t\t\t\t\t\t\t\t\t  \n\t\t\t\t\t\t\t\t   <span class=\"yuzo__text--title\" style=\"font-size:13px;\">H\u00e9lio Rodrigues \u00e9 eleito presidente do diret\u00f3rio m...<\/span>\n\t\t\t\t\t\t\t  \n\t\t\t\t\t\t\t  \n\t\t\t\t\t\t\t  <\/a>\n\n\t\t\t\t\t\t  <\/div>\n\t\t\t\t\t\t  <div class=\"relatedthumb \" style=\"width:125px;float:left;overflow:hidden;\">  \n\t\t\t\t\t\t\t  \n\t\t\t\t\t\t\t  <a  href=\"https:\/\/redept.com.br\/blogosfera\/bolsa-atleta-bate-recorde-com-mais-de-10-mil-atletas\/\"  >\n\t\t\t\t\t\t\t\t\t  <div class=\"yuzo-img-wrap \" style=\"width: 125px;height:90px;\">\n\t\t\t\t\t\t\t\t\t\t\n\t\t\t\t\t\t\t\t\t\t<div class=\"yuzo-img\" style=\"background:url('https:\/\/redept.org\/blogosfera\/wp-content\/plugins\/yuzo-related-post\/assets\/images\/default.png') 50% 50% no-repeat;width: 125px;height:90px;margin-bottom: 5px;background-size: cover; \"><\/div>\n\t\t\t\t\t\t\t\t\t  <\/div>\n\t\t\t\t\t\t\t\t\t  \n\t\t\t\t\t\t\t\t   <span class=\"yuzo__text--title\" style=\"font-size:13px;\">Bolsa Atleta bate recorde com mais de 10 mil atlet...<\/span>\n\t\t\t\t\t\t\t  \n\t\t\t\t\t\t\t  \n\t\t\t\t\t\t\t  <\/a>\n\n\t\t\t\t\t\t  <\/div>\n\t\t\t\t\t\t  <div class=\"relatedthumb \" style=\"width:125px;float:left;overflow:hidden;\">  \n\t\t\t\t\t\t\t  \n\t\t\t\t\t\t\t  <a  href=\"https:\/\/redept.com.br\/blogosfera\/em-meio-a-brigas-publicas-com-musk-mae-de-seu-filho-e-vitima-do-grok-e-processa-bilionario\/\"  >\n\t\t\t\t\t\t\t\t\t  <div class=\"yuzo-img-wrap \" style=\"width: 125px;height:90px;\">\n\t\t\t\t\t\t\t\t\t\t\n\t\t\t\t\t\t\t\t\t\t<div class=\"yuzo-img\" style=\"background:url('https:\/\/redept.com.br\/blogosfera\/wp-content\/uploads\/2026\/01\/fd86e0f6-4ad5-4195-9609-abfac808ca46-captura-de-tela-2025-01-20-as-224930-150x150.webp') 50% 50% no-repeat;width: 125px;height:90px;margin-bottom: 5px;background-size: cover; \"><\/div>\n\t\t\t\t\t\t\t\t\t  <\/div>\n\t\t\t\t\t\t\t\t\t  \n\t\t\t\t\t\t\t\t   <span class=\"yuzo__text--title\" style=\"font-size:13px;\">Em meio a brigas p\u00fablicas com Musk, m\u00e3e de seu fil...<\/span>\n\t\t\t\t\t\t\t  \n\t\t\t\t\t\t\t  \n\t\t\t\t\t\t\t  <\/a>\n\n\t\t\t\t\t\t  <\/div>\n\t\t\t\t\t\t  <div class=\"relatedthumb \" style=\"width:125px;float:left;overflow:hidden;\">  \n\t\t\t\t\t\t\t  \n\t\t\t\t\t\t\t  <a  href=\"https:\/\/redept.com.br\/blogosfera\/rj-numero-de-vitimas-de-bala-perdida-aumenta-58-em-um-ano-no-estado\/\"  >\n\t\t\t\t\t\t\t\t\t  <div class=\"yuzo-img-wrap \" style=\"width: 125px;height:90px;\">\n\t\t\t\t\t\t\t\t\t\t\n\t\t\t\t\t\t\t\t\t\t<div class=\"yuzo-img\" style=\"background:url('https:\/\/redept.org\/blogosfera\/wp-content\/plugins\/yuzo-related-post\/assets\/images\/default.png') 50% 50% no-repeat;width: 125px;height:90px;margin-bottom: 5px;background-size: cover; \"><\/div>\n\t\t\t\t\t\t\t\t\t  <\/div>\n\t\t\t\t\t\t\t\t\t  \n\t\t\t\t\t\t\t\t   <span class=\"yuzo__text--title\" style=\"font-size:13px;\">RJ: N\u00famero de v\u00edtimas de bala perdida aumenta 58% ...<\/span>\n\t\t\t\t\t\t\t  \n\t\t\t\t\t\t\t  \n\t\t\t\t\t\t\t  <\/a>\n\n\t\t\t\t\t\t  <\/div>\n<\/div> <script>\n\t\t\t\t\t\t  jQuery(document).ready(function( $ ){\n\t\t\t\t\t\t\t\/\/jQuery('.yuzo_related_post').equalizer({ overflow : 'relatedthumb' });\n\t\t\t\t\t\t\tjQuery('.yuzo_related_post .yuzo_wraps').equalizer({ columns : '> div' });\n\t\t\t\t\t\t   })\n\t\t\t\t\t\t  <\/script> <!-- End Yuzo :) -->","protected":false},"excerpt":{"rendered":"<p>Figuras importantes para a hist\u00f3ria do partido tiveram trajet\u00f3rias pol\u00edticas exaltadas durante a abertura do evento Fonte Related Post Aprovado com apoio do PT projeto que melhora alime&#8230; \u201cCHACOTA\u201d: Motta, A\u00e9cio Neves, Temer, Moraes e Gil&#8230; Maduro desembarca em Nova York ap\u00f3s ser sequestrad&#8230; PF vai investigar uso de metanol em bebidas alco\u00f3l&#8230;<\/p>\n","protected":false},"author":2,"featured_media":0,"comment_status":"open","ping_status":"closed","sticky":false,"template":"","format":"standard","meta":{"fifu_image_url":"","fifu_image_alt":"","footnotes":""},"categories":[50984,50985,2461,10189,10049,444,544,3108,555,50986,35800,1294,46437,30768,1842,4914,40147,2780,50987,32377,829,35231,50988,6117,1664,50989,132,5422,626,50990,19947],"tags":[],"class_list":["post-84675","post","type-post","status-publish","format-standard","hentry","category-1000-women-for-the-nobel-peace-prize","category-8-congresso-do-pt","category-agricultura-familiar","category-carlos-marighella","category-clara-charf","category-direitos-das-mulheres","category-ditadura-militar","category-esquerda","category-fortaleza","category-fundadoras-do-pt","category-historia-do-pt","category-homenagem","category-jose-guimaraes","category-legado-politico","category-lideranca-feminina","category-luta-por-moradia","category-luta-social","category-memoria-verdade-e-justica","category-militantes-historicas","category-movimento-popular","category-mulheres-na-politica","category-organizacao-popular","category-participacao-feminina-na-politica","category-partido-dos-trabalhadores","category-pcb","category-pirambu","category-politica","category-politica-brasileira","category-resistencia","category-secretaria-nacional-de-mulheres","category-sonia-braga"],"_links":{"self":[{"href":"https:\/\/redept.com.br\/blogosfera\/wp-json\/wp\/v2\/posts\/84675","targetHints":{"allow":["GET"]}}],"collection":[{"href":"https:\/\/redept.com.br\/blogosfera\/wp-json\/wp\/v2\/posts"}],"about":[{"href":"https:\/\/redept.com.br\/blogosfera\/wp-json\/wp\/v2\/types\/post"}],"author":[{"embeddable":true,"href":"https:\/\/redept.com.br\/blogosfera\/wp-json\/wp\/v2\/users\/2"}],"replies":[{"embeddable":true,"href":"https:\/\/redept.com.br\/blogosfera\/wp-json\/wp\/v2\/comments?post=84675"}],"version-history":[{"count":0,"href":"https:\/\/redept.com.br\/blogosfera\/wp-json\/wp\/v2\/posts\/84675\/revisions"}],"wp:attachment":[{"href":"https:\/\/redept.com.br\/blogosfera\/wp-json\/wp\/v2\/media?parent=84675"}],"wp:term":[{"taxonomy":"category","embeddable":true,"href":"https:\/\/redept.com.br\/blogosfera\/wp-json\/wp\/v2\/categories?post=84675"},{"taxonomy":"post_tag","embeddable":true,"href":"https:\/\/redept.com.br\/blogosfera\/wp-json\/wp\/v2\/tags?post=84675"}],"curies":[{"name":"wp","href":"https:\/\/api.w.org\/{rel}","templated":true}]}}