{"id":84702,"date":"2026-04-24T14:00:27","date_gmt":"2026-04-24T17:00:27","guid":{"rendered":"https:\/\/redept.com.br\/blogosfera\/consumo-de-carne-de-burro-vira-polemica-na-argentina-e-expoe-crise-sob-milei\/"},"modified":"2026-04-24T14:00:27","modified_gmt":"2026-04-24T17:00:27","slug":"consumo-de-carne-de-burro-vira-polemica-na-argentina-e-expoe-crise-sob-milei","status":"publish","type":"post","link":"https:\/\/redept.com.br\/blogosfera\/consumo-de-carne-de-burro-vira-polemica-na-argentina-e-expoe-crise-sob-milei\/","title":{"rendered":"Consumo de carne de burro vira pol\u00eamica na Argentina e exp\u00f5e crise sob Milei"},"content":{"rendered":"<p>Em um a\u00e7ougue na cidade de Trelew, de 100 mil habitantes, na prov\u00edncia de Chubut, na Patag\u00f4nia argentina, a venda de carne de burro a 7.500 pesos o quilo (cerca de R$ 25) chamou a aten\u00e7\u00e3o e virou pol\u00eamica nacional, mobilizando pol\u00edticos e gerando memes. O pre\u00e7o, quase tr\u00eas vezes inferior ao da carne bovina \u2014 historicamente associada ao churrasco argentino \u2014, ajuda a explicar o frenesi da popula\u00e7\u00e3o.<\/p>\n<p>\u201c\u00c9 uma experi\u00eancia nova. \u00c9 a primeira vez que essa carne \u00e9 vendida aqui. Queremos vender tudo\u201d, disse o atendente do a\u00e7ougue Jones Carnicer\u00eda, localizado a 1.300 quil\u00f4metros de Buenos Aires, enquanto explicava as diferen\u00e7as dos cortes aos clientes. \u201cAs pessoas acham que tem um cheiro diferente, mas n\u00e3o tem. \u00c9 saborosa. Muita gente veio comprar para provar.\u201d<\/p>\n<p>A pol\u00eamica foi indigesta para o presidente Javier Milei, que recorreu \u00e0s redes sociais para defender seu governo com n\u00fameros inconsistentes, rebatidos por portais de checagem de dados a respeito do consumo de carne bovina durante sua gest\u00e3o.<\/p>\n<p>A pol\u00eamica \u00e9 nova, mas o debate n\u00e3o. Em novembro de 2025, a Argentina sediou pela primeira vez uma jornada internacional dedicada exclusivamente \u00e0 produ\u00e7\u00e3o de carne de mulas e burros, em Campo de los Andes, na prov\u00edncia de Mendoza, um dos maiores centros produtivos de mulas do pa\u00eds. O evento reuniu universidades nacionais, como a Universidade de Buenos Aires (UBA), e especialistas internacionais. Cientistas debateram o consumo da carne e do leite do animal, al\u00e9m do uso de burros em terapias assistidas \u2014 considerados d\u00f3ceis e inteligentes.<\/p>\n<h3>O que diz a legisla\u00e7\u00e3o<\/h3>\n<p>Apesar de n\u00e3o ser proibida, a carne de burro n\u00e3o conta com uma cadeia nacional estruturada de produ\u00e7\u00e3o para consumo interno. A normativa vigente estabelece que carnes de equinos \u2014 categoria que inclui cavalo, burro e mula \u2014 podem ser produzidas e comercializadas desde que cumpram exig\u00eancias sanit\u00e1rias. A legisla\u00e7\u00e3o imp\u00f5e limites relevantes: a produ\u00e7\u00e3o deve ocorrer em frigor\u00edficos habilitados, com selo de inspe\u00e7\u00e3o sanit\u00e1ria obrigat\u00f3rio; n\u00e3o h\u00e1 autoriza\u00e7\u00e3o ampla para circula\u00e7\u00e3o nacional; e a comercializa\u00e7\u00e3o depende, em muitos casos, de permiss\u00f5es locais.<\/p>\n<p>Em meio ao debate caloroso que se instalou entre os argentinos, a nutricionista Florencia Quintana explicou a meios de comunica\u00e7\u00e3o locais que o C\u00f3digo Alimentar aceita a carne de burro para consumo humano. Ressaltou, contudo, que, por n\u00e3o ser um h\u00e1bito estabelecido, sua comercializa\u00e7\u00e3o exige condi\u00e7\u00f5es sanit\u00e1rias espec\u00edficas.<\/p>\n<p>A comercializa\u00e7\u00e3o piloto em Chubut tamb\u00e9m gerou rea\u00e7\u00e3o de organiza\u00e7\u00f5es de prote\u00e7\u00e3o aos animais, que temem abates sem crit\u00e9rio e persegui\u00e7\u00e3o aos burros \u2014 al\u00e9m de impactos culturais mais amplos. A Associa\u00e7\u00e3o Protetora de Equinos, por exemplo, recha\u00e7ou o consumo da carne de burros e mulas, classificando a pr\u00e1tica como \u201cretrocesso humanit\u00e1rio\u201d, e advertiu sobre riscos sanit\u00e1rios e legais.<\/p>\n<h3>Queda hist\u00f3rica no consumo de carne bovina<\/h3>\n<p>A venda de carne de burro no sul do pa\u00eds exp\u00f5e uma tens\u00e3o mais profunda. No \u00faltimo ano, o pre\u00e7o da carne bovina subiu entre 55% e 61%, dependendo da regi\u00e3o, segundo levantamento do site <em>Chequeado<\/em> com base em n\u00fameros oficiais. Dados da C\u00e2mara da Ind\u00fastria e Com\u00e9rcio de Carnes da Argentina (CICCRA) mostram que o consumo per capita caiu para 47,3 quilos em mar\u00e7o de 2026 \u2014 o n\u00edvel mais baixo em duas d\u00e9cadas, com recuo de cerca de 10%.<\/p>\n<figure aria-describedby=\"caption-attachment-252946\"><img loading=\"lazy\" loading=\"lazy\" decoding=\"async\"src=\"https:\/\/redept.com.br\/blogosfera\/wp-content\/uploads\/2026\/04\/burro_pardo.jpg\" alt=\"burro\" width=\"1024\" height=\"682\" srcset=\"https:\/\/operamundi.uol.com.br\/wp-content\/uploads\/2026\/04\/burro_pardo-1024x682.jpg 1024w, https:\/\/operamundi.uol.com.br\/wp-content\/uploads\/2026\/04\/burro_pardo-300x200.jpg 300w, https:\/\/operamundi.uol.com.br\/wp-content\/uploads\/2026\/04\/burro_pardo-768x512.jpg 768w, https:\/\/operamundi.uol.com.br\/wp-content\/uploads\/2026\/04\/burro_pardo-150x100.jpg 150w, https:\/\/operamundi.uol.com.br\/wp-content\/uploads\/2026\/04\/burro_pardo-750x500.jpg 750w, https:\/\/operamundi.uol.com.br\/wp-content\/uploads\/2026\/04\/burro_pardo-1140x760.jpg 1140w, https:\/\/redept.com.br\/blogosfera\/wp-content\/uploads\/2026\/04\/burro_pardo.jpg 1280w\" sizes=\"auto, (max-width: 1024px) 100vw, 1024px\"><figcaption>Na cidade de Trelew, venda de carne de burro \u00e9 de 7.500 pesos o quilo \u2014 cerca de 25 reais <br \/>OmarSP1996 \/ Wikimedia Commons<\/figcaption><\/figure>\n<p>A economista Antonella Semadeni, da Funda\u00e7\u00e3o Agropecu\u00e1ria para o Desenvolvimento da Argentina (FADA), alerta que o pre\u00e7o da carne de bezerro, medido em d\u00f3lares, est\u00e1 85% acima da m\u00e9dia dos \u00faltimos 20 anos. \u201cSe os frigor\u00edficos tiverem que vender a esse pre\u00e7o, com um poder de compra que ainda n\u00e3o se recuperou, pode se tornar um problema. O desafio \u00e9 ver at\u00e9 que ponto o poder de compra vai validar esses aumentos\u201d, disse ao portal <em>Chequeado<\/em>.<\/p>\n<p>A alta do pre\u00e7o da carne bovina e a queda do consumo ocorrem em um contexto de infla\u00e7\u00e3o elevada (32,6%), segundo o Instituto Nacional de Estat\u00edsticas e Censo (INDEC), aumento do desemprego, que subiu 1,1 ponto percentual, atingindo 7,5% no final do ano passado, e a informalidade que alcan\u00e7ou quase 43% da popula\u00e7\u00e3o.<\/p>\n<p>Em paralelo, economistas explicam que o poder de compra do argentino segue pressionado. Estimativas de consultorias privadas apontam perda de at\u00e9 13% na renda real em 2025, com impacto ainda mais severo no setor p\u00fablico \u2014 de at\u00e9 40%, segundo a Associa\u00e7\u00e3o de Trabalhadores do Estado. A seca de 2023 e a alta dos pre\u00e7os internacionais tamb\u00e9m reduziram a oferta de gado, pressionando o mercado interno.<\/p>\n<p>Outro fator que agrava a queda no consumo de carne bovina, afirmam especialistas consultados por <strong>Opera Mundi<\/strong>, \u00e9 a destina\u00e7\u00e3o crescente da produ\u00e7\u00e3o ao com\u00e9rcio externo, o que encarece o produto no mercado interno.<\/p>\n<p>Dados do Cons\u00f3rcio Exportadores de Carnes Argentinas (ABC) mostram que, no primeiro trimestre de 2026, o volume exportado cresceu 14,3% em rela\u00e7\u00e3o ao mesmo per\u00edodo do ano anterior \u2014 e o valor obtido avan\u00e7ou 52,9%, segundo o presidente da entidade, Mario Revettino.<\/p>\n<h3>A cultura do churrasco em transforma\u00e7\u00e3o<\/h3>\n<p>Com a queda no consumo de carne bovina, os argentinos buscam alternativas. Para a reportagem, o economista Daniel Schteingart minimizou o papel da carne de burro nesse processo, classificando-a como um experimento pontual, mas reconheceu a mudan\u00e7a nos h\u00e1bitos alimentares do pa\u00eds.<\/p>\n<p>\u201cO argentino est\u00e1 deixando de comer carne de vaca, mas n\u00e3o est\u00e1 deixando de consumir prote\u00edna. Estamos substituindo por frango e carne de porco, que inclusive aumentaram no prato da popula\u00e7\u00e3o\u201d.<\/p>\n<p>Essa substitui\u00e7\u00e3o j\u00e1 \u00e9 vis\u00edvel no cotidiano de Buenos Aires. \u201cAntes a gente fazia churrasco todo fim de semana. Hoje, quando d\u00e1, \u00e9 uma vez por m\u00eas\u201d, disse a <strong>Opera Mundi<\/strong> o portenho Jorge Lopez, de 54 anos.<\/p>\n<p>\u201cPassei a comer muito mais carne de porco e peixe. A carne bovina est\u00e1 car\u00edssima. Tudo est\u00e1 muito caro. Estamos vivendo um desastre\u201d.<\/p>\n<p>Na capital argentina, a not\u00edcia da carne de burro chegou como anedota \u2014 muitos se recusaram a acreditar e a trataram como fake news. Foi o caso de Gerardo Ulisses. Indignado com os pre\u00e7os, ele foi categ\u00f3rico sobre a alternativa patag\u00f4nica: \u201cnunca comeria carne de burro. Isso \u00e9 uma fal\u00e1cia. Criaram essa hist\u00f3ria para desviar o foco da crise que estamos vivendo\u201d.<\/p>\n<p>Questionado se mantinha o h\u00e1bito do churrasco de fim de semana, respondeu: \u201cquem pode fazer churrasco hoje em dia, me diga?\u201d.<\/p>\n<p>A reportagem percorreu a\u00e7ougues e mercados da capital portenha. O pre\u00e7o dos cortes bovinos variava de 18 mil a 35 mil pesos o quilo (entre R$ 65 e R$ 125). O frango custava, em m\u00e9dia, R$ 55 o quilo; a carne de porco, R$ 30. Carne de burro n\u00e3o foi encontrada \u00e0 venda na cidade.<\/p>\n<p>O post Consumo de carne de burro vira pol\u00eamica na Argentina e exp\u00f5e crise sob Milei apareceu primeiro em Opera Mundi.<\/p>\n<!-- Begin Yuzo --><div class='yuzo_related_post style-1'  data-version='5.12.89'><!-- without result --><div class='yuzo_clearfixed yuzo__title yuzo__title'><h3>Related Post<\/h3><\/div>\n\t\t\t\t\t\t  <div class=\"relatedthumb \" style=\"width:125px;float:left;overflow:hidden;\">  \n\t\t\t\t\t\t\t  \n\t\t\t\t\t\t\t  <a  href=\"https:\/\/redept.com.br\/blogosfera\/um-ano-de-muito-trabalho-para-a-deputada-dilvanda-faro-na-cpovos\/\"  >\n\t\t\t\t\t\t\t\t\t  <div class=\"yuzo-img-wrap \" style=\"width: 125px;height:90px;\">\n\t\t\t\t\t\t\t\t\t\t\n\t\t\t\t\t\t\t\t\t\t<div class=\"yuzo-img\" style=\"background:url('https:\/\/redept.org\/blogosfera\/wp-content\/plugins\/yuzo-related-post\/assets\/images\/default.png') 50% 50% no-repeat;width: 125px;height:90px;margin-bottom: 5px;background-size: cover; \"><\/div>\n\t\t\t\t\t\t\t\t\t  <\/div>\n\t\t\t\t\t\t\t\t\t  \n\t\t\t\t\t\t\t\t   <span class=\"yuzo__text--title\" style=\"font-size:13px;\">Um ano de muito trabalho para a deputada Dilvanda ...<\/span>\n\t\t\t\t\t\t\t  \n\t\t\t\t\t\t\t  \n\t\t\t\t\t\t\t  <\/a>\n\n\t\t\t\t\t\t  <\/div>\n\t\t\t\t\t\t  <div class=\"relatedthumb \" style=\"width:125px;float:left;overflow:hidden;\">  \n\t\t\t\t\t\t\t  \n\t\t\t\t\t\t\t  <a  href=\"https:\/\/redept.com.br\/blogosfera\/medidas-ambientais-e-de-infraestrutura-buscam-enfrentar-seca-e-garantir-acesso-a-agua\/\"  >\n\t\t\t\t\t\t\t\t\t  <div class=\"yuzo-img-wrap \" style=\"width: 125px;height:90px;\">\n\t\t\t\t\t\t\t\t\t\t\n\t\t\t\t\t\t\t\t\t\t<div class=\"yuzo-img\" style=\"background:url('https:\/\/redept.com.br\/blogosfera\/wp-content\/uploads\/2025\/03\/ok-lula-barragem_Foto-Ricardo-Stuckert-_-PR-150x150.jpg') 50% 50% no-repeat;width: 125px;height:90px;margin-bottom: 5px;background-size: cover; \"><\/div>\n\t\t\t\t\t\t\t\t\t  <\/div>\n\t\t\t\t\t\t\t\t\t  \n\t\t\t\t\t\t\t\t   <span class=\"yuzo__text--title\" style=\"font-size:13px;\">Medidas ambientais e de infraestrutura buscam enfr...<\/span>\n\t\t\t\t\t\t\t  \n\t\t\t\t\t\t\t  \n\t\t\t\t\t\t\t  <\/a>\n\n\t\t\t\t\t\t  <\/div>\n\t\t\t\t\t\t  <div class=\"relatedthumb \" style=\"width:125px;float:left;overflow:hidden;\">  \n\t\t\t\t\t\t\t  \n\t\t\t\t\t\t\t  <a  href=\"https:\/\/redept.com.br\/blogosfera\/com-tiktok-prestes-a-ser-banido-nos-eua-jovens-migram-para-rede-social-chinesa-pequeno-livro-vermelho\/\"  >\n\t\t\t\t\t\t\t\t\t  <div class=\"yuzo-img-wrap \" style=\"width: 125px;height:90px;\">\n\t\t\t\t\t\t\t\t\t\t\n\t\t\t\t\t\t\t\t\t\t<div class=\"yuzo-img\" style=\"background:url('https:\/\/redept.org\/blogosfera\/wp-content\/plugins\/yuzo-related-post\/assets\/images\/default.png') 50% 50% no-repeat;width: 125px;height:90px;margin-bottom: 5px;background-size: cover; \"><\/div>\n\t\t\t\t\t\t\t\t\t  <\/div>\n\t\t\t\t\t\t\t\t\t  \n\t\t\t\t\t\t\t\t   <span class=\"yuzo__text--title\" style=\"font-size:13px;\">Com TikTok prestes a ser banido nos EUA, jovens mi...<\/span>\n\t\t\t\t\t\t\t  \n\t\t\t\t\t\t\t  \n\t\t\t\t\t\t\t  <\/a>\n\n\t\t\t\t\t\t  <\/div>\n\t\t\t\t\t\t  <div class=\"relatedthumb \" style=\"width:125px;float:left;overflow:hidden;\">  \n\t\t\t\t\t\t\t  \n\t\t\t\t\t\t\t  <a  href=\"https:\/\/redept.com.br\/blogosfera\/instituto-no-setor-prorroga-inscricoes-de-curso-sobre-reutilizacao-de-plasticos-no-df\/\"  >\n\t\t\t\t\t\t\t\t\t  <div class=\"yuzo-img-wrap \" style=\"width: 125px;height:90px;\">\n\t\t\t\t\t\t\t\t\t\t\n\t\t\t\t\t\t\t\t\t\t<div class=\"yuzo-img\" style=\"background:url('https:\/\/redept.org\/blogosfera\/wp-content\/plugins\/yuzo-related-post\/assets\/images\/default.png') 50% 50% no-repeat;width: 125px;height:90px;margin-bottom: 5px;background-size: cover; \"><\/div>\n\t\t\t\t\t\t\t\t\t  <\/div>\n\t\t\t\t\t\t\t\t\t  \n\t\t\t\t\t\t\t\t   <span class=\"yuzo__text--title\" style=\"font-size:13px;\">Instituto No Setor prorroga inscri\u00e7\u00f5es de curso so...<\/span>\n\t\t\t\t\t\t\t  \n\t\t\t\t\t\t\t  \n\t\t\t\t\t\t\t  <\/a>\n\n\t\t\t\t\t\t  <\/div>\n<\/div> <script>\n\t\t\t\t\t\t  jQuery(document).ready(function( $ ){\n\t\t\t\t\t\t\t\/\/jQuery('.yuzo_related_post').equalizer({ overflow : 'relatedthumb' });\n\t\t\t\t\t\t\tjQuery('.yuzo_related_post .yuzo_wraps').equalizer({ columns : '> div' });\n\t\t\t\t\t\t   })\n\t\t\t\t\t\t  <\/script> <!-- End Yuzo :) -->","protected":false},"excerpt":{"rendered":"<p>Em um a\u00e7ougue na cidade de Trelew, de 100 mil habitantes, na prov\u00edncia de Chubut, na Patag\u00f4nia argentina, a venda de carne de burro a 7.500 pesos o quilo (cerca de R$ 25) chamou a aten\u00e7\u00e3o e virou pol\u00eamica nacional, mobilizando pol\u00edticos e gerando memes. O pre\u00e7o, quase tr\u00eas vezes inferior ao da carne bovina [\u2026]<\/p>\n<p>O post <a href=\"https:\/\/operamundi.uol.com.br\/america-latina\/consumo-de-carne-de-burro-vira-polemica-na-argentina-e-expoe-crise-sob-milei\/\">Consumo de carne de burro vira pol\u00eamica na Argentina e exp\u00f5e crise sob Milei<\/a> apareceu primeiro em <a href=\"https:\/\/operamundi.uol.com.br\/\">Opera Mundi<\/a>.<\/p>\n","protected":false},"author":2,"featured_media":84703,"comment_status":"closed","ping_status":"closed","sticky":false,"template":"","format":"standard","meta":{"fifu_image_url":"","fifu_image_alt":"","footnotes":""},"categories":[347,4530,51028,51029,51030,18789,51031,51032,5518],"tags":[],"class_list":["post-84702","post","type-post","status-publish","format-standard","has-post-thumbnail","hentry","category-america-latina","category-carne-bovina","category-carne-de-burro","category-carne-de-burro-argentina","category-consumo-carne","category-crise-argentina","category-crise-milei","category-economia-argentina","category-politica-e-economia"],"_links":{"self":[{"href":"https:\/\/redept.com.br\/blogosfera\/wp-json\/wp\/v2\/posts\/84702","targetHints":{"allow":["GET"]}}],"collection":[{"href":"https:\/\/redept.com.br\/blogosfera\/wp-json\/wp\/v2\/posts"}],"about":[{"href":"https:\/\/redept.com.br\/blogosfera\/wp-json\/wp\/v2\/types\/post"}],"author":[{"embeddable":true,"href":"https:\/\/redept.com.br\/blogosfera\/wp-json\/wp\/v2\/users\/2"}],"replies":[{"embeddable":true,"href":"https:\/\/redept.com.br\/blogosfera\/wp-json\/wp\/v2\/comments?post=84702"}],"version-history":[{"count":0,"href":"https:\/\/redept.com.br\/blogosfera\/wp-json\/wp\/v2\/posts\/84702\/revisions"}],"wp:featuredmedia":[{"embeddable":true,"href":"https:\/\/redept.com.br\/blogosfera\/wp-json\/wp\/v2\/media\/84703"}],"wp:attachment":[{"href":"https:\/\/redept.com.br\/blogosfera\/wp-json\/wp\/v2\/media?parent=84702"}],"wp:term":[{"taxonomy":"category","embeddable":true,"href":"https:\/\/redept.com.br\/blogosfera\/wp-json\/wp\/v2\/categories?post=84702"},{"taxonomy":"post_tag","embeddable":true,"href":"https:\/\/redept.com.br\/blogosfera\/wp-json\/wp\/v2\/tags?post=84702"}],"curies":[{"name":"wp","href":"https:\/\/api.w.org\/{rel}","templated":true}]}}