{"id":84711,"date":"2026-04-24T17:20:46","date_gmt":"2026-04-24T20:20:46","guid":{"rendered":"https:\/\/redept.com.br\/blogosfera\/petro-convoca-marcha-para-1o-de-maio-em-defesa-da-assembleia-constituinte-na-colombia\/"},"modified":"2026-04-24T17:20:46","modified_gmt":"2026-04-24T20:20:46","slug":"petro-convoca-marcha-para-1o-de-maio-em-defesa-da-assembleia-constituinte-na-colombia","status":"publish","type":"post","link":"https:\/\/redept.com.br\/blogosfera\/petro-convoca-marcha-para-1o-de-maio-em-defesa-da-assembleia-constituinte-na-colombia\/","title":{"rendered":"Petro convoca marcha para 1\u00ba de maio em defesa da Assembleia Constituinte na Col\u00f4mbia"},"content":{"rendered":"<p>O presidente da Col\u00f4mbia, Gustavo Petro, publicou nesta quinta-feira (23\/04) uma mensagem defendendo a cria\u00e7\u00e3o de uma Assembleia Constituinte, n\u00e3o para realizar uma nova carta magna, mas sim uma reforma ao texto vigente no pa\u00eds desde 1991.<\/p>\n<p>Em postagem nas redes sociais, o mandat\u00e1rio, al\u00e9m de sustentar a medida, convocou uma mobiliza\u00e7\u00e3o em 1\u00ba de maio, em fun\u00e7\u00e3o do Dia do Trabalhador, na qual tamb\u00e9m se promover\u00e1 a campanha para reunir assinaturas suficientes em prol da cria\u00e7\u00e3o da constituinte.<\/p>\n<p>\u201cNo pr\u00f3ximo 1\u00ba de maio, n\u00f3s nos veremos nas ruas para proclamar o poder cidad\u00e3o constituinte e reunir assinaturas que ser\u00e3o entregues ao Congresso no dia 20 de julho, em prol de uma Assembleia Nacional Constituinte\u201d, afirmou o presidente colombiano.<\/p>\n<p>Petro tamb\u00e9m esclareceu que, se instalada, a Constituinte atuar\u00e1 para \u201cagregar novos artigos e atualizar o texto constitucional, permitindo a inclus\u00e3o de mecanismos que t\u00eam sido bloqueados por aqueles que n\u00e3o querem o Estado Social de Direito na Col\u00f4mbia\u201d.<\/p>\n<p>Al\u00e9m da Constituinte, Petro afirmou que a mobiliza\u00e7\u00e3o pelo Dia do Trabalhador servir\u00e1 para pressionar o Banco Central (ente desvinculado do Poder Executivo, segundo a legisla\u00e7\u00e3o local) a baixar a taxa de juros, que est\u00e1 atualmente na casa dos 11,25% ao ano.<\/p>\n<p>Na mensagem, Petro menciona que um dos objetivos da constituinte \u00e9 \u201ca reforma das institui\u00e7\u00f5es econ\u00f3micas, para garantir uma pol\u00edtica anti inflacion\u00e1ria em coer\u00eancia com o crescimento econ\u00f4mico e o emprego no pa\u00eds\u201d. Parte da imprensa local considerou que o trecho soou como uma alus\u00e3o a que a desvincula\u00e7\u00e3o entre Banco Central e Executivo tamb\u00e9m seria reavaliada na poss\u00edvel reforma.<\/p>\n<h3>Campanha eleitoral<\/h3>\n<p>A convoca\u00e7\u00e3o de Petro ocorre em meio a um contexto de campanha eleitoral presidencial na Col\u00f4mbia, em disputa que escolher\u00e1 justamente o sucessor do atual mandat\u00e1rio \u2013 que n\u00e3o concorre \u00e0 reelei\u00e7\u00e3o.<\/p>\n<figure aria-describedby=\"caption-attachment-252970\"><img loading=\"lazy\" loading=\"lazy\" decoding=\"async\"src=\"https:\/\/redept.com.br\/blogosfera\/wp-content\/uploads\/2026\/04\/petro-1.jpg\" alt=\"\" width=\"1024\" height=\"683\" srcset=\"https:\/\/redept.com.br\/blogosfera\/wp-content\/uploads\/2026\/04\/petro-1.jpg 1024w, https:\/\/operamundi.uol.com.br\/wp-content\/uploads\/2026\/04\/petro-1-300x200.jpg 300w, https:\/\/operamundi.uol.com.br\/wp-content\/uploads\/2026\/04\/petro-1-768x512.jpg 768w, https:\/\/operamundi.uol.com.br\/wp-content\/uploads\/2026\/04\/petro-1-150x100.jpg 150w, https:\/\/operamundi.uol.com.br\/wp-content\/uploads\/2026\/04\/petro-1-750x500.jpg 750w\" sizes=\"auto, (max-width: 1024px) 100vw, 1024px\"><figcaption>O presidente colombiano Gustavo Petro <br \/>Presid\u00eancia da Col\u00f4mbia<\/figcaption><\/figure>\n<p>Segundo a pesquisa de opini\u00e3o mais recente, publicada em 9 de abril pelo instituto Atlas Intel, o candidato de esquerda Iv\u00e1n Cepeda, membro da coaliz\u00e3o governista Pacto Hist\u00f3rico, lidera o cen\u00e1rio atual com 37,8% das inten\u00e7\u00f5es de voto.<\/p>\n<p>Os dois candidatos que lutam pelo segundo lugar s\u00e3o representantes da extrema direita: Abelardo de la Espriella, que se apresenta ao pa\u00eds como o \u201cMilei colombiano\u201d, tem 27,2% das inten\u00e7\u00f5es, enquanto Paloma Valencia, ligada ao ex-presidente ultraconservador \u00c1lvaro Uribe (2002-2010), tem 22,9%.<\/p>\n<p>O primeiro turno das elei\u00e7\u00f5es presidenciais colombianas acontecer\u00e1 no dia 31 de maio. Caso nenhum candidato supere a marca de 50% dos votos v\u00e1lidos, e seja necess\u00e1ria a realiza\u00e7\u00e3o de um segundo turno, ele ocorrer\u00e1 no dia 21 de junho.<\/p>\n<p><em>(*) Com Telesur.<\/em><\/p>\n<p>O post Petro convoca marcha para 1\u00ba de maio em defesa da Assembleia Constituinte na Col\u00f4mbia apareceu primeiro em Opera Mundi.<\/p>\n<!-- Begin Yuzo --><div class='yuzo_related_post style-1'  data-version='5.12.89'><!-- without result --><div class='yuzo_clearfixed yuzo__title yuzo__title'><h3>Related Post<\/h3><\/div>\n\t\t\t\t\t\t  <div class=\"relatedthumb \" style=\"width:125px;float:left;overflow:hidden;\">  \n\t\t\t\t\t\t\t  \n\t\t\t\t\t\t\t  <a  href=\"https:\/\/redept.com.br\/blogosfera\/motta-envia-ao-conselho-de-etica-pedidos-de-cassacao-de-eduardo-bolsonaro\/\"  >\n\t\t\t\t\t\t\t\t\t  <div class=\"yuzo-img-wrap \" style=\"width: 125px;height:90px;\">\n\t\t\t\t\t\t\t\t\t\t\n\t\t\t\t\t\t\t\t\t\t<div class=\"yuzo-img\" style=\"background:url('https:\/\/redept.com.br\/blogosfera\/wp-content\/uploads\/2025\/08\/175466776368961af31768e_1754667763_3x2_md-150x150.jpg') 50% 50% no-repeat;width: 125px;height:90px;margin-bottom: 5px;background-size: cover; \"><\/div>\n\t\t\t\t\t\t\t\t\t  <\/div>\n\t\t\t\t\t\t\t\t\t  \n\t\t\t\t\t\t\t\t   <span class=\"yuzo__text--title\" style=\"font-size:13px;\">Motta envia ao Conselho de \u00c9tica pedidos de cassa\u00e7...<\/span>\n\t\t\t\t\t\t\t  \n\t\t\t\t\t\t\t  \n\t\t\t\t\t\t\t  <\/a>\n\n\t\t\t\t\t\t  <\/div>\n\t\t\t\t\t\t  <div class=\"relatedthumb \" style=\"width:125px;float:left;overflow:hidden;\">  \n\t\t\t\t\t\t\t  \n\t\t\t\t\t\t\t  <a  href=\"https:\/\/redept.com.br\/blogosfera\/por-que-2026-sera-decidido-no-detalhe\/\"  >\n\t\t\t\t\t\t\t\t\t  <div class=\"yuzo-img-wrap \" style=\"width: 125px;height:90px;\">\n\t\t\t\t\t\t\t\t\t\t\n\t\t\t\t\t\t\t\t\t\t<div class=\"yuzo-img\" style=\"background:url('https:\/\/redept.com.br\/blogosfera\/wp-content\/uploads\/2026\/03\/urna-eletronica-150x150.jpeg') 50% 50% no-repeat;width: 125px;height:90px;margin-bottom: 5px;background-size: cover; \"><\/div>\n\t\t\t\t\t\t\t\t\t  <\/div>\n\t\t\t\t\t\t\t\t\t  \n\t\t\t\t\t\t\t\t   <span class=\"yuzo__text--title\" style=\"font-size:13px;\">Por que 2026 ser\u00e1 decidido no detalhe?<\/span>\n\t\t\t\t\t\t\t  \n\t\t\t\t\t\t\t  \n\t\t\t\t\t\t\t  <\/a>\n\n\t\t\t\t\t\t  <\/div>\n\t\t\t\t\t\t  <div class=\"relatedthumb \" style=\"width:125px;float:left;overflow:hidden;\">  \n\t\t\t\t\t\t\t  \n\t\t\t\t\t\t\t  <a  href=\"https:\/\/redept.com.br\/blogosfera\/lula-e-o-segundo-lider-brasileiro-na-historia-homenageado-pela-academia-francesa\/\"  >\n\t\t\t\t\t\t\t\t\t  <div class=\"yuzo-img-wrap \" style=\"width: 125px;height:90px;\">\n\t\t\t\t\t\t\t\t\t\t\n\t\t\t\t\t\t\t\t\t\t<div class=\"yuzo-img\" style=\"background:url('https:\/\/redept.org\/blogosfera\/wp-content\/plugins\/yuzo-related-post\/assets\/images\/default.png') 50% 50% no-repeat;width: 125px;height:90px;margin-bottom: 5px;background-size: cover; \"><\/div>\n\t\t\t\t\t\t\t\t\t  <\/div>\n\t\t\t\t\t\t\t\t\t  \n\t\t\t\t\t\t\t\t   <span class=\"yuzo__text--title\" style=\"font-size:13px;\">Lula \u00e9 o segundo l\u00edder brasileiro na hist\u00f3ria home...<\/span>\n\t\t\t\t\t\t\t  \n\t\t\t\t\t\t\t  \n\t\t\t\t\t\t\t  <\/a>\n\n\t\t\t\t\t\t  <\/div>\n\t\t\t\t\t\t  <div class=\"relatedthumb \" style=\"width:125px;float:left;overflow:hidden;\">  \n\t\t\t\t\t\t\t  \n\t\t\t\t\t\t\t  <a  href=\"https:\/\/redept.com.br\/blogosfera\/2-de-julho-baianos-vao-as-ruas-de-salvador-para-celebrar-a-independencia-que-e-de-todo-um-pais\/\"  >\n\t\t\t\t\t\t\t\t\t  <div class=\"yuzo-img-wrap \" style=\"width: 125px;height:90px;\">\n\t\t\t\t\t\t\t\t\t\t\n\t\t\t\t\t\t\t\t\t\t<div class=\"yuzo-img\" style=\"background:url('https:\/\/redept.com.br\/blogosfera\/wp-content\/uploads\/2025\/07\/515872995_18514755805028500_223690325623621414_n-150x150.jpg') 50% 50% no-repeat;width: 125px;height:90px;margin-bottom: 5px;background-size: cover; \"><\/div>\n\t\t\t\t\t\t\t\t\t  <\/div>\n\t\t\t\t\t\t\t\t\t  \n\t\t\t\t\t\t\t\t   <span class=\"yuzo__text--title\" style=\"font-size:13px;\">2 de Julho: Baianos v\u00e3o \u00e0s ruas de Salvador para c...<\/span>\n\t\t\t\t\t\t\t  \n\t\t\t\t\t\t\t  \n\t\t\t\t\t\t\t  <\/a>\n\n\t\t\t\t\t\t  <\/div>\n<\/div> <script>\n\t\t\t\t\t\t  jQuery(document).ready(function( $ ){\n\t\t\t\t\t\t\t\/\/jQuery('.yuzo_related_post').equalizer({ overflow : 'relatedthumb' });\n\t\t\t\t\t\t\tjQuery('.yuzo_related_post .yuzo_wraps').equalizer({ columns : '> div' });\n\t\t\t\t\t\t   })\n\t\t\t\t\t\t  <\/script> <!-- End Yuzo :) -->","protected":false},"excerpt":{"rendered":"<p>O presidente da Col\u00f4mbia, Gustavo Petro, publicou nesta quinta-feira (23\/04) uma mensagem defendendo a cria\u00e7\u00e3o de uma Assembleia Constituinte, n\u00e3o para realizar uma nova carta magna, mas sim uma reforma ao texto vigente no pa\u00eds desde 1991. Em postagem nas redes sociais, o mandat\u00e1rio, al\u00e9m de sustentar a medida, convocou uma mobiliza\u00e7\u00e3o em 1\u00ba de [\u2026]<\/p>\n<p>O post <a href=\"https:\/\/operamundi.uol.com.br\/america-latina\/petro-convoca-marcha-para-defender-assembleia-constituinte-na-colombia\/\">Petro convoca marcha para 1\u00ba de maio em defesa da Assembleia Constituinte na Col\u00f4mbia<\/a> apareceu primeiro em <a href=\"https:\/\/operamundi.uol.com.br\/\">Opera Mundi<\/a>.<\/p>\n","protected":false},"author":2,"featured_media":84712,"comment_status":"closed","ping_status":"closed","sticky":false,"template":"","format":"standard","meta":{"fifu_image_url":"","fifu_image_alt":"","footnotes":""},"categories":[3936,44876,3818,347,119,1787,21804,5225,26179,44878,3626,548],"tags":[],"class_list":["post-84711","post","type-post","status-publish","format-standard","has-post-thumbnail","hentry","category-1o-de-maio","category-abelardo-de-la-espriella","category-alvaro-uribe","category-america-latina","category-banco-central","category-colombia","category-constituinte","category-dia-do-trabalhador","category-ivan-cepeda","category-paloma-valencia","category-petro","category-taxa-de-juros"],"_links":{"self":[{"href":"https:\/\/redept.com.br\/blogosfera\/wp-json\/wp\/v2\/posts\/84711","targetHints":{"allow":["GET"]}}],"collection":[{"href":"https:\/\/redept.com.br\/blogosfera\/wp-json\/wp\/v2\/posts"}],"about":[{"href":"https:\/\/redept.com.br\/blogosfera\/wp-json\/wp\/v2\/types\/post"}],"author":[{"embeddable":true,"href":"https:\/\/redept.com.br\/blogosfera\/wp-json\/wp\/v2\/users\/2"}],"replies":[{"embeddable":true,"href":"https:\/\/redept.com.br\/blogosfera\/wp-json\/wp\/v2\/comments?post=84711"}],"version-history":[{"count":0,"href":"https:\/\/redept.com.br\/blogosfera\/wp-json\/wp\/v2\/posts\/84711\/revisions"}],"wp:featuredmedia":[{"embeddable":true,"href":"https:\/\/redept.com.br\/blogosfera\/wp-json\/wp\/v2\/media\/84712"}],"wp:attachment":[{"href":"https:\/\/redept.com.br\/blogosfera\/wp-json\/wp\/v2\/media?parent=84711"}],"wp:term":[{"taxonomy":"category","embeddable":true,"href":"https:\/\/redept.com.br\/blogosfera\/wp-json\/wp\/v2\/categories?post=84711"},{"taxonomy":"post_tag","embeddable":true,"href":"https:\/\/redept.com.br\/blogosfera\/wp-json\/wp\/v2\/tags?post=84711"}],"curies":[{"name":"wp","href":"https:\/\/api.w.org\/{rel}","templated":true}]}}