{"id":84717,"date":"2026-04-24T19:20:04","date_gmt":"2026-04-24T22:20:04","guid":{"rendered":"https:\/\/redept.com.br\/blogosfera\/entidades-denunciam-restricao-de-milei-a-imprensa-como-ameaca-as-instituicoes-democraticas\/"},"modified":"2026-04-24T19:20:04","modified_gmt":"2026-04-24T22:20:04","slug":"entidades-denunciam-restricao-de-milei-a-imprensa-como-ameaca-as-instituicoes-democraticas","status":"publish","type":"post","link":"https:\/\/redept.com.br\/blogosfera\/entidades-denunciam-restricao-de-milei-a-imprensa-como-ameaca-as-instituicoes-democraticas\/","title":{"rendered":"Entidades denunciam restri\u00e7\u00e3o de Milei \u00e0 imprensa como amea\u00e7a \u00e0s institui\u00e7\u00f5es democr\u00e1ticas"},"content":{"rendered":"<p>O presidente argentino tem insultado diariamente profissionais e \u00f3rg\u00e3os de comunica\u00e7\u00e3o independentes, afirmando que \u201cos argentinos n\u00e3o odeiam o suficiente os jornalistas\u201d, enquanto rep\u00f3rteres credenciados acusam o governo de avan\u00e7ar contra a liberdade de imprensa, o exerc\u00edcio da profiss\u00e3o e o direito de acesso \u00e0 informa\u00e7\u00e3o. Entidades de jornalismo condenaram a proibi\u00e7\u00e3o de acesso \u00e0 Casa Rosada, manifestando \u201cm\u00e1xima preocupa\u00e7\u00e3o\u201d com uma medida considerada de \u201cextrema gravidade institucional\u201d.<\/p>\n<p>Nesta quinta\u2011feira (23\/04), os 60 jornalistas credenciados na sala de imprensa da Casa Rosada foram proibidos de aproximarem\u2011se da porta de entrada, sendo barrados ainda na grade que separa a sede do Governo da Pra\u00e7a de Maio, ap\u00f3s a exibi\u00e7\u00e3o, pelo canal<em> TN<\/em>, de imagens feitas com \u00f3culos inteligentes nos corredores da Casa Rosada, que o governo classificou como amea\u00e7a \u00e0 seguran\u00e7a nacional.<\/p>\n<p>A Associa\u00e7\u00e3o de Entidades Jornal\u00edsticas Argentinas (Adepa, na sigla em espanhol) sublinhou que a medida \u201cn\u00e3o tem antecedentes na vida democr\u00e1tica argentina\u201d.<\/p>\n<p>\u201cO acesso dos jornalistas constitui uma pr\u00e1tica consolidada ao longo do tempo, nunca interrompida de maneira generalizada, essencial para garantir o direito da sociedade a receber informa\u00e7\u00e3o sobre os atos de governo\u201d, advertiu a entidade, em nota.<\/p>\n<p>\u201cA investiga\u00e7\u00e3o judicial n\u00e3o justifica medidas de car\u00e1ter geral que afetam o normal exerc\u00edcio do jornalismo nem devem derivar em restri\u00e7\u00f5es coletivas que limitem o acesso \u00e0 informa\u00e7\u00e3o p\u00fablica. A decis\u00e3o impacta diretamente sobre a liberdade de express\u00e3o e sobre o direito \u00e0 informa\u00e7\u00e3o, pilares fundamentais do sistema democr\u00e1tico\u201d, acusou a Adepa.<\/p>\n<p>Tamb\u00e9m em nota, o Foro de Jornalismo Argentina (Fopea, na sigla em espanhol) refor\u00e7ou que \u201ca decis\u00e3o n\u00e3o s\u00f3 afeta o exerc\u00edcio do jornalismo como tamb\u00e9m impacta diretamente no direito da cidadania de ter acesso \u00e0 informa\u00e7\u00e3o sobre os atos de governo, limitando a possibilidade de a sociedade conhecer, compreender e controlar a atividade dos seus governantes\u201d.<\/p>\n<p>A Fopea lembra que \u201ca den\u00fancia do governo n\u00e3o tem resolu\u00e7\u00e3o judicial que determine a exist\u00eancia de uma conduta irregular\u201d e que \u201ca a\u00e7\u00e3o penal \u00e9 desproporcional e injustificada, bem como a medida de alcance geral que suspende os credenciamentos de todos os jornalistas\u201d.<\/p>\n<h3>Atmosfera de hostilidade constante<\/h3>\n<p>A Associa\u00e7\u00e3o de Editores de Jornais da Cidade de Buenos Aires (Aedba, na sigla em espanhol) destaca que \u201cesta a\u00e7\u00e3o n\u00e3o representa um fato isolado, mas uma preocupante sequ\u00eancia de ofensas e de restri\u00e7\u00f5es que afetam o exerc\u00edcio profissional da imprensa e o direito \u00e0 informa\u00e7\u00e3o\u201d.<\/p>\n<p>A entidade denunciou o clima de \u201chostilidade e de ofensas\u201d pessoais contra jornalistas: \u201cO dissenso e a cr\u00edtica devem ser recebidos com toler\u00e2ncia institucional, nunca com agress\u00f5es verbais\u201d.<\/p>\n<p>Em comunicados, a Associa\u00e7\u00e3o de Jornalistas da Rep\u00fablica Argentina (Apera, na sigla em espanhol) recordou que, \u201cnuma democracia, n\u00e3o se fecha uma sala de jornalistas da Casa Rosada\u201d, e o Sindicato de Imprensa de Buenos Aires (Sipreba, na sigla em espanhol) observou \u201coutra impotente e desesperada tentativa de silenciar a imprensa\u201d.<\/p>\n<p>No dia anterior, a Adepa j\u00e1 tinha expressado a sua preocupa\u00e7\u00e3o com \u201cas constantes agress\u00f5es verbais\u201d do presidente Milei que \u201cintoxicam\u201d o clima para o trabalho da imprensa.<\/p>\n<p>Somente nos \u00faltimos dias, Milei atacou seis jornalistas de diversos ve\u00edculos de comunica\u00e7\u00e3o, uma constante desde que chegou \u00e0 Presid\u00eancia.<\/p>\n<p>\u201cO insulto e a estigmatiza\u00e7\u00e3o pessoal, sobretudo quando provindas das altas autoridades, podem gerar intimida\u00e7\u00e3o e hostilidade contra o exerc\u00edcio do jornalismo, afetando o acesso \u00e0 informa\u00e7\u00e3o por parte da sociedade\u201d, destacou a Adepa.<\/p>\n<h3>Contradi\u00e7\u00f5es da decis\u00e3o<\/h3>\n<p>As autoridades da Casa Militar, sob as ordens de Milei, decidiram expulsar os jornalistas porque \u201ca intromiss\u00e3o exibida de forma temer\u00e1ria atrav\u00e9s da televis\u00e3o e das redes sociais, afastou-se grosseiramente da regulamenta\u00e7\u00e3o aplic\u00e1vel\u201d, apontando para a Resolu\u00e7\u00e3o 1319 de 2025 da Secretaria de Comunica\u00e7\u00e3o e Meios.<\/p>\n<p>Por\u00e9m, o texto dessa mesma resolu\u00e7\u00e3o, de um ano atr\u00e1s, do governo Milei para os jornalistas credenciados na Casa Rosada indica que \u201csomente em caso de reincid\u00eancia o jornalista deve ser penalizado com a retirada do credenciamento\u201d.<\/p>\n<p>Logo no seu anexo primeiro, a resolu\u00e7\u00e3o estabelece que \u201cnaqueles espa\u00e7os n\u00e3o autorizados fica proibido transmitir ao vivo, registrar imagens ou v\u00eddeos, fotografar ou mesmo entrar\u201d e que \u201co incumprimento ser\u00e1 considerado uma falta grave\u201d, mas que a penaliza\u00e7\u00e3o deve vir pela repeti\u00e7\u00e3o.<\/p>\n<p>\u201cCometer duas ou mais faltas graves \u00e0s condi\u00e7\u00f5es de acesso e \u00e0s normas de conviv\u00eancia poder\u00e1 ser considerado causa suficiente para revogar ou para n\u00e3o renovar o credenciamento concedido\u201d, diz o texto.<\/p>\n<p>O governo, no entanto, fechou a sala de imprensa e barrou todos os jornalistas na primeira \u2013 e assim mesmo question\u00e1vel \u2013 falta de apenas um deles.<\/p>\n<p>Os jornalistas barrados publicaram uma carta de den\u00fancia contra a medida: \u201cA decis\u00e3o sugere um avan\u00e7o expl\u00edcito do Governo nacional contra a liberdade de imprensa, contra o exerc\u00edcio da profiss\u00e3o e contra o direito de acesso \u00e0 informa\u00e7\u00e3o por parte de toda a sociedade\u201d.<\/p>\n<p>A deputada e jornalista, ex-aliada de Milei, Marcela Pagano, fez uma den\u00fancia na Justi\u00e7a contra o presidente por abuso de autoridade e por incumprimento dos deveres de um funcion\u00e1rio p\u00fablico.<\/p>\n<figure aria-describedby=\"caption-attachment-252998\"><img fetchpriority=\"high\" fetchpriority=\"high\" decoding=\"async\"src=\"https:\/\/redept.com.br\/blogosfera\/wp-content\/uploads\/2026\/04\/54360989675_eeb6fa2120_c.jpg\" alt=\"\" width=\"800\" height=\"533\" srcset=\"https:\/\/redept.com.br\/blogosfera\/wp-content\/uploads\/2026\/04\/54360989675_eeb6fa2120_c.jpg 800w, https:\/\/operamundi.uol.com.br\/wp-content\/uploads\/2026\/04\/54360989675_eeb6fa2120_c-300x200.jpg 300w, https:\/\/operamundi.uol.com.br\/wp-content\/uploads\/2026\/04\/54360989675_eeb6fa2120_c-768x512.jpg 768w, https:\/\/operamundi.uol.com.br\/wp-content\/uploads\/2026\/04\/54360989675_eeb6fa2120_c-150x100.jpg 150w, https:\/\/operamundi.uol.com.br\/wp-content\/uploads\/2026\/04\/54360989675_eeb6fa2120_c-750x500.jpg 750w\" sizes=\"(max-width: 800px) 100vw, 800px\"><figcaption>Presidente argentino, Javier Milei, est\u00e1 negando o acesso aos rep\u00f3rteres sugere um ataque expl\u00edcito \u00e0 liberdade de imprensaAires<br \/>Gage Skidmore<\/figcaption><\/figure>\n<h3>Relacionamento agressivo com a imprensa<\/h3>\n<p>Diariamente, desde que assumiu o cargo em dezembro de 2023, o presidente Javier Milei prega a liberdade como sua principal miss\u00e3o pol\u00edtica, mas ataca a liberdade de imprensa todos os dias, chegando a uma decis\u00e3o in\u00e9dita no pa\u00eds (inclusive durante a ditadura): proibir o acesso de jornalistas \u00e0 Casa Rosada, sede do Governo argentino.<\/p>\n<p>Nesta quinta, Milei ordenou anular do sistema interno, por tempo indeterminado, o registro digital com o qual se tem acesso.<\/p>\n<p>\u201cA decis\u00e3o de retirar as impress\u00f5es digitais de acesso aos jornalistas credenciados foi tomada de forma preventiva devido \u00e0 espionagem ilegal. A \u00fanica finalidade \u00e9 garantir a seguran\u00e7a nacional\u201d, alegou, nas redes sociais, o secret\u00e1rio de Comunica\u00e7\u00e3o e Meios, Javier Lanari.<\/p>\n<p>O presidente Milei acrescentou o seu quase di\u00e1rio ataque \u00e0 imprensa: \u201cN\u00e3o odiamos o suficiente os jornalistas\u201d, escreveu.<\/p>\n<p>O governo Milei s\u00f3 se comunica atrav\u00e9s das redes sociais por menosprezar o Jornalismo, a ponto de ter fechado, em 2024, a ag\u00eancia p\u00fablica de not\u00edcias T\u00e9lam, fundada em 1945.<\/p>\n<h3>Filmagem como pretexto<\/h3>\n<p>Lanari referia-se \u00e0s filmagens realizadas nos corredores da Casa Rosada, emitidas pelo canal de not\u00edcias TN (Todo Noticias) no domingo passado (19). As imagens, obtidas sem consentimento atrav\u00e9s de \u00f3culos inteligentes com c\u00e2mera, mostraram espa\u00e7os comuns do interior da Casa de Governo como escadas, corredores e algumas salas com portas abertas, al\u00e9m do famoso \u201cP\u00e1tio das Palmeiras\u201d.<\/p>\n<p>Nada que j\u00e1 n\u00e3o tenha sido mostrado anteriormente. No entanto, para o governo, as imagens comprometem a seguran\u00e7a nacional e infligem as normas de comportamento.<\/p>\n<p>Na segunda-feira (20), a Casa Militar, organismo respons\u00e1vel pela seguran\u00e7a do presidente, entrou com uma den\u00fancia judicial contra o jornalista envolvido e o canal TN.<\/p>\n<p>\u201cSob meros pretextos de interesse p\u00fablico, os jornalistas denunciados gabaram-se de terem enganado a seguran\u00e7a presidencial, expondo os funcion\u00e1rios a riscos injustificados e, provavelmente, gerando as condi\u00e7\u00f5es de revelar segredos de Estado relacionados com a rotina do senhor Presidente e com o funcionamento do Poder Executivo Nacional\u201d, diz a den\u00fancia.<\/p>\n<p>Por\u00e9m, em vez de suspender unicamente o jornalista, o castigo envolveu todos os jornalistas de todos os ve\u00edculos de comunica\u00e7\u00e3o, motivo pelo qual a medida foi considerada um pretexto para impedir a liberdade de imprensa.<\/p>\n<p>\u201cLIXOS REPUGNANTES\u201d, publicou Milei nas redes sociais, em refer\u00eancia ao jornalista que filmou e \u00e0 que apresentou, Ignacio Salerno e Luciana Geuna.<\/p>\n<p>\u201cAdoraria ver esses lixos imundos que portam credencial de jornalistas (95% deles) que apare\u00e7am para defender o que fizeram esses dois delinquentes\u201d, acrescentou Milei.<\/p>\n<p>O post Entidades denunciam restri\u00e7\u00e3o de Milei \u00e0 imprensa como amea\u00e7a \u00e0s institui\u00e7\u00f5es democr\u00e1ticas apareceu primeiro em Opera Mundi.<\/p>\n<!-- Begin Yuzo --><div class='yuzo_related_post style-1'  data-version='5.12.89'><!-- without result --><div class='yuzo_clearfixed yuzo__title yuzo__title'><h3>Related Post<\/h3><\/div>\n\t\t\t\t\t\t  <div class=\"relatedthumb \" style=\"width:125px;float:left;overflow:hidden;\">  \n\t\t\t\t\t\t\t  \n\t\t\t\t\t\t\t  <a  href=\"https:\/\/redept.com.br\/blogosfera\/petistas-defendem-a-producao-de-alimentos-agroecologicos-para-combater-a-fome-e-promover-saude\/\"  >\n\t\t\t\t\t\t\t\t\t  <div class=\"yuzo-img-wrap \" style=\"width: 125px;height:90px;\">\n\t\t\t\t\t\t\t\t\t\t\n\t\t\t\t\t\t\t\t\t\t<div class=\"yuzo-img\" style=\"background:url('https:\/\/redept.org\/blogosfera\/wp-content\/plugins\/yuzo-related-post\/assets\/images\/default.png') 50% 50% no-repeat;width: 125px;height:90px;margin-bottom: 5px;background-size: cover; \"><\/div>\n\t\t\t\t\t\t\t\t\t  <\/div>\n\t\t\t\t\t\t\t\t\t  \n\t\t\t\t\t\t\t\t   <span class=\"yuzo__text--title\" style=\"font-size:13px;\">Petistas defendem a produ\u00e7\u00e3o de alimentos agroecol...<\/span>\n\t\t\t\t\t\t\t  \n\t\t\t\t\t\t\t  \n\t\t\t\t\t\t\t  <\/a>\n\n\t\t\t\t\t\t  <\/div>\n\t\t\t\t\t\t  <div class=\"relatedthumb \" style=\"width:125px;float:left;overflow:hidden;\">  \n\t\t\t\t\t\t\t  \n\t\t\t\t\t\t\t  <a  href=\"https:\/\/redept.com.br\/blogosfera\/unicamp-e-fundacao-perseu-abramo-abrem-inscricoes-para-curso-sobre-desenvolvimento-trabalho-e-politicas-publicas\/\"  >\n\t\t\t\t\t\t\t\t\t  <div class=\"yuzo-img-wrap \" style=\"width: 125px;height:90px;\">\n\t\t\t\t\t\t\t\t\t\t\n\t\t\t\t\t\t\t\t\t\t<div class=\"yuzo-img\" style=\"background:url('https:\/\/redept.org\/blogosfera\/wp-content\/plugins\/yuzo-related-post\/assets\/images\/default.png') 50% 50% no-repeat;width: 125px;height:90px;margin-bottom: 5px;background-size: cover; \"><\/div>\n\t\t\t\t\t\t\t\t\t  <\/div>\n\t\t\t\t\t\t\t\t\t  \n\t\t\t\t\t\t\t\t   <span class=\"yuzo__text--title\" style=\"font-size:13px;\">Unicamp e Funda\u00e7\u00e3o Perseu Abramo abrem inscri\u00e7\u00f5es ...<\/span>\n\t\t\t\t\t\t\t  \n\t\t\t\t\t\t\t  \n\t\t\t\t\t\t\t  <\/a>\n\n\t\t\t\t\t\t  <\/div>\n\t\t\t\t\t\t  <div class=\"relatedthumb \" style=\"width:125px;float:left;overflow:hidden;\">  \n\t\t\t\t\t\t\t  \n\t\t\t\t\t\t\t  <a  href=\"https:\/\/redept.com.br\/blogosfera\/mudancas-no-clima-afetam-alimentacao-em-74-dos-paises-da-america-latina-e-caribe\/\"  >\n\t\t\t\t\t\t\t\t\t  <div class=\"yuzo-img-wrap \" style=\"width: 125px;height:90px;\">\n\t\t\t\t\t\t\t\t\t\t\n\t\t\t\t\t\t\t\t\t\t<div class=\"yuzo-img\" style=\"background:url('https:\/\/redept.com.br\/blogosfera\/wp-content\/uploads\/2025\/01\/seca-fome-fao-150x150.jpg') 50% 50% no-repeat;width: 125px;height:90px;margin-bottom: 5px;background-size: cover; \"><\/div>\n\t\t\t\t\t\t\t\t\t  <\/div>\n\t\t\t\t\t\t\t\t\t  \n\t\t\t\t\t\t\t\t   <span class=\"yuzo__text--title\" style=\"font-size:13px;\">Mudan\u00e7as no clima afetam alimenta\u00e7\u00e3o em 74% dos pa...<\/span>\n\t\t\t\t\t\t\t  \n\t\t\t\t\t\t\t  \n\t\t\t\t\t\t\t  <\/a>\n\n\t\t\t\t\t\t  <\/div>\n\t\t\t\t\t\t  <div class=\"relatedthumb \" style=\"width:125px;float:left;overflow:hidden;\">  \n\t\t\t\t\t\t\t  \n\t\t\t\t\t\t\t  <a  href=\"https:\/\/redept.com.br\/blogosfera\/prouni-abre-inscricoes-saiba-os-requisitos-e-como-se-inscrever\/\"  >\n\t\t\t\t\t\t\t\t\t  <div class=\"yuzo-img-wrap \" style=\"width: 125px;height:90px;\">\n\t\t\t\t\t\t\t\t\t\t\n\t\t\t\t\t\t\t\t\t\t<div class=\"yuzo-img\" style=\"background:url('https:\/\/redept.org\/blogosfera\/wp-content\/plugins\/yuzo-related-post\/assets\/images\/default.png') 50% 50% no-repeat;width: 125px;height:90px;margin-bottom: 5px;background-size: cover; \"><\/div>\n\t\t\t\t\t\t\t\t\t  <\/div>\n\t\t\t\t\t\t\t\t\t  \n\t\t\t\t\t\t\t\t   <span class=\"yuzo__text--title\" style=\"font-size:13px;\">Prouni abre inscri\u00e7\u00f5es. Saiba os requisitos e como...<\/span>\n\t\t\t\t\t\t\t  \n\t\t\t\t\t\t\t  \n\t\t\t\t\t\t\t  <\/a>\n\n\t\t\t\t\t\t  <\/div>\n<\/div> <script>\n\t\t\t\t\t\t  jQuery(document).ready(function( $ ){\n\t\t\t\t\t\t\t\/\/jQuery('.yuzo_related_post').equalizer({ overflow : 'relatedthumb' });\n\t\t\t\t\t\t\tjQuery('.yuzo_related_post .yuzo_wraps').equalizer({ columns : '> div' });\n\t\t\t\t\t\t   })\n\t\t\t\t\t\t  <\/script> <!-- End Yuzo :) -->","protected":false},"excerpt":{"rendered":"<p>O presidente argentino tem insultado diariamente profissionais e \u00f3rg\u00e3os de comunica\u00e7\u00e3o independentes, afirmando que \u201cos argentinos n\u00e3o odeiam o suficiente os jornalistas\u201d, enquanto rep\u00f3rteres credenciados acusam o governo de avan\u00e7ar contra a liberdade de imprensa, o exerc\u00edcio da profiss\u00e3o e o direito de acesso \u00e0 informa\u00e7\u00e3o. Entidades de jornalismo condenaram a proibi\u00e7\u00e3o de acesso \u00e0 [\u2026]<\/p>\n<p>O post <a href=\"https:\/\/operamundi.uol.com.br\/america-latina\/entidades-denunciam-restricao-de-milei-a-imprensa-como-ameaca-as-instituicoes-democraticas\/\">Entidades denunciam restri\u00e7\u00e3o de Milei \u00e0 imprensa como amea\u00e7a \u00e0s institui\u00e7\u00f5es democr\u00e1ticas<\/a> apareceu primeiro em <a href=\"https:\/\/operamundi.uol.com.br\/\">Opera Mundi<\/a>.<\/p>\n","protected":false},"author":2,"featured_media":84718,"comment_status":"closed","ping_status":"closed","sticky":false,"template":"","format":"standard","meta":{"fifu_image_url":"","fifu_image_alt":"","footnotes":""},"categories":[347,272,6738,354,467,6322,2161],"tags":[],"class_list":["post-84717","post","type-post","status-publish","format-standard","has-post-thumbnail","hentry","category-america-latina","category-argentina","category-casa-rosada","category-comunicacao","category-imprensa","category-jornalistas","category-milei"],"_links":{"self":[{"href":"https:\/\/redept.com.br\/blogosfera\/wp-json\/wp\/v2\/posts\/84717","targetHints":{"allow":["GET"]}}],"collection":[{"href":"https:\/\/redept.com.br\/blogosfera\/wp-json\/wp\/v2\/posts"}],"about":[{"href":"https:\/\/redept.com.br\/blogosfera\/wp-json\/wp\/v2\/types\/post"}],"author":[{"embeddable":true,"href":"https:\/\/redept.com.br\/blogosfera\/wp-json\/wp\/v2\/users\/2"}],"replies":[{"embeddable":true,"href":"https:\/\/redept.com.br\/blogosfera\/wp-json\/wp\/v2\/comments?post=84717"}],"version-history":[{"count":0,"href":"https:\/\/redept.com.br\/blogosfera\/wp-json\/wp\/v2\/posts\/84717\/revisions"}],"wp:featuredmedia":[{"embeddable":true,"href":"https:\/\/redept.com.br\/blogosfera\/wp-json\/wp\/v2\/media\/84718"}],"wp:attachment":[{"href":"https:\/\/redept.com.br\/blogosfera\/wp-json\/wp\/v2\/media?parent=84717"}],"wp:term":[{"taxonomy":"category","embeddable":true,"href":"https:\/\/redept.com.br\/blogosfera\/wp-json\/wp\/v2\/categories?post=84717"},{"taxonomy":"post_tag","embeddable":true,"href":"https:\/\/redept.com.br\/blogosfera\/wp-json\/wp\/v2\/tags?post=84717"}],"curies":[{"name":"wp","href":"https:\/\/api.w.org\/{rel}","templated":true}]}}