{"id":84719,"date":"2026-04-25T04:00:00","date_gmt":"2026-04-25T07:00:00","guid":{"rendered":"https:\/\/redept.com.br\/blogosfera\/de-quem-sao-nossos-dias\/"},"modified":"2026-04-25T04:00:00","modified_gmt":"2026-04-25T07:00:00","slug":"de-quem-sao-nossos-dias","status":"publish","type":"post","link":"https:\/\/redept.com.br\/blogosfera\/de-quem-sao-nossos-dias\/","title":{"rendered":"De quem s\u00e3o nossos dias?"},"content":{"rendered":"<p>Assisti ao filme \u201cLa Grazia\u201d, do italiano Paolo Sorrentino, sobre um presidente em seus \u00faltimos deveres de mandato, lidando com quest\u00f5es morais e \u00e9ticas. Diante de dois casos que envolvem indulto presidencial, a que condenado ele conceder\u00e1 clem\u00eancia? Assinar\u00e1, por fim, a lei de eutan\u00e1sia? E como lidar com a insatisfat\u00f3ria busca pela verdade? S\u00e3o esses os dilemas que acompanham o l\u00edder do executivo, um homem vi\u00favo e cat\u00f3lico, cuja filha Dorotea o auxilia nas quest\u00f5es jur\u00eddicas. \u00c9 dela, inclusive, a pergunta-chave que d\u00e1 t\u00edtulo a esta cr\u00f4nica: \u201cDe quem s\u00e3o nossos dias?\u201d<\/p>\n<p>Essa pergunta me leva a outro filme, \u201cO Africano que Queria Voar\u201d, dirigido por Samantha Biffot. Nele, a diretora gabonesa-francesa nos conta a hist\u00f3ria de Luc Benza, um menino de nove anos nascido no Gab\u00e3o que, ap\u00f3s assistir a um filme de Kung Fu pela primeira vez no cinema, se encanta e acredita que chineses sabem voar. Ele se mostra obstinado a aprender a milenar arte marcial chinesa. Apesar da oposi\u00e7\u00e3o inicial da fam\u00edlia e da vasta diferen\u00e7a cultural entre Gab\u00e3o e China, ele economizou dinheiro e conseguiu o apoio necess\u00e1rio para realizar seu sonho improv\u00e1vel. Assim, passou mais de tr\u00eas d\u00e9cadas vivendo na China, treinando, atuando em filmes de luta, enfrentando in\u00fameros preconceitos, at\u00e9 se tornar o primeiro mestre negro do Templo Shaolin.<\/p>\n<p>A resposta \u00e0 pergunta-t\u00edtulo parece \u00f3bvia, mas n\u00e3o \u00e9 bem assim que a banda toca. Repare. A carism\u00e1tica personagem Dona Sebastiana, de \u201cO Agente Secreto\u201d, fala com humildade e sabedoria que \u201cA vida tem coisas boas, mas tamb\u00e9m coisas ruins\u201d. Nos \u00faltimos tempos, por\u00e9m, basta a gente passar os olhos sobre os notici\u00e1rios para se horrorizar cada vez mais. \u00c9 como se as not\u00edcias ruins fossem infinitas e nos perseguissem em todo lugar. E \u00e9 como se os absurdos competissem com outros absurdos para ver quem bate o recorde de mais absurdo. Amea\u00e7as distantes e outras bem ao nosso lado. Homens feminicidas, atrofiados por discursos retr\u00f3grados. Por acaso n\u00e3o leram a cr\u00f4nica \u201cN\u00e3o as matem\u201d, publicada por Lima Barreto em 1915?! Como n\u00e3o bradar contra essa cultura machista e perversa que adoece a todos? Sim (homens), a apatia n\u00e3o pode ser a totalidade de nossa emo\u00e7\u00e3o. Penso nas mulheres da minha vida. Penso na diversidade de mulheres que conhe\u00e7o e desconhe\u00e7o e que habitam e compartilham o tempo de agora. Imagino que a sensa\u00e7\u00e3o paralisante \u00e9 quase inevit\u00e1vel perante tanta desgra\u00e7a, assim como o pavor e o medo. Que tipo de vida se pode ter quando se \u00e9 submetido ao constante modo de sobreviv\u00eancia?<\/p>\n<p>Sim, a vida continua tendo coisas boas a nos oferecer. Sim, \u00e9 preciso pensar em a\u00e7\u00f5es concretas que estejam ao nosso alcance para combater o horror multifacetado. Um ditado popular brasileiro nos diz que \u00e9 conversando que a gente se entende. \u00c9 preciso ir al\u00e9m, lutar e cobrar responsabiliza\u00e7\u00e3o para acabar com o \u00f3dio e o preconceito estrutural contra as mulheres. A convic\u00e7\u00e3o de que h\u00e1 muitas esperan\u00e7as vem das vozes at\u00e9 ent\u00e3o subalternas, que se erguem sobre os escombros constru\u00eddos por homens vis. Atravessando a devasta\u00e7\u00e3o, essas vozes marginalizadas ocupam espa\u00e7os para compartilhar saberes milenares com toda a sociedade. Lembro, como bem disse Seu Z\u00e9 Maia numa cr\u00f4nica de Adelaide Iv\u00e1nova: \u201cTudo que \u00e9 vivo quer viver\u201d.<\/p>\n<p>Sigo acreditando na for\u00e7a da palavra, das lutas coletivas e do cinema como propulsores de sonhos e da constru\u00e7\u00e3o de um mundo em que sejamos todos verdadeiramente donos de nossos pr\u00f3prios dias.<\/p>\n<!-- Begin Yuzo --><div class='yuzo_related_post style-1'  data-version='5.12.89'><!-- without result --><div class='yuzo_clearfixed yuzo__title yuzo__title'><h3>Related Post<\/h3><\/div>\n\t\t\t\t\t\t  <div class=\"relatedthumb \" style=\"width:125px;float:left;overflow:hidden;\">  \n\t\t\t\t\t\t\t  \n\t\t\t\t\t\t\t  <a  href=\"https:\/\/redept.com.br\/blogosfera\/50-anos-da-operacao-condor-a-rede-de-terror-transnacional-que-silenciou-a-america-latina\/\"  >\n\t\t\t\t\t\t\t\t\t  <div class=\"yuzo-img-wrap \" style=\"width: 125px;height:90px;\">\n\t\t\t\t\t\t\t\t\t\t\n\t\t\t\t\t\t\t\t\t\t<div class=\"yuzo-img\" style=\"background:url('https:\/\/redept.com.br\/blogosfera\/wp-content\/uploads\/2025\/11\/operacao-condor-150x150.jpg') 50% 50% no-repeat;width: 125px;height:90px;margin-bottom: 5px;background-size: cover; \"><\/div>\n\t\t\t\t\t\t\t\t\t  <\/div>\n\t\t\t\t\t\t\t\t\t  \n\t\t\t\t\t\t\t\t   <span class=\"yuzo__text--title\" style=\"font-size:13px;\">50 anos da Opera\u00e7\u00e3o Condor: a rede de terror trans...<\/span>\n\t\t\t\t\t\t\t  \n\t\t\t\t\t\t\t  \n\t\t\t\t\t\t\t  <\/a>\n\n\t\t\t\t\t\t  <\/div>\n\t\t\t\t\t\t  <div class=\"relatedthumb \" style=\"width:125px;float:left;overflow:hidden;\">  \n\t\t\t\t\t\t\t  \n\t\t\t\t\t\t\t  <a  href=\"https:\/\/redept.com.br\/blogosfera\/eua-liberam-visto-de-padilha-para-acompanhar-lula-em-evento-da-onu\/\"  >\n\t\t\t\t\t\t\t\t\t  <div class=\"yuzo-img-wrap \" style=\"width: 125px;height:90px;\">\n\t\t\t\t\t\t\t\t\t\t\n\t\t\t\t\t\t\t\t\t\t<div class=\"yuzo-img\" style=\"background:url('https:\/\/redept.org\/blogosfera\/wp-content\/plugins\/yuzo-related-post\/assets\/images\/default.png') 50% 50% no-repeat;width: 125px;height:90px;margin-bottom: 5px;background-size: cover; \"><\/div>\n\t\t\t\t\t\t\t\t\t  <\/div>\n\t\t\t\t\t\t\t\t\t  \n\t\t\t\t\t\t\t\t   <span class=\"yuzo__text--title\" style=\"font-size:13px;\">EUA liberam visto de Padilha para acompanhar Lula ...<\/span>\n\t\t\t\t\t\t\t  \n\t\t\t\t\t\t\t  \n\t\t\t\t\t\t\t  <\/a>\n\n\t\t\t\t\t\t  <\/div>\n\t\t\t\t\t\t  <div class=\"relatedthumb \" style=\"width:125px;float:left;overflow:hidden;\">  \n\t\t\t\t\t\t\t  \n\t\t\t\t\t\t\t  <a  href=\"https:\/\/redept.com.br\/blogosfera\/sim-porto-riquenhos-sao-cidadaos-dos-eua\/\"  >\n\t\t\t\t\t\t\t\t\t  <div class=\"yuzo-img-wrap \" style=\"width: 125px;height:90px;\">\n\t\t\t\t\t\t\t\t\t\t\n\t\t\t\t\t\t\t\t\t\t<div class=\"yuzo-img\" style=\"background:url('https:\/\/redept.com.br\/blogosfera\/wp-content\/uploads\/2026\/02\/Foto1_Sim-porto-riquenhos-sao-cidadaos-dos-EUA.avif') 50% 50% no-repeat;width: 125px;height:90px;margin-bottom: 5px;background-size: cover; \"><\/div>\n\t\t\t\t\t\t\t\t\t  <\/div>\n\t\t\t\t\t\t\t\t\t  \n\t\t\t\t\t\t\t\t   <span class=\"yuzo__text--title\" style=\"font-size:13px;\">Sim, porto-riquenhos s\u00e3o cidad\u00e3os dos EUA!<\/span>\n\t\t\t\t\t\t\t  \n\t\t\t\t\t\t\t  \n\t\t\t\t\t\t\t  <\/a>\n\n\t\t\t\t\t\t  <\/div>\n\t\t\t\t\t\t  <div class=\"relatedthumb \" style=\"width:125px;float:left;overflow:hidden;\">  \n\t\t\t\t\t\t\t  \n\t\t\t\t\t\t\t  <a  href=\"https:\/\/redept.com.br\/blogosfera\/trump-ameaca-impor-tarifas-a-paises-que-nao-apoiam-seu-plano-para-a-groenlandia\/\"  >\n\t\t\t\t\t\t\t\t\t  <div class=\"yuzo-img-wrap \" style=\"width: 125px;height:90px;\">\n\t\t\t\t\t\t\t\t\t\t\n\t\t\t\t\t\t\t\t\t\t<div class=\"yuzo-img\" style=\"background:url('https:\/\/redept.com.br\/blogosfera\/wp-content\/uploads\/2026\/01\/AFP__20251113__83YF3CH__v2__MidRes__UsPresidentDonaldTrumpAndFirstLadyMelaniaTrumpAt-e1763167895626-150x150.jpg') 50% 50% no-repeat;width: 125px;height:90px;margin-bottom: 5px;background-size: cover; \"><\/div>\n\t\t\t\t\t\t\t\t\t  <\/div>\n\t\t\t\t\t\t\t\t\t  \n\t\t\t\t\t\t\t\t   <span class=\"yuzo__text--title\" style=\"font-size:13px;\">Trump amea\u00e7a impor tarifas a pa\u00edses que n\u00e3o apoiam...<\/span>\n\t\t\t\t\t\t\t  \n\t\t\t\t\t\t\t  \n\t\t\t\t\t\t\t  <\/a>\n\n\t\t\t\t\t\t  <\/div>\n<\/div> <script>\n\t\t\t\t\t\t  jQuery(document).ready(function( $ ){\n\t\t\t\t\t\t\t\/\/jQuery('.yuzo_related_post').equalizer({ overflow : 'relatedthumb' });\n\t\t\t\t\t\t\tjQuery('.yuzo_related_post .yuzo_wraps').equalizer({ columns : '> div' });\n\t\t\t\t\t\t   })\n\t\t\t\t\t\t  <\/script> <!-- End Yuzo :) -->","protected":false},"excerpt":{"rendered":"<p>A resposta \u00e0 pergunta-t\u00edtulo parece \u00f3bvia, mas n\u00e3o \u00e9 bem assim que a banda toca<\/p>\n","protected":false},"author":2,"featured_media":0,"comment_status":"open","ping_status":"closed","sticky":false,"template":"","format":"standard","meta":{"fifu_image_url":"","fifu_image_alt":"","footnotes":""},"categories":[488,611,309,5557,77],"tags":[],"class_list":["post-84719","post","type-post","status-publish","format-standard","hentry","category-cinema","category-comportamento","category-cultura","category-portugues","category-violencia"],"_links":{"self":[{"href":"https:\/\/redept.com.br\/blogosfera\/wp-json\/wp\/v2\/posts\/84719","targetHints":{"allow":["GET"]}}],"collection":[{"href":"https:\/\/redept.com.br\/blogosfera\/wp-json\/wp\/v2\/posts"}],"about":[{"href":"https:\/\/redept.com.br\/blogosfera\/wp-json\/wp\/v2\/types\/post"}],"author":[{"embeddable":true,"href":"https:\/\/redept.com.br\/blogosfera\/wp-json\/wp\/v2\/users\/2"}],"replies":[{"embeddable":true,"href":"https:\/\/redept.com.br\/blogosfera\/wp-json\/wp\/v2\/comments?post=84719"}],"version-history":[{"count":0,"href":"https:\/\/redept.com.br\/blogosfera\/wp-json\/wp\/v2\/posts\/84719\/revisions"}],"wp:attachment":[{"href":"https:\/\/redept.com.br\/blogosfera\/wp-json\/wp\/v2\/media?parent=84719"}],"wp:term":[{"taxonomy":"category","embeddable":true,"href":"https:\/\/redept.com.br\/blogosfera\/wp-json\/wp\/v2\/categories?post=84719"},{"taxonomy":"post_tag","embeddable":true,"href":"https:\/\/redept.com.br\/blogosfera\/wp-json\/wp\/v2\/tags?post=84719"}],"curies":[{"name":"wp","href":"https:\/\/api.w.org\/{rel}","templated":true}]}}