{"id":84751,"date":"2026-04-25T14:11:16","date_gmt":"2026-04-25T17:11:16","guid":{"rendered":"https:\/\/redept.com.br\/blogosfera\/desrespeito-ao-trabalhador-diz-dirigente-sindical-sobre-veto-da-pm-ao-1o-de-maio-na-paulista-e-liberacao-para-grupos-bolsonaristas\/"},"modified":"2026-04-25T14:11:16","modified_gmt":"2026-04-25T17:11:16","slug":"desrespeito-ao-trabalhador-diz-dirigente-sindical-sobre-veto-da-pm-ao-1o-de-maio-na-paulista-e-liberacao-para-grupos-bolsonaristas","status":"publish","type":"post","link":"https:\/\/redept.com.br\/blogosfera\/desrespeito-ao-trabalhador-diz-dirigente-sindical-sobre-veto-da-pm-ao-1o-de-maio-na-paulista-e-liberacao-para-grupos-bolsonaristas\/","title":{"rendered":"\u2018Desrespeito ao trabalhador\u2019, diz dirigente sindical sobre veto da PM ao 1\u00ba de Maio na Paulista e libera\u00e7\u00e3o para grupos bolsonaristas"},"content":{"rendered":"<p>A central sindical Conlutas criticou a decis\u00e3o da Pol\u00edcia Militar de S\u00e3o Paulo de vetar atos do 1\u00ba de Maio na avenida Paulista e liberar o local para grupos bolsonaristas. Em nota, a entidade manifestou rep\u00fadio \u00e0 decis\u00e3o, classificada como \u201carbitr\u00e1ria\u201d, e afirmou que houve viola\u00e7\u00e3o do direito dos trabalhadores de se manifestarem na data. [\u2026]<\/p>\n<p><a href=\"https:\/\/www.brasildefato.com.br\/2026\/04\/25\/desrespeito-ao-trabalhador-diz-dirigente-sindical-sobre-veto-da-pm-ao-1o-de-maio-na-paulista-e-liberacao-para-grupos-bolsonaristas\/\" rel=\"nofollow\">Fonte<\/a><\/p>\n<!-- Begin Yuzo --><div class='yuzo_related_post style-1'  data-version='5.12.89'><!-- without result --><div class='yuzo_clearfixed yuzo__title yuzo__title'><h3>Related Post<\/h3><\/div>\n\t\t\t\t\t\t  <div class=\"relatedthumb \" style=\"width:125px;float:left;overflow:hidden;\">  \n\t\t\t\t\t\t\t  \n\t\t\t\t\t\t\t  <a  href=\"https:\/\/redept.com.br\/blogosfera\/reducao-da-jornada-aproxima-o-brasil-de-tendencia-mundial-aponta-paim\/\"  >\n\t\t\t\t\t\t\t\t\t  <div class=\"yuzo-img-wrap \" style=\"width: 125px;height:90px;\">\n\t\t\t\t\t\t\t\t\t\t\n\t\t\t\t\t\t\t\t\t\t<div class=\"yuzo-img\" style=\"background:url('https:\/\/redept.org\/blogosfera\/wp-content\/plugins\/yuzo-related-post\/assets\/images\/default.png') 50% 50% no-repeat;width: 125px;height:90px;margin-bottom: 5px;background-size: cover; \"><\/div>\n\t\t\t\t\t\t\t\t\t  <\/div>\n\t\t\t\t\t\t\t\t\t  \n\t\t\t\t\t\t\t\t   <span class=\"yuzo__text--title\" style=\"font-size:13px;\">Redu\u00e7\u00e3o da jornada aproxima o Brasil de tend\u00eancia ...<\/span>\n\t\t\t\t\t\t\t  \n\t\t\t\t\t\t\t  \n\t\t\t\t\t\t\t  <\/a>\n\n\t\t\t\t\t\t  <\/div>\n\t\t\t\t\t\t  <div class=\"relatedthumb \" style=\"width:125px;float:left;overflow:hidden;\">  \n\t\t\t\t\t\t\t  \n\t\t\t\t\t\t\t  <a  href=\"https:\/\/redept.com.br\/blogosfera\/vereador-de-bh-pedro-rousseff-sobrinho-de-dilma-pede-prisao-de-flavio-bolsonaro-vai-pra-cadeia-video\/\"  >\n\t\t\t\t\t\t\t\t\t  <div class=\"yuzo-img-wrap \" style=\"width: 125px;height:90px;\">\n\t\t\t\t\t\t\t\t\t\t\n\t\t\t\t\t\t\t\t\t\t<div class=\"yuzo-img\" style=\"background:url('https:\/\/redept.org\/blogosfera\/wp-content\/plugins\/yuzo-related-post\/assets\/images\/default.png') 50% 50% no-repeat;width: 125px;height:90px;margin-bottom: 5px;background-size: cover; \"><\/div>\n\t\t\t\t\t\t\t\t\t  <\/div>\n\t\t\t\t\t\t\t\t\t  \n\t\t\t\t\t\t\t\t   <span class=\"yuzo__text--title\" style=\"font-size:13px;\">Vereador de BH, Pedro Rousseff, sobrinho de Dilma,...<\/span>\n\t\t\t\t\t\t\t  \n\t\t\t\t\t\t\t  \n\t\t\t\t\t\t\t  <\/a>\n\n\t\t\t\t\t\t  <\/div>\n\t\t\t\t\t\t  <div class=\"relatedthumb \" style=\"width:125px;float:left;overflow:hidden;\">  \n\t\t\t\t\t\t\t  \n\t\t\t\t\t\t\t  <a  href=\"https:\/\/redept.com.br\/blogosfera\/o-agente-secreto-fala-mais-de-esquecimento-do-que-de-memoria\/\"  >\n\t\t\t\t\t\t\t\t\t  <div class=\"yuzo-img-wrap \" style=\"width: 125px;height:90px;\">\n\t\t\t\t\t\t\t\t\t\t\n\t\t\t\t\t\t\t\t\t\t<div class=\"yuzo-img\" style=\"background:url('https:\/\/redept.com.br\/blogosfera\/wp-content\/uploads\/2026\/03\/agente-secreto-filme-br-7-1024x576-1-150x150.jpg') 50% 50% no-repeat;width: 125px;height:90px;margin-bottom: 5px;background-size: cover; \"><\/div>\n\t\t\t\t\t\t\t\t\t  <\/div>\n\t\t\t\t\t\t\t\t\t  \n\t\t\t\t\t\t\t\t   <span class=\"yuzo__text--title\" style=\"font-size:13px;\">O Agente Secreto fala mais de esquecimento do que ...<\/span>\n\t\t\t\t\t\t\t  \n\t\t\t\t\t\t\t  \n\t\t\t\t\t\t\t  <\/a>\n\n\t\t\t\t\t\t  <\/div>\n\t\t\t\t\t\t  <div class=\"relatedthumb \" style=\"width:125px;float:left;overflow:hidden;\">  \n\t\t\t\t\t\t\t  \n\t\t\t\t\t\t\t  <a  href=\"https:\/\/redept.com.br\/blogosfera\/brasil-e-china-confirmam-construcao-da-primeira-fabrica-de-maquinas-em-marica-rj\/\"  >\n\t\t\t\t\t\t\t\t\t  <div class=\"yuzo-img-wrap \" style=\"width: 125px;height:90px;\">\n\t\t\t\t\t\t\t\t\t\t\n\t\t\t\t\t\t\t\t\t\t<div class=\"yuzo-img\" style=\"background:url('https:\/\/redept.org\/blogosfera\/wp-content\/plugins\/yuzo-related-post\/assets\/images\/default.png') 50% 50% no-repeat;width: 125px;height:90px;margin-bottom: 5px;background-size: cover; \"><\/div>\n\t\t\t\t\t\t\t\t\t  <\/div>\n\t\t\t\t\t\t\t\t\t  \n\t\t\t\t\t\t\t\t   <span class=\"yuzo__text--title\" style=\"font-size:13px;\">Brasil e China confirmam constru\u00e7\u00e3o da primeira f\u00e1...<\/span>\n\t\t\t\t\t\t\t  \n\t\t\t\t\t\t\t  \n\t\t\t\t\t\t\t  <\/a>\n\n\t\t\t\t\t\t  <\/div>\n<\/div> <script>\n\t\t\t\t\t\t  jQuery(document).ready(function( $ ){\n\t\t\t\t\t\t\t\/\/jQuery('.yuzo_related_post').equalizer({ overflow : 'relatedthumb' });\n\t\t\t\t\t\t\tjQuery('.yuzo_related_post .yuzo_wraps').equalizer({ columns : '> div' });\n\t\t\t\t\t\t   })\n\t\t\t\t\t\t  <\/script> <!-- End Yuzo :) -->","protected":false},"excerpt":{"rendered":"<p>A central sindical Conlutas criticou a decis\u00e3o da Pol\u00edcia Militar de S\u00e3o Paulo de vetar atos do 1\u00ba de Maio na avenida Paulista e liberar o local para grupos bolsonaristas. Em nota, a entidade manifestou rep\u00fadio \u00e0 decis\u00e3o, classificada como \u201carbitr\u00e1ria\u201d, e afirmou que houve viola\u00e7\u00e3o do direito dos trabalhadores de se manifestarem na data. [&hellip;]<\/p>\n","protected":false},"author":2,"featured_media":0,"comment_status":"open","ping_status":"closed","sticky":false,"template":"","format":"standard","meta":{"fifu_image_url":"","fifu_image_alt":"","footnotes":""},"categories":[3936,3327,888,51210,51211,51212,51213,5225,1759,51214,51215,35088,423,51216,51217,51218,2791,187,799,6281,1689,51219,22286,1822,10507,7116,51220,72,474,480,51221],"tags":[],"class_list":["post-84751","post","type-post","status-publish","format-standard","hentry","category-1o-de-maio","category-ato-politico","category-avenida-paulista","category-csp-conlutas","category-data-historica","category-decisao-arbitraria","category-desrespeito-ao-trabalhador","category-dia-do-trabalhador","category-direita","category-direito-de-manifestacao","category-direito-dos-sindicatos","category-espaco-publico","category-extrema-direita","category-grupos-bolsonaristas","category-luiz-carlos-prates","category-luta-dos-trabalhadores","category-lutas","category-manifestacao","category-manifesto","category-masp","category-movimentos-sociais","category-negativa-de-autorizacao","category-ordem-publica","category-policia-militar","category-pstu","category-repudio","category-reuniao-tecnica","category-seguranca","category-sindicatos","category-trabalhadores","category-veto-pm"],"_links":{"self":[{"href":"https:\/\/redept.com.br\/blogosfera\/wp-json\/wp\/v2\/posts\/84751","targetHints":{"allow":["GET"]}}],"collection":[{"href":"https:\/\/redept.com.br\/blogosfera\/wp-json\/wp\/v2\/posts"}],"about":[{"href":"https:\/\/redept.com.br\/blogosfera\/wp-json\/wp\/v2\/types\/post"}],"author":[{"embeddable":true,"href":"https:\/\/redept.com.br\/blogosfera\/wp-json\/wp\/v2\/users\/2"}],"replies":[{"embeddable":true,"href":"https:\/\/redept.com.br\/blogosfera\/wp-json\/wp\/v2\/comments?post=84751"}],"version-history":[{"count":0,"href":"https:\/\/redept.com.br\/blogosfera\/wp-json\/wp\/v2\/posts\/84751\/revisions"}],"wp:attachment":[{"href":"https:\/\/redept.com.br\/blogosfera\/wp-json\/wp\/v2\/media?parent=84751"}],"wp:term":[{"taxonomy":"category","embeddable":true,"href":"https:\/\/redept.com.br\/blogosfera\/wp-json\/wp\/v2\/categories?post=84751"},{"taxonomy":"post_tag","embeddable":true,"href":"https:\/\/redept.com.br\/blogosfera\/wp-json\/wp\/v2\/tags?post=84751"}],"curies":[{"name":"wp","href":"https:\/\/api.w.org\/{rel}","templated":true}]}}