{"id":84752,"date":"2026-04-25T15:45:57","date_gmt":"2026-04-25T18:45:57","guid":{"rendered":"https:\/\/redept.com.br\/blogosfera\/terras-raras-minerais-estrategicos-e-criticos-entenda-as-diferencas\/"},"modified":"2026-04-25T15:45:57","modified_gmt":"2026-04-25T18:45:57","slug":"terras-raras-minerais-estrategicos-e-criticos-entenda-as-diferencas","status":"publish","type":"post","link":"https:\/\/redept.com.br\/blogosfera\/terras-raras-minerais-estrategicos-e-criticos-entenda-as-diferencas\/","title":{"rendered":"Terras raras, minerais estrat\u00e9gicos e cr\u00edticos: entenda as diferen\u00e7as"},"content":{"rendered":"<p>Conhecidos pelo potencial para impulsionar a transi\u00e7\u00e3o energ\u00e9tica, terras raras, minerais estrat\u00e9gicos e minerais cr\u00edticos v\u00eam ganhando cada vez mais protagonismo global. Embora frequentemente tratados como sin\u00f4nimos, os tr\u00eas conceitos cumprem pap\u00e9is diferentes na geopol\u00edtica e na economia global. Segundo o Servi\u00e7o Geol\u00f3gico do Brasil (SGB), \u00f3rg\u00e3o do governo federal respons\u00e1vel por avaliar o potencial [\u2026]<\/p>\n<p><a href=\"https:\/\/www.brasildefato.com.br\/2026\/04\/25\/terras-raras-minerais-estrategicos-e-criticos-entenda-as-diferencas\/\" rel=\"nofollow\">Fonte<\/a><\/p>\n<!-- Begin Yuzo --><div class='yuzo_related_post style-1'  data-version='5.12.89'><!-- without result --><div class='yuzo_clearfixed yuzo__title yuzo__title'><h3>Related Post<\/h3><\/div>\n\t\t\t\t\t\t  <div class=\"relatedthumb \" style=\"width:125px;float:left;overflow:hidden;\">  \n\t\t\t\t\t\t\t  \n\t\t\t\t\t\t\t  <a  href=\"https:\/\/redept.com.br\/blogosfera\/eua-revogam-visto-do-agu-jorge-messias-agressao-injusta\/\"  >\n\t\t\t\t\t\t\t\t\t  <div class=\"yuzo-img-wrap \" style=\"width: 125px;height:90px;\">\n\t\t\t\t\t\t\t\t\t\t\n\t\t\t\t\t\t\t\t\t\t<div class=\"yuzo-img\" style=\"background:url('https:\/\/redept.org\/blogosfera\/wp-content\/plugins\/yuzo-related-post\/assets\/images\/default.png') 50% 50% no-repeat;width: 125px;height:90px;margin-bottom: 5px;background-size: cover; \"><\/div>\n\t\t\t\t\t\t\t\t\t  <\/div>\n\t\t\t\t\t\t\t\t\t  \n\t\t\t\t\t\t\t\t   <span class=\"yuzo__text--title\" style=\"font-size:13px;\">EUA revogam visto do AGU, Jorge Messias: \u201cAgress\u00e3o...<\/span>\n\t\t\t\t\t\t\t  \n\t\t\t\t\t\t\t  \n\t\t\t\t\t\t\t  <\/a>\n\n\t\t\t\t\t\t  <\/div>\n\t\t\t\t\t\t  <div class=\"relatedthumb \" style=\"width:125px;float:left;overflow:hidden;\">  \n\t\t\t\t\t\t\t  \n\t\t\t\t\t\t\t  <a  href=\"https:\/\/redept.com.br\/blogosfera\/pl-antifaccao-o-projeto-da-extrema-direita-e-o-erro-de-hugo-motta\/\"  >\n\t\t\t\t\t\t\t\t\t  <div class=\"yuzo-img-wrap \" style=\"width: 125px;height:90px;\">\n\t\t\t\t\t\t\t\t\t\t\n\t\t\t\t\t\t\t\t\t\t<div class=\"yuzo-img\" style=\"background:url('https:\/\/redept.org\/blogosfera\/wp-content\/plugins\/yuzo-related-post\/assets\/images\/default.png') 50% 50% no-repeat;width: 125px;height:90px;margin-bottom: 5px;background-size: cover; \"><\/div>\n\t\t\t\t\t\t\t\t\t  <\/div>\n\t\t\t\t\t\t\t\t\t  \n\t\t\t\t\t\t\t\t   <span class=\"yuzo__text--title\" style=\"font-size:13px;\">PL Antifac\u00e7\u00e3o: o projeto da extrema direita e o er...<\/span>\n\t\t\t\t\t\t\t  \n\t\t\t\t\t\t\t  \n\t\t\t\t\t\t\t  <\/a>\n\n\t\t\t\t\t\t  <\/div>\n\t\t\t\t\t\t  <div class=\"relatedthumb \" style=\"width:125px;float:left;overflow:hidden;\">  \n\t\t\t\t\t\t\t  \n\t\t\t\t\t\t\t  <a  href=\"https:\/\/redept.com.br\/blogosfera\/bolsonaro-solicita-padre-apos-pastores-moraes-exige-relatorio-detalhado-da-rotina-do-presidiario\/\"  >\n\t\t\t\t\t\t\t\t\t  <div class=\"yuzo-img-wrap \" style=\"width: 125px;height:90px;\">\n\t\t\t\t\t\t\t\t\t\t\n\t\t\t\t\t\t\t\t\t\t<div class=\"yuzo-img\" style=\"background:url('https:\/\/redept.org\/blogosfera\/wp-content\/plugins\/yuzo-related-post\/assets\/images\/default.png') 50% 50% no-repeat;width: 125px;height:90px;margin-bottom: 5px;background-size: cover; \"><\/div>\n\t\t\t\t\t\t\t\t\t  <\/div>\n\t\t\t\t\t\t\t\t\t  \n\t\t\t\t\t\t\t\t   <span class=\"yuzo__text--title\" style=\"font-size:13px;\">Bolsonaro solicita padre ap\u00f3s pastores; Moraes exi...<\/span>\n\t\t\t\t\t\t\t  \n\t\t\t\t\t\t\t  \n\t\t\t\t\t\t\t  <\/a>\n\n\t\t\t\t\t\t  <\/div>\n\t\t\t\t\t\t  <div class=\"relatedthumb \" style=\"width:125px;float:left;overflow:hidden;\">  \n\t\t\t\t\t\t\t  \n\t\t\t\t\t\t\t  <a  href=\"https:\/\/redept.com.br\/blogosfera\/o-brasil-entre-o-imperialismo-e-a-soberania-e-hora-de-reagir\/\"  >\n\t\t\t\t\t\t\t\t\t  <div class=\"yuzo-img-wrap \" style=\"width: 125px;height:90px;\">\n\t\t\t\t\t\t\t\t\t\t\n\t\t\t\t\t\t\t\t\t\t<div class=\"yuzo-img\" style=\"background:url('https:\/\/redept.org\/blogosfera\/wp-content\/plugins\/yuzo-related-post\/assets\/images\/default.png') 50% 50% no-repeat;width: 125px;height:90px;margin-bottom: 5px;background-size: cover; \"><\/div>\n\t\t\t\t\t\t\t\t\t  <\/div>\n\t\t\t\t\t\t\t\t\t  \n\t\t\t\t\t\t\t\t   <span class=\"yuzo__text--title\" style=\"font-size:13px;\">O Brasil entre o imperialismo e a soberania: \u00e9 hor...<\/span>\n\t\t\t\t\t\t\t  \n\t\t\t\t\t\t\t  \n\t\t\t\t\t\t\t  <\/a>\n\n\t\t\t\t\t\t  <\/div>\n<\/div> <script>\n\t\t\t\t\t\t  jQuery(document).ready(function( $ ){\n\t\t\t\t\t\t\t\/\/jQuery('.yuzo_related_post').equalizer({ overflow : 'relatedthumb' });\n\t\t\t\t\t\t\tjQuery('.yuzo_related_post .yuzo_wraps').equalizer({ columns : '> div' });\n\t\t\t\t\t\t   })\n\t\t\t\t\t\t  <\/script> <!-- End Yuzo :) -->","protected":false},"excerpt":{"rendered":"<p>Conhecidos pelo potencial para impulsionar a transi\u00e7\u00e3o energ\u00e9tica, terras raras, minerais estrat\u00e9gicos e minerais cr\u00edticos v\u00eam ganhando cada vez mais protagonismo global. Embora frequentemente tratados como sin\u00f4nimos, os tr\u00eas conceitos cumprem pap\u00e9is diferentes na geopol\u00edtica e na economia global. Segundo o Servi\u00e7o Geol\u00f3gico do Brasil (SGB), \u00f3rg\u00e3o do governo federal respons\u00e1vel por avaliar o potencial [&hellip;]<\/p>\n","protected":false},"author":2,"featured_media":0,"comment_status":"open","ping_status":"closed","sticky":false,"template":"","format":"standard","meta":{"fifu_image_url":"","fifu_image_alt":"","footnotes":""},"categories":[642,25408,2618,292,51222,12709,51223,394,1312,14506,21230,13371,3105,51224,51124,10615,5661,51225,24830,26788,51226,29907,23596,51227,38037,3132,4711,4036,553,1170],"tags":[],"class_list":["post-84752","post","type-post","status-publish","format-standard","hentry","category-balanca-comercial","category-beneficiamento","category-cadeia-produtiva","category-china","category-cobalto","category-dependencia-externa","category-elementos-terras-raras","category-estados-unidos","category-geopolitica","category-grafita","category-impactos-ambientais","category-lantanideos","category-litio","category-luiz-jardim-wanderley","category-mineracao-sustentavel","category-minerais-criticos","category-minerais-estrategicos","category-minerios-de-alta-tecnologia","category-neodimio","category-niobio","category-niquel","category-refino","category-reservas-brasileiras","category-servico-geologico-do-brasil","category-sgb","category-soberania-nacional","category-socioambiental","category-terras-raras","category-transicao-energetica","category-uniao-europeia"],"_links":{"self":[{"href":"https:\/\/redept.com.br\/blogosfera\/wp-json\/wp\/v2\/posts\/84752","targetHints":{"allow":["GET"]}}],"collection":[{"href":"https:\/\/redept.com.br\/blogosfera\/wp-json\/wp\/v2\/posts"}],"about":[{"href":"https:\/\/redept.com.br\/blogosfera\/wp-json\/wp\/v2\/types\/post"}],"author":[{"embeddable":true,"href":"https:\/\/redept.com.br\/blogosfera\/wp-json\/wp\/v2\/users\/2"}],"replies":[{"embeddable":true,"href":"https:\/\/redept.com.br\/blogosfera\/wp-json\/wp\/v2\/comments?post=84752"}],"version-history":[{"count":0,"href":"https:\/\/redept.com.br\/blogosfera\/wp-json\/wp\/v2\/posts\/84752\/revisions"}],"wp:attachment":[{"href":"https:\/\/redept.com.br\/blogosfera\/wp-json\/wp\/v2\/media?parent=84752"}],"wp:term":[{"taxonomy":"category","embeddable":true,"href":"https:\/\/redept.com.br\/blogosfera\/wp-json\/wp\/v2\/categories?post=84752"},{"taxonomy":"post_tag","embeddable":true,"href":"https:\/\/redept.com.br\/blogosfera\/wp-json\/wp\/v2\/tags?post=84752"}],"curies":[{"name":"wp","href":"https:\/\/api.w.org\/{rel}","templated":true}]}}