{"id":84754,"date":"2026-04-25T16:39:06","date_gmt":"2026-04-25T19:39:06","guid":{"rendered":"https:\/\/redept.com.br\/blogosfera\/encontro-internacional-reafirma-a-parceria-entre-brasil-e-africa-no-enfrentamento-as-instabilidades-politicas-e-economicas-no-continente\/"},"modified":"2026-04-25T16:39:06","modified_gmt":"2026-04-25T19:39:06","slug":"encontro-internacional-reafirma-a-parceria-entre-brasil-e-africa-no-enfrentamento-as-instabilidades-politicas-e-economicas-no-continente","status":"publish","type":"post","link":"https:\/\/redept.com.br\/blogosfera\/encontro-internacional-reafirma-a-parceria-entre-brasil-e-africa-no-enfrentamento-as-instabilidades-politicas-e-economicas-no-continente\/","title":{"rendered":"Encontro internacional reafirma a parceria entre Brasil e \u00c1frica no enfrentamento \u00e0s instabilidades pol\u00edticas e econ\u00f4micas no continente"},"content":{"rendered":"<p><em>Entre a riqueza de recursos e os desafios demogr\u00e1ficos, as lideran\u00e7as defendem sistemas mais robustos de educa\u00e7\u00e3o e prote\u00e7\u00e3o das riquezas locais<\/em><\/p>\n<p>Sob a media\u00e7\u00e3o de Maria Carlotto, conselheira da Funda\u00e7\u00e3o Perseu Abramo, o 8\u00ba Congresso do PT tornou-se palco de uma reflex\u00e3o profunda sobre as engrenagens pol\u00edticas e socioecon\u00f4micas que movem a \u00c1frica contempor\u00e2nea. Realizada nesta sexta-feira (24), a mesa de debates da Jornada Internacional conectou vozes de diferentes na\u00e7\u00f5es africanas em torno de um objetivo comum: a supera\u00e7\u00e3o da pobreza e da desigualdade por meio de sistemas pol\u00edticos robustos. O encontro evidenciou que o esfor\u00e7o de desenvolvimento do continente hoje exige, acima de tudo, o controle sobre suas pr\u00f3prias riquezas e destinos.\u00a0<\/p>\n<p>O debate foi atravessado por uma mem\u00f3ria hist\u00f3rica rigorosa, pontuando que, embora a \u00c1frica seja o continente mais rico do planeta em termos de recursos naturais, sua trajet\u00f3ria foi marcada por s\u00e9culos de colonialismo, escravid\u00e3o e o sistem\u00e1tico desvio de riquezas e capital humano. O diplomata e escritor Ahamed Mulay Ali Hamadi da Rep\u00fablica \u00c1rabe Saharaui Democr\u00e1tica refor\u00e7ou que a consci\u00eancia pol\u00edtica que floresceu nas lutas por independ\u00eancia no s\u00e9culo 20 agora enfrenta uma nova e sofisticada roupagem: o neocolonialismo. Segundo os painelistas, esse sistema se manifesta tanto na manuten\u00e7\u00e3o de interesses europeus sobre solos africanos quanto no apoio a elites locais que priorizam interesses pessoais em detrimento do bem comum, alimentando instabilidades que abrem margem para o avan\u00e7o do terrorismo e do tr\u00e1fico de drogas.<\/p>\n<p>A geopol\u00edtica do Norte da \u00c1frica ocupou lugar central na discuss\u00e3o, evidenciando as feridas abertas de conflitos prolongados. Foi recordado o sacrif\u00edcio da Arg\u00e9lia, que custou a vida de um milh\u00e3o de cidad\u00e3os na luta contra o dom\u00ednio franc\u00eas, e a atual situa\u00e7\u00e3o de tens\u00e3o envolvendo o Marrocos e a Rep\u00fablica \u00c1rabe Saharaui Democr\u00e1tica. Os palestrantes destacaram a gravidade do muro de mais de 2.700 km que divide o Saara Ocidental, uma das maiores barreiras militares do mundo, e criticaram as manobras diplom\u00e1ticas da era Trump que, ao ignorar o direito \u00e0 autodetermina\u00e7\u00e3o, acirraram uma guerra que j\u00e1 perdura por meio s\u00e9culo. A an\u00e1lise sublinhou que os problemas geogr\u00e1ficos e geopol\u00edticos da regi\u00e3o n\u00e3o s\u00e3o fruto do acaso, mas da disputa feroz pelas riquezas estrat\u00e9gicas do mundo \u00e1rabe-africano.<\/p>\n<p>Ao olhar para o futuro, o foco se deslocou para a \u00c1frica Subsaariana e os desafios demogr\u00e1ficos de pa\u00edses como Angola. M\u00e1rio Pinto de Andrade, deputado e secret\u00e1rio de assuntos pol\u00edticos e eleitorais do MPLA, trouxe dados que revelam a vitalidade e a press\u00e3o social do continente, j\u00e1 que em Angola, cerca de 70% da popula\u00e7\u00e3o tem menos de 25 anos. Esse b\u00f4nus demogr\u00e1fico, embora represente uma for\u00e7a produtiva imensa, imp\u00f5e desafios colossais ao Estado. Atualmente, com um crescimento populacional acelerado e uma m\u00e9dia de oito filhos por fam\u00edlia, o sistema educacional angolano, apesar de acolher milh\u00f5es de crian\u00e7as, ainda enfrenta o gargalo de manter cerca de quatro milh\u00f5es de jovens fora das salas de aula.A conclus\u00e3o do encontro reafirmou que a estabilidade de na\u00e7\u00f5es como Angola, Congo e Mo\u00e7ambique, ricas em petr\u00f3leo e min\u00e9rios, depende da capacidade de converter esses recursos em desenvolvimento humano e infraestrutura. Para os conferencistas, o fortalecimento de um sistema africano robusto e a integra\u00e7\u00e3o com parceiros do Sul Global, como o Brasil, que compartilha la\u00e7os ancestrais com o continente, s\u00e3o os caminhos fundamentais para que o povo africano, que por tanto tempo foi silenciado, assuma definitivamente o protagonismo de sua pr\u00f3pria hist\u00f3ria e economia.<strong><\/strong><\/p>\n<!-- Begin Yuzo --><div class='yuzo_related_post style-1'  data-version='5.12.89'><!-- without result --><div class='yuzo_clearfixed yuzo__title yuzo__title'><h3>Related Post<\/h3><\/div>\n\t\t\t\t\t\t  <div class=\"relatedthumb \" style=\"width:125px;float:left;overflow:hidden;\">  \n\t\t\t\t\t\t\t  \n\t\t\t\t\t\t\t  <a  href=\"https:\/\/redept.com.br\/blogosfera\/globo-100-anos-um-seculo-do-jornal-dos-ricos-contra-os-pobres-dos-golpistas-contra-a-democracia\/\"  >\n\t\t\t\t\t\t\t\t\t  <div class=\"yuzo-img-wrap \" style=\"width: 125px;height:90px;\">\n\t\t\t\t\t\t\t\t\t\t\n\t\t\t\t\t\t\t\t\t\t<div class=\"yuzo-img\" style=\"background:url('https:\/\/redept.org\/blogosfera\/wp-content\/plugins\/yuzo-related-post\/assets\/images\/default.png') 50% 50% no-repeat;width: 125px;height:90px;margin-bottom: 5px;background-size: cover; \"><\/div>\n\t\t\t\t\t\t\t\t\t  <\/div>\n\t\t\t\t\t\t\t\t\t  \n\t\t\t\t\t\t\t\t   <span class=\"yuzo__text--title\" style=\"font-size:13px;\">Globo 100 anos: Um s\u00e9culo do jornal dos ricos cont...<\/span>\n\t\t\t\t\t\t\t  \n\t\t\t\t\t\t\t  \n\t\t\t\t\t\t\t  <\/a>\n\n\t\t\t\t\t\t  <\/div>\n\t\t\t\t\t\t  <div class=\"relatedthumb \" style=\"width:125px;float:left;overflow:hidden;\">  \n\t\t\t\t\t\t\t  \n\t\t\t\t\t\t\t  <a  href=\"https:\/\/redept.com.br\/blogosfera\/congresso-derruba-dina-boluarte-e-peru-tera-7o-presidente-em-10-anos\/\"  >\n\t\t\t\t\t\t\t\t\t  <div class=\"yuzo-img-wrap \" style=\"width: 125px;height:90px;\">\n\t\t\t\t\t\t\t\t\t\t\n\t\t\t\t\t\t\t\t\t\t<div class=\"yuzo-img\" style=\"background:url('https:\/\/redept.org\/blogosfera\/wp-content\/plugins\/yuzo-related-post\/assets\/images\/default.png') 50% 50% no-repeat;width: 125px;height:90px;margin-bottom: 5px;background-size: cover; \"><\/div>\n\t\t\t\t\t\t\t\t\t  <\/div>\n\t\t\t\t\t\t\t\t\t  \n\t\t\t\t\t\t\t\t   <span class=\"yuzo__text--title\" style=\"font-size:13px;\">Congresso derruba Dina Boluarte e Peru ter\u00e1 7\u00ba pre...<\/span>\n\t\t\t\t\t\t\t  \n\t\t\t\t\t\t\t  \n\t\t\t\t\t\t\t  <\/a>\n\n\t\t\t\t\t\t  <\/div>\n\t\t\t\t\t\t  <div class=\"relatedthumb \" style=\"width:125px;float:left;overflow:hidden;\">  \n\t\t\t\t\t\t\t  \n\t\t\t\t\t\t\t  <a  href=\"https:\/\/redept.com.br\/blogosfera\/linha-amarela-instalada-por-soldados-israelenses-levanta-preocupacao-em-gaza-alerta-the-guardian\/\"  >\n\t\t\t\t\t\t\t\t\t  <div class=\"yuzo-img-wrap \" style=\"width: 125px;height:90px;\">\n\t\t\t\t\t\t\t\t\t\t\n\t\t\t\t\t\t\t\t\t\t<div class=\"yuzo-img\" style=\"background:url('https:\/\/redept.org\/blogosfera\/wp-content\/plugins\/yuzo-related-post\/assets\/images\/default.png') 50% 50% no-repeat;width: 125px;height:90px;margin-bottom: 5px;background-size: cover; \"><\/div>\n\t\t\t\t\t\t\t\t\t  <\/div>\n\t\t\t\t\t\t\t\t\t  \n\t\t\t\t\t\t\t\t   <span class=\"yuzo__text--title\" style=\"font-size:13px;\">Linha amarela instalada por soldados israelenses l...<\/span>\n\t\t\t\t\t\t\t  \n\t\t\t\t\t\t\t  \n\t\t\t\t\t\t\t  <\/a>\n\n\t\t\t\t\t\t  <\/div>\n\t\t\t\t\t\t  <div class=\"relatedthumb \" style=\"width:125px;float:left;overflow:hidden;\">  \n\t\t\t\t\t\t\t  \n\t\t\t\t\t\t\t  <a  href=\"https:\/\/redept.com.br\/blogosfera\/alckmin-inaugura-uma-das-maiores-usinas-solares-do-brasil\/\"  >\n\t\t\t\t\t\t\t\t\t  <div class=\"yuzo-img-wrap \" style=\"width: 125px;height:90px;\">\n\t\t\t\t\t\t\t\t\t\t\n\t\t\t\t\t\t\t\t\t\t<div class=\"yuzo-img\" style=\"background:url('https:\/\/redept.com.br\/blogosfera\/wp-content\/uploads\/2025\/06\/08e51fd2-abce-4f1b-94c2-ef268199b7e4-150x150.jpeg') 50% 50% no-repeat;width: 125px;height:90px;margin-bottom: 5px;background-size: cover; \"><\/div>\n\t\t\t\t\t\t\t\t\t  <\/div>\n\t\t\t\t\t\t\t\t\t  \n\t\t\t\t\t\t\t\t   <span class=\"yuzo__text--title\" style=\"font-size:13px;\">Alckmin inaugura uma das maiores usinas solares do...<\/span>\n\t\t\t\t\t\t\t  \n\t\t\t\t\t\t\t  \n\t\t\t\t\t\t\t  <\/a>\n\n\t\t\t\t\t\t  <\/div>\n<\/div> <script>\n\t\t\t\t\t\t  jQuery(document).ready(function( $ ){\n\t\t\t\t\t\t\t\/\/jQuery('.yuzo_related_post').equalizer({ overflow : 'relatedthumb' });\n\t\t\t\t\t\t\tjQuery('.yuzo_related_post .yuzo_wraps').equalizer({ columns : '> div' });\n\t\t\t\t\t\t   })\n\t\t\t\t\t\t  <\/script> <!-- End Yuzo :) -->","protected":false},"excerpt":{"rendered":"<p>Entre a riqueza de recursos e os desafios demogr\u00e1ficos, as lideran\u00e7as defendem sistemas mais robustos de educa\u00e7\u00e3o e prote\u00e7\u00e3o das riquezas locais Sob a media\u00e7\u00e3o de Maria Carlotto, conselheira da Funda\u00e7\u00e3o Perseu Abramo, o 8\u00ba Congresso do PT tornou-se palco de uma reflex\u00e3o profunda sobre as engrenagens pol\u00edticas e socioecon\u00f4micas que movem a \u00c1frica contempor\u00e2nea. [&hellip;]<\/p>\n","protected":false},"author":2,"featured_media":0,"comment_status":"open","ping_status":"closed","sticky":false,"template":"","format":"standard","meta":{"fifu_image_url":"","fifu_image_alt":"","footnotes":""},"categories":[8620],"tags":[],"class_list":["post-84754","post","type-post","status-publish","format-standard","hentry","category-noticia"],"_links":{"self":[{"href":"https:\/\/redept.com.br\/blogosfera\/wp-json\/wp\/v2\/posts\/84754","targetHints":{"allow":["GET"]}}],"collection":[{"href":"https:\/\/redept.com.br\/blogosfera\/wp-json\/wp\/v2\/posts"}],"about":[{"href":"https:\/\/redept.com.br\/blogosfera\/wp-json\/wp\/v2\/types\/post"}],"author":[{"embeddable":true,"href":"https:\/\/redept.com.br\/blogosfera\/wp-json\/wp\/v2\/users\/2"}],"replies":[{"embeddable":true,"href":"https:\/\/redept.com.br\/blogosfera\/wp-json\/wp\/v2\/comments?post=84754"}],"version-history":[{"count":0,"href":"https:\/\/redept.com.br\/blogosfera\/wp-json\/wp\/v2\/posts\/84754\/revisions"}],"wp:attachment":[{"href":"https:\/\/redept.com.br\/blogosfera\/wp-json\/wp\/v2\/media?parent=84754"}],"wp:term":[{"taxonomy":"category","embeddable":true,"href":"https:\/\/redept.com.br\/blogosfera\/wp-json\/wp\/v2\/categories?post=84754"},{"taxonomy":"post_tag","embeddable":true,"href":"https:\/\/redept.com.br\/blogosfera\/wp-json\/wp\/v2\/tags?post=84754"}],"curies":[{"name":"wp","href":"https:\/\/api.w.org\/{rel}","templated":true}]}}