{"id":84756,"date":"2026-04-25T16:03:41","date_gmt":"2026-04-25T19:03:41","guid":{"rendered":"https:\/\/redept.com.br\/blogosfera\/favela-do-moinho-e-tema-de-exposicao-e-debate-sobre-luta-por-moradia-neste-sabado-no-al-janiah-em-sp\/"},"modified":"2026-04-25T16:03:41","modified_gmt":"2026-04-25T19:03:41","slug":"favela-do-moinho-e-tema-de-exposicao-e-debate-sobre-luta-por-moradia-neste-sabado-no-al-janiah-em-sp","status":"publish","type":"post","link":"https:\/\/redept.com.br\/blogosfera\/favela-do-moinho-e-tema-de-exposicao-e-debate-sobre-luta-por-moradia-neste-sabado-no-al-janiah-em-sp\/","title":{"rendered":"Favela do Moinho \u00e9 tema de exposi\u00e7\u00e3o e debate sobre luta por moradia neste s\u00e1bado no Al Janiah, em SP"},"content":{"rendered":"<p>Evento marca um ano do processo de desocupa\u00e7\u00e3o com lan\u00e7amento de document\u00e1rio, acervo digital e mostra fotogr\u00e1fica no Bixiga<\/p>\n<p><a href=\"https:\/\/www.brasildefato.com.br\/2026\/04\/25\/favela-do-moinho-e-tema-de-exposicao-e-debate-sobre-luta-por-moradia-neste-sabado-no-al-janiah-em-sp\/\" rel=\"nofollow\">Fonte<\/a><\/p>\n<!-- Begin Yuzo --><div class='yuzo_related_post style-1'  data-version='5.12.89'><!-- without result --><div class='yuzo_clearfixed yuzo__title yuzo__title'><h3>Related Post<\/h3><\/div>\n\t\t\t\t\t\t  <div class=\"relatedthumb \" style=\"width:125px;float:left;overflow:hidden;\">  \n\t\t\t\t\t\t\t  \n\t\t\t\t\t\t\t  <a  href=\"https:\/\/redept.com.br\/blogosfera\/milei-e-investigado-por-fraude-em-criptomoeda-oposicao-quer-impeachment\/\"  >\n\t\t\t\t\t\t\t\t\t  <div class=\"yuzo-img-wrap \" style=\"width: 125px;height:90px;\">\n\t\t\t\t\t\t\t\t\t\t\n\t\t\t\t\t\t\t\t\t\t<div class=\"yuzo-img\" style=\"background:url('https:\/\/redept.org\/blogosfera\/wp-content\/plugins\/yuzo-related-post\/assets\/images\/default.png') 50% 50% no-repeat;width: 125px;height:90px;margin-bottom: 5px;background-size: cover; \"><\/div>\n\t\t\t\t\t\t\t\t\t  <\/div>\n\t\t\t\t\t\t\t\t\t  \n\t\t\t\t\t\t\t\t   <span class=\"yuzo__text--title\" style=\"font-size:13px;\">Milei \u00e9 investigado por fraude em criptomoeda; opo...<\/span>\n\t\t\t\t\t\t\t  \n\t\t\t\t\t\t\t  \n\t\t\t\t\t\t\t  <\/a>\n\n\t\t\t\t\t\t  <\/div>\n\t\t\t\t\t\t  <div class=\"relatedthumb \" style=\"width:125px;float:left;overflow:hidden;\">  \n\t\t\t\t\t\t\t  \n\t\t\t\t\t\t\t  <a  href=\"https:\/\/redept.com.br\/blogosfera\/lula-da-posse-a-boulos-que-critica-escala-6x1\/\"  >\n\t\t\t\t\t\t\t\t\t  <div class=\"yuzo-img-wrap \" style=\"width: 125px;height:90px;\">\n\t\t\t\t\t\t\t\t\t\t\n\t\t\t\t\t\t\t\t\t\t<div class=\"yuzo-img\" style=\"background:url('https:\/\/redept.org\/blogosfera\/wp-content\/plugins\/yuzo-related-post\/assets\/images\/default.png') 50% 50% no-repeat;width: 125px;height:90px;margin-bottom: 5px;background-size: cover; \"><\/div>\n\t\t\t\t\t\t\t\t\t  <\/div>\n\t\t\t\t\t\t\t\t\t  \n\t\t\t\t\t\t\t\t   <span class=\"yuzo__text--title\" style=\"font-size:13px;\">Lula d\u00e1 posse a Boulos, que critica escala 6\u00d71<\/span>\n\t\t\t\t\t\t\t  \n\t\t\t\t\t\t\t  \n\t\t\t\t\t\t\t  <\/a>\n\n\t\t\t\t\t\t  <\/div>\n\t\t\t\t\t\t  <div class=\"relatedthumb \" style=\"width:125px;float:left;overflow:hidden;\">  \n\t\t\t\t\t\t\t  \n\t\t\t\t\t\t\t  <a  href=\"https:\/\/redept.com.br\/blogosfera\/abbas-elogia-plano-de-trump-mas-reivindica-soberania-palestina-sobre-gaza\/\"  >\n\t\t\t\t\t\t\t\t\t  <div class=\"yuzo-img-wrap \" style=\"width: 125px;height:90px;\">\n\t\t\t\t\t\t\t\t\t\t\n\t\t\t\t\t\t\t\t\t\t<div class=\"yuzo-img\" style=\"background:url('https:\/\/redept.com.br\/blogosfera\/wp-content\/uploads\/2025\/10\/abbas-150x150.png') 50% 50% no-repeat;width: 125px;height:90px;margin-bottom: 5px;background-size: cover; \"><\/div>\n\t\t\t\t\t\t\t\t\t  <\/div>\n\t\t\t\t\t\t\t\t\t  \n\t\t\t\t\t\t\t\t   <span class=\"yuzo__text--title\" style=\"font-size:13px;\">Abbas elogia plano de Trump mas reivindica soberan...<\/span>\n\t\t\t\t\t\t\t  \n\t\t\t\t\t\t\t  \n\t\t\t\t\t\t\t  <\/a>\n\n\t\t\t\t\t\t  <\/div>\n\t\t\t\t\t\t  <div class=\"relatedthumb \" style=\"width:125px;float:left;overflow:hidden;\">  \n\t\t\t\t\t\t\t  \n\t\t\t\t\t\t\t  <a  href=\"https:\/\/redept.com.br\/blogosfera\/pesquisa-mostra-presenca-de-metais-toxicos-no-ar-de-cidades-atingidas-por-crime-da-vale-em-brumadinho\/\"  >\n\t\t\t\t\t\t\t\t\t  <div class=\"yuzo-img-wrap \" style=\"width: 125px;height:90px;\">\n\t\t\t\t\t\t\t\t\t\t\n\t\t\t\t\t\t\t\t\t\t<div class=\"yuzo-img\" style=\"background:url('https:\/\/redept.org\/blogosfera\/wp-content\/plugins\/yuzo-related-post\/assets\/images\/default.png') 50% 50% no-repeat;width: 125px;height:90px;margin-bottom: 5px;background-size: cover; \"><\/div>\n\t\t\t\t\t\t\t\t\t  <\/div>\n\t\t\t\t\t\t\t\t\t  \n\t\t\t\t\t\t\t\t   <span class=\"yuzo__text--title\" style=\"font-size:13px;\">Pesquisa mostra presen\u00e7a de metais t\u00f3xicos no ar d...<\/span>\n\t\t\t\t\t\t\t  \n\t\t\t\t\t\t\t  \n\t\t\t\t\t\t\t  <\/a>\n\n\t\t\t\t\t\t  <\/div>\n<\/div> <script>\n\t\t\t\t\t\t  jQuery(document).ready(function( $ ){\n\t\t\t\t\t\t\t\/\/jQuery('.yuzo_related_post').equalizer({ overflow : 'relatedthumb' });\n\t\t\t\t\t\t\tjQuery('.yuzo_related_post .yuzo_wraps').equalizer({ columns : '> div' });\n\t\t\t\t\t\t   })\n\t\t\t\t\t\t  <\/script> <!-- End Yuzo :) -->","protected":false},"excerpt":{"rendered":"<p>Evento marca um ano do processo de desocupa\u00e7\u00e3o com lan\u00e7amento de document\u00e1rio, acervo digital e mostra fotogr\u00e1fica no Bixiga Fonte Related Post Relat\u00f3rio do CNJ sobre crimes da Lava Jato complet&#8230; P\u00e9ricles de Souza: uma gera\u00e7\u00e3o e uma causa Receita admite acesso indevido a dados de ministro&#8230; Suprema Corte imp\u00f5e derrota a Trump e libera [&hellip;]<\/p>\n","protected":false},"author":2,"featured_media":0,"comment_status":"open","ping_status":"closed","sticky":false,"template":"","format":"standard","meta":{"fifu_image_url":"","fifu_image_alt":"","footnotes":""},"categories":[22855,25186,51228,43406,21890,6773,51229,51230,12842,1011,22125,857,2259,6694,507,1306,5323,51231,10706,4914,51232,51233,51234,51235,51236,42654,51237,51238,1670,626,29],"tags":[],"class_list":["post-84756","post","type-post","status-publish","format-standard","hentry","category-advocacia-popular","category-al-janiah","category-alessandra-moja","category-associacao-de-moradores","category-bixiga","category-brasil-de-fato","category-caio-castor","category-centro-de-memoria","category-centro-de-sao-paulo","category-cidades","category-comunidade","category-debate","category-despejo","category-direito-a-moradia","category-documentario","category-exposicao","category-favela-do-moinho","category-gabriela-moncau","category-intercept-brasil","category-luta-por-moradia","category-maquinario","category-memoria-social","category-moinho-de-gente","category-moinho-vivo","category-moradia-urbana","category-politica-de-estado","category-remocao-de-favela","category-remocao-forcada","category-repressao","category-resistencia","category-sao-paulo"],"_links":{"self":[{"href":"https:\/\/redept.com.br\/blogosfera\/wp-json\/wp\/v2\/posts\/84756","targetHints":{"allow":["GET"]}}],"collection":[{"href":"https:\/\/redept.com.br\/blogosfera\/wp-json\/wp\/v2\/posts"}],"about":[{"href":"https:\/\/redept.com.br\/blogosfera\/wp-json\/wp\/v2\/types\/post"}],"author":[{"embeddable":true,"href":"https:\/\/redept.com.br\/blogosfera\/wp-json\/wp\/v2\/users\/2"}],"replies":[{"embeddable":true,"href":"https:\/\/redept.com.br\/blogosfera\/wp-json\/wp\/v2\/comments?post=84756"}],"version-history":[{"count":0,"href":"https:\/\/redept.com.br\/blogosfera\/wp-json\/wp\/v2\/posts\/84756\/revisions"}],"wp:attachment":[{"href":"https:\/\/redept.com.br\/blogosfera\/wp-json\/wp\/v2\/media?parent=84756"}],"wp:term":[{"taxonomy":"category","embeddable":true,"href":"https:\/\/redept.com.br\/blogosfera\/wp-json\/wp\/v2\/categories?post=84756"},{"taxonomy":"post_tag","embeddable":true,"href":"https:\/\/redept.com.br\/blogosfera\/wp-json\/wp\/v2\/tags?post=84756"}],"curies":[{"name":"wp","href":"https:\/\/api.w.org\/{rel}","templated":true}]}}