{"id":84757,"date":"2026-04-25T16:32:32","date_gmt":"2026-04-25T19:32:32","guid":{"rendered":"https:\/\/redept.com.br\/blogosfera\/trump-cancela-envio-de-negociadores-ao-paquistao-apos-chanceler-iraniano-deixar-o-pais\/"},"modified":"2026-04-25T16:32:32","modified_gmt":"2026-04-25T19:32:32","slug":"trump-cancela-envio-de-negociadores-ao-paquistao-apos-chanceler-iraniano-deixar-o-pais","status":"publish","type":"post","link":"https:\/\/redept.com.br\/blogosfera\/trump-cancela-envio-de-negociadores-ao-paquistao-apos-chanceler-iraniano-deixar-o-pais\/","title":{"rendered":"Trump cancela envio de negociadores ao Paquist\u00e3o ap\u00f3s chanceler iraniano deixar o pa\u00eds"},"content":{"rendered":"<p>O presidente dos Estados Unidos, Donald Trump, cancelou neste s\u00e1bado (25) a viagem de seus negociadores ao Paquist\u00e3o, onde eram esperadas novas tratativas com o Ir\u00e3 sobre o fim da guerra. A decis\u00e3o ocorre ap\u00f3s Teer\u00e3 rejeitar uma reuni\u00e3o direta com representantes estadunidenses e manter como condi\u00e7\u00e3o para o di\u00e1logo o fim do bloqueio naval. [\u2026]<\/p>\n<p><a href=\"https:\/\/www.brasildefato.com.br\/2026\/04\/25\/trump-cancela-envio-de-negociadores-ao-paquistao-apos-chanceler-iraniano-deixar-o-pais\/\" rel=\"nofollow\">Fonte<\/a><\/p>\n<!-- Begin Yuzo --><div class='yuzo_related_post style-1'  data-version='5.12.89'><!-- without result --><div class='yuzo_clearfixed yuzo__title yuzo__title'><h3>Related Post<\/h3><\/div>\n\t\t\t\t\t\t  <div class=\"relatedthumb \" style=\"width:125px;float:left;overflow:hidden;\">  \n\t\t\t\t\t\t\t  \n\t\t\t\t\t\t\t  <a  href=\"https:\/\/redept.com.br\/blogosfera\/mst-lanca-campanha-de-fotografias-em-homenagem-a-sebastiao-salgado\/\"  >\n\t\t\t\t\t\t\t\t\t  <div class=\"yuzo-img-wrap \" style=\"width: 125px;height:90px;\">\n\t\t\t\t\t\t\t\t\t\t\n\t\t\t\t\t\t\t\t\t\t<div class=\"yuzo-img\" style=\"background:url('https:\/\/redept.com.br\/blogosfera\/wp-content\/uploads\/2025\/06\/IMG_9223-1-150x150.jpg') 50% 50% no-repeat;width: 125px;height:90px;margin-bottom: 5px;background-size: cover; \"><\/div>\n\t\t\t\t\t\t\t\t\t  <\/div>\n\t\t\t\t\t\t\t\t\t  \n\t\t\t\t\t\t\t\t   <span class=\"yuzo__text--title\" style=\"font-size:13px;\">MST lan\u00e7a campanha de fotografias em homenagem a S...<\/span>\n\t\t\t\t\t\t\t  \n\t\t\t\t\t\t\t  \n\t\t\t\t\t\t\t  <\/a>\n\n\t\t\t\t\t\t  <\/div>\n\t\t\t\t\t\t  <div class=\"relatedthumb \" style=\"width:125px;float:left;overflow:hidden;\">  \n\t\t\t\t\t\t\t  \n\t\t\t\t\t\t\t  <a  href=\"https:\/\/redept.com.br\/blogosfera\/peru-presidente-dina-boluarte-falta-a-depoimento-sobre-casos-de-corrupcao-em-seu-governo\/\"  >\n\t\t\t\t\t\t\t\t\t  <div class=\"yuzo-img-wrap \" style=\"width: 125px;height:90px;\">\n\t\t\t\t\t\t\t\t\t\t\n\t\t\t\t\t\t\t\t\t\t<div class=\"yuzo-img\" style=\"background:url('https:\/\/redept.com.br\/blogosfera\/wp-content\/uploads\/2025\/02\/dina-150x150.jpg') 50% 50% no-repeat;width: 125px;height:90px;margin-bottom: 5px;background-size: cover; \"><\/div>\n\t\t\t\t\t\t\t\t\t  <\/div>\n\t\t\t\t\t\t\t\t\t  \n\t\t\t\t\t\t\t\t   <span class=\"yuzo__text--title\" style=\"font-size:13px;\">Peru: presidente Dina Boluarte falta a depoimento ...<\/span>\n\t\t\t\t\t\t\t  \n\t\t\t\t\t\t\t  \n\t\t\t\t\t\t\t  <\/a>\n\n\t\t\t\t\t\t  <\/div>\n\t\t\t\t\t\t  <div class=\"relatedthumb \" style=\"width:125px;float:left;overflow:hidden;\">  \n\t\t\t\t\t\t\t  \n\t\t\t\t\t\t\t  <a  href=\"https:\/\/redept.com.br\/blogosfera\/pcdob-pt-e-pv-acionam-stf-contra-lei-da-reducao-de-pena-aos-golpistas\/\"  >\n\t\t\t\t\t\t\t\t\t  <div class=\"yuzo-img-wrap \" style=\"width: 125px;height:90px;\">\n\t\t\t\t\t\t\t\t\t\t\n\t\t\t\t\t\t\t\t\t\t<div class=\"yuzo-img\" style=\"background:url('https:\/\/redept.com.br\/blogosfera\/wp-content\/uploads\/2026\/05\/golpistas_marcelo-camargo_AGBR-150x150.png') 50% 50% no-repeat;width: 125px;height:90px;margin-bottom: 5px;background-size: cover; \"><\/div>\n\t\t\t\t\t\t\t\t\t  <\/div>\n\t\t\t\t\t\t\t\t\t  \n\t\t\t\t\t\t\t\t   <span class=\"yuzo__text--title\" style=\"font-size:13px;\">PCdoB, PT e PV acionam STF contra lei da redu\u00e7\u00e3o d...<\/span>\n\t\t\t\t\t\t\t  \n\t\t\t\t\t\t\t  \n\t\t\t\t\t\t\t  <\/a>\n\n\t\t\t\t\t\t  <\/div>\n\t\t\t\t\t\t  <div class=\"relatedthumb \" style=\"width:125px;float:left;overflow:hidden;\">  \n\t\t\t\t\t\t\t  \n\t\t\t\t\t\t\t  <a  href=\"https:\/\/redept.com.br\/blogosfera\/ministro-desmente-reportagem-norte-americana-sobre-espioes-russos-no-brasil\/\"  >\n\t\t\t\t\t\t\t\t\t  <div class=\"yuzo-img-wrap \" style=\"width: 125px;height:90px;\">\n\t\t\t\t\t\t\t\t\t\t\n\t\t\t\t\t\t\t\t\t\t<div class=\"yuzo-img\" style=\"background:url('https:\/\/redept.org\/blogosfera\/wp-content\/plugins\/yuzo-related-post\/assets\/images\/default.png') 50% 50% no-repeat;width: 125px;height:90px;margin-bottom: 5px;background-size: cover; \"><\/div>\n\t\t\t\t\t\t\t\t\t  <\/div>\n\t\t\t\t\t\t\t\t\t  \n\t\t\t\t\t\t\t\t   <span class=\"yuzo__text--title\" style=\"font-size:13px;\">Ministro desmente reportagem norte-americana sobre...<\/span>\n\t\t\t\t\t\t\t  \n\t\t\t\t\t\t\t  \n\t\t\t\t\t\t\t  <\/a>\n\n\t\t\t\t\t\t  <\/div>\n<\/div> <script>\n\t\t\t\t\t\t  jQuery(document).ready(function( $ ){\n\t\t\t\t\t\t\t\/\/jQuery('.yuzo_related_post').equalizer({ overflow : 'relatedthumb' });\n\t\t\t\t\t\t\tjQuery('.yuzo_related_post .yuzo_wraps').equalizer({ columns : '> div' });\n\t\t\t\t\t\t   })\n\t\t\t\t\t\t  <\/script> <!-- End Yuzo :) -->","protected":false},"excerpt":{"rendered":"<p>O presidente dos Estados Unidos, Donald Trump, cancelou neste s\u00e1bado (25) a viagem de seus negociadores ao Paquist\u00e3o, onde eram esperadas novas tratativas com o Ir\u00e3 sobre o fim da guerra. A decis\u00e3o ocorre ap\u00f3s Teer\u00e3 rejeitar uma reuni\u00e3o direta com representantes estadunidenses e manter como condi\u00e7\u00e3o para o di\u00e1logo o fim do bloqueio naval. [&hellip;]<\/p>\n","protected":false},"author":2,"featured_media":0,"comment_status":"open","ping_status":"closed","sticky":false,"template":"","format":"standard","meta":{"fifu_image_url":"","fifu_image_alt":"","footnotes":""},"categories":[8298,51239,22079,8006,39923,41241,9943,1026,5806,1023,394,13288,23,50,41,51240,33608,51241,4932,16016,238,5534,48840,14142,332,1315,4610,5278,1572,1453],"tags":[],"class_list":["post-84757","post","type-post","status-publish","format-standard","hentry","category-abbas-araghchi","category-axios","category-bloqueio-naval","category-cancelamento","category-chanceler-iraniano","category-conflito-ira-eua","category-crise-diplomatica","category-diplomacia","category-diplomacia-internacional","category-donald-trump","category-estados-unidos","category-fox-news","category-guerra","category-internacional","category-ira","category-islamabade","category-jared-kushner","category-mediadores-paquistaneses","category-negociacoes","category-noticias-internacionais","category-oriente-medio","category-paquistao","category-paquistao-mediador","category-politica-americana","category-politica-externa","category-relacoes-internacionais","category-reuniao","category-steve-witkoff","category-teera","category-trump"],"_links":{"self":[{"href":"https:\/\/redept.com.br\/blogosfera\/wp-json\/wp\/v2\/posts\/84757","targetHints":{"allow":["GET"]}}],"collection":[{"href":"https:\/\/redept.com.br\/blogosfera\/wp-json\/wp\/v2\/posts"}],"about":[{"href":"https:\/\/redept.com.br\/blogosfera\/wp-json\/wp\/v2\/types\/post"}],"author":[{"embeddable":true,"href":"https:\/\/redept.com.br\/blogosfera\/wp-json\/wp\/v2\/users\/2"}],"replies":[{"embeddable":true,"href":"https:\/\/redept.com.br\/blogosfera\/wp-json\/wp\/v2\/comments?post=84757"}],"version-history":[{"count":0,"href":"https:\/\/redept.com.br\/blogosfera\/wp-json\/wp\/v2\/posts\/84757\/revisions"}],"wp:attachment":[{"href":"https:\/\/redept.com.br\/blogosfera\/wp-json\/wp\/v2\/media?parent=84757"}],"wp:term":[{"taxonomy":"category","embeddable":true,"href":"https:\/\/redept.com.br\/blogosfera\/wp-json\/wp\/v2\/categories?post=84757"},{"taxonomy":"post_tag","embeddable":true,"href":"https:\/\/redept.com.br\/blogosfera\/wp-json\/wp\/v2\/tags?post=84757"}],"curies":[{"name":"wp","href":"https:\/\/api.w.org\/{rel}","templated":true}]}}