{"id":84758,"date":"2026-04-25T16:59:39","date_gmt":"2026-04-25T19:59:39","guid":{"rendered":"https:\/\/redept.com.br\/blogosfera\/atentado-com-bomba-deixa-sete-mortos-e-mais-de-20-feridos-na-colombia\/"},"modified":"2026-04-25T16:59:39","modified_gmt":"2026-04-25T19:59:39","slug":"atentado-com-bomba-deixa-sete-mortos-e-mais-de-20-feridos-na-colombia","status":"publish","type":"post","link":"https:\/\/redept.com.br\/blogosfera\/atentado-com-bomba-deixa-sete-mortos-e-mais-de-20-feridos-na-colombia\/","title":{"rendered":"Atentado com bomba deixa sete mortos e mais de 20 feridos na Col\u00f4mbia"},"content":{"rendered":"<p>Ao menos sete pessoas morreram e mais de 20 ficaram gravemente feridas ap\u00f3s um atentado com explosivos neste s\u00e1bado (25) em Cajib\u00edo, no departamento de Cauca, no sudoeste da Col\u00f4mbia. A explos\u00e3o ocorreu no setor conhecido como El T\u00fanel, na via Panamericana, quando um cilindro-bomba atingiu um \u00f4nibus que trafegava pela rodovia que liga Cali [\u2026]<\/p>\n<p><a href=\"https:\/\/www.brasildefato.com.br\/2026\/04\/25\/atentado-com-bomba-deixa-sete-mortos-e-mais-de-20-feridos-na-colombia\/\" rel=\"nofollow\">Fonte<\/a><\/p>\n<!-- Begin Yuzo --><div class='yuzo_related_post style-1'  data-version='5.12.89'><!-- without result --><div class='yuzo_clearfixed yuzo__title yuzo__title'><h3>Related Post<\/h3><\/div>\n\t\t\t\t\t\t  <div class=\"relatedthumb \" style=\"width:125px;float:left;overflow:hidden;\">  \n\t\t\t\t\t\t\t  \n\t\t\t\t\t\t\t  <a  href=\"https:\/\/redept.com.br\/blogosfera\/covarde-moraes-rotula-eduardo-como-o-pai-golpista-jair-video\/\"  >\n\t\t\t\t\t\t\t\t\t  <div class=\"yuzo-img-wrap \" style=\"width: 125px;height:90px;\">\n\t\t\t\t\t\t\t\t\t\t\n\t\t\t\t\t\t\t\t\t\t<div class=\"yuzo-img\" style=\"background:url('https:\/\/redept.org\/blogosfera\/wp-content\/plugins\/yuzo-related-post\/assets\/images\/default.png') 50% 50% no-repeat;width: 125px;height:90px;margin-bottom: 5px;background-size: cover; \"><\/div>\n\t\t\t\t\t\t\t\t\t  <\/div>\n\t\t\t\t\t\t\t\t\t  \n\t\t\t\t\t\t\t\t   <span class=\"yuzo__text--title\" style=\"font-size:13px;\">\u201cCovarde\u201d: Moraes rotula Eduardo como o pai \u201cgolpi...<\/span>\n\t\t\t\t\t\t\t  \n\t\t\t\t\t\t\t  \n\t\t\t\t\t\t\t  <\/a>\n\n\t\t\t\t\t\t  <\/div>\n\t\t\t\t\t\t  <div class=\"relatedthumb \" style=\"width:125px;float:left;overflow:hidden;\">  \n\t\t\t\t\t\t\t  \n\t\t\t\t\t\t\t  <a  href=\"https:\/\/redept.com.br\/blogosfera\/amazonia-enfrenta-escalada-inedita-de-temperaturas-extremas-em-areas-ainda-preservadas\/\"  >\n\t\t\t\t\t\t\t\t\t  <div class=\"yuzo-img-wrap \" style=\"width: 125px;height:90px;\">\n\t\t\t\t\t\t\t\t\t\t\n\t\t\t\t\t\t\t\t\t\t<div class=\"yuzo-img\" style=\"background:url('https:\/\/redept.org\/blogosfera\/wp-content\/plugins\/yuzo-related-post\/assets\/images\/default.png') 50% 50% no-repeat;width: 125px;height:90px;margin-bottom: 5px;background-size: cover; \"><\/div>\n\t\t\t\t\t\t\t\t\t  <\/div>\n\t\t\t\t\t\t\t\t\t  \n\t\t\t\t\t\t\t\t   <span class=\"yuzo__text--title\" style=\"font-size:13px;\">Amaz\u00f4nia enfrenta escalada in\u00e9dita de temperaturas...<\/span>\n\t\t\t\t\t\t\t  \n\t\t\t\t\t\t\t  \n\t\t\t\t\t\t\t  <\/a>\n\n\t\t\t\t\t\t  <\/div>\n\t\t\t\t\t\t  <div class=\"relatedthumb \" style=\"width:125px;float:left;overflow:hidden;\">  \n\t\t\t\t\t\t\t  \n\t\t\t\t\t\t\t  <a  href=\"https:\/\/redept.com.br\/blogosfera\/brasil-recebeu-quase-15-milhao-de-turistas-internacionais-em-janeiro\/\"  >\n\t\t\t\t\t\t\t\t\t  <div class=\"yuzo-img-wrap \" style=\"width: 125px;height:90px;\">\n\t\t\t\t\t\t\t\t\t\t\n\t\t\t\t\t\t\t\t\t\t<div class=\"yuzo-img\" style=\"background:url('https:\/\/redept.org\/blogosfera\/wp-content\/plugins\/yuzo-related-post\/assets\/images\/default.png') 50% 50% no-repeat;width: 125px;height:90px;margin-bottom: 5px;background-size: cover; \"><\/div>\n\t\t\t\t\t\t\t\t\t  <\/div>\n\t\t\t\t\t\t\t\t\t  \n\t\t\t\t\t\t\t\t   <span class=\"yuzo__text--title\" style=\"font-size:13px;\">Brasil recebeu quase 1,5 milh\u00e3o de turistas intern...<\/span>\n\t\t\t\t\t\t\t  \n\t\t\t\t\t\t\t  \n\t\t\t\t\t\t\t  <\/a>\n\n\t\t\t\t\t\t  <\/div>\n\t\t\t\t\t\t  <div class=\"relatedthumb \" style=\"width:125px;float:left;overflow:hidden;\">  \n\t\t\t\t\t\t\t  \n\t\t\t\t\t\t\t  <a  href=\"https:\/\/redept.com.br\/blogosfera\/r-3-bi-antecipados-da-sabesp-por-tarcisio-mascaram-custo-ao-consumidor\/\"  >\n\t\t\t\t\t\t\t\t\t  <div class=\"yuzo-img-wrap \" style=\"width: 125px;height:90px;\">\n\t\t\t\t\t\t\t\t\t\t\n\t\t\t\t\t\t\t\t\t\t<div class=\"yuzo-img\" style=\"background:url('https:\/\/redept.com.br\/blogosfera\/wp-content\/uploads\/2026\/02\/Captura-de-Tela-2026-02-05-as-095351-150x150.png') 50% 50% no-repeat;width: 125px;height:90px;margin-bottom: 5px;background-size: cover; \"><\/div>\n\t\t\t\t\t\t\t\t\t  <\/div>\n\t\t\t\t\t\t\t\t\t  \n\t\t\t\t\t\t\t\t   <span class=\"yuzo__text--title\" style=\"font-size:13px;\">R$ 3 bi antecipados da Sabesp por Tarc\u00edsio mascara...<\/span>\n\t\t\t\t\t\t\t  \n\t\t\t\t\t\t\t  \n\t\t\t\t\t\t\t  <\/a>\n\n\t\t\t\t\t\t  <\/div>\n<\/div> <script>\n\t\t\t\t\t\t  jQuery(document).ready(function( $ ){\n\t\t\t\t\t\t\t\/\/jQuery('.yuzo_related_post').equalizer({ overflow : 'relatedthumb' });\n\t\t\t\t\t\t\tjQuery('.yuzo_related_post .yuzo_wraps').equalizer({ columns : '> div' });\n\t\t\t\t\t\t   })\n\t\t\t\t\t\t  <\/script> <!-- End Yuzo :) -->","protected":false},"excerpt":{"rendered":"<p>Ao menos sete pessoas morreram e mais de 20 ficaram gravemente feridas ap\u00f3s um atentado com explosivos neste s\u00e1bado (25) em Cajib\u00edo, no departamento de Cauca, no sudoeste da Col\u00f4mbia. A explos\u00e3o ocorreu no setor conhecido como El T\u00fanel, na via Panamericana, quando um cilindro-bomba atingiu um \u00f4nibus que trafegava pela rodovia que liga Cali [&hellip;]<\/p>\n","protected":false},"author":2,"featured_media":0,"comment_status":"open","ping_status":"closed","sticky":false,"template":"","format":"standard","meta":{"fifu_image_url":"","fifu_image_alt":"","footnotes":""},"categories":[51242,51243,51244,51245,51246,51247,51248,17314,51249,51250,1787,7656,4129,51251,51252,51253,2953,51254,50,51255,51256,51257,51258,48011,51259,51260,51261,51262,51263,51264],"tags":[],"class_list":["post-84758","post","type-post","status-publish","format-standard","hentry","category-agravamento-da-violencia","category-ataque-a-onibus","category-atentado-com-bomba","category-atentado-em-estrada","category-ato-de-violencia","category-autoria-do-atentado","category-cajibio","category-cali","category-cauca","category-cilindro-bomba","category-colombia","category-conselho-de-seguranca","category-crise-humanitaria","category-el-tunel","category-feridos-em-explosao","category-governo-colombiano","category-gustavo-petro","category-infraestrutura-local","category-internacional","category-investigacao-em-andamento","category-octavio-guzman","category-ofensiva-armada","category-popayan","category-populacao-civil","category-sete-mortos","category-sudoeste-colombiano","category-terrorismo-na-colombia","category-tragedia-na-colombia","category-via-panamericana","category-violencia-indiscriminada"],"_links":{"self":[{"href":"https:\/\/redept.com.br\/blogosfera\/wp-json\/wp\/v2\/posts\/84758","targetHints":{"allow":["GET"]}}],"collection":[{"href":"https:\/\/redept.com.br\/blogosfera\/wp-json\/wp\/v2\/posts"}],"about":[{"href":"https:\/\/redept.com.br\/blogosfera\/wp-json\/wp\/v2\/types\/post"}],"author":[{"embeddable":true,"href":"https:\/\/redept.com.br\/blogosfera\/wp-json\/wp\/v2\/users\/2"}],"replies":[{"embeddable":true,"href":"https:\/\/redept.com.br\/blogosfera\/wp-json\/wp\/v2\/comments?post=84758"}],"version-history":[{"count":0,"href":"https:\/\/redept.com.br\/blogosfera\/wp-json\/wp\/v2\/posts\/84758\/revisions"}],"wp:attachment":[{"href":"https:\/\/redept.com.br\/blogosfera\/wp-json\/wp\/v2\/media?parent=84758"}],"wp:term":[{"taxonomy":"category","embeddable":true,"href":"https:\/\/redept.com.br\/blogosfera\/wp-json\/wp\/v2\/categories?post=84758"},{"taxonomy":"post_tag","embeddable":true,"href":"https:\/\/redept.com.br\/blogosfera\/wp-json\/wp\/v2\/tags?post=84758"}],"curies":[{"name":"wp","href":"https:\/\/api.w.org\/{rel}","templated":true}]}}