{"id":84759,"date":"2026-04-25T17:03:59","date_gmt":"2026-04-25T20:03:59","guid":{"rendered":"https:\/\/redept.com.br\/blogosfera\/presidente-do-pt-reflete-sobre-o-enfrentamento-ao-fascismo-diante-de-delegacoes-estrangeiras\/"},"modified":"2026-04-25T17:03:59","modified_gmt":"2026-04-25T20:03:59","slug":"presidente-do-pt-reflete-sobre-o-enfrentamento-ao-fascismo-diante-de-delegacoes-estrangeiras","status":"publish","type":"post","link":"https:\/\/redept.com.br\/blogosfera\/presidente-do-pt-reflete-sobre-o-enfrentamento-ao-fascismo-diante-de-delegacoes-estrangeiras\/","title":{"rendered":"Presidente do PT reflete sobre o enfrentamento ao fascismo diante de delega\u00e7\u00f5es estrangeiras"},"content":{"rendered":"<p>Na manh\u00e3 deste s\u00e1bado (25), o presidente nacional do PT, Edinho Silva, participou de encontro com as delega\u00e7\u00f5es internacionais presentes no 8\u00ba Congresso do partido, que ocorre desde o dia 23, em Bras\u00edlia (DF). Al\u00e9m do presidente do partido, Monica Valente e Brenno Almeida estiveram na mesa representando a Funda\u00e7\u00e3o Perseu Abramo.<\/p>\n<p>Na plateia, representantes de diversos partidos de esquerda e progressistas de diversas regi\u00f5es do planeta. Edinho agradeceu a presen\u00e7a dos convidados e convidadas, informando a import\u00e2ncia deste momento n\u00e3o s\u00f3 para o Brasil, mas para todo o mundo.<\/p>\n<p>\u201cVivemos um momento muito importante da hist\u00f3ria do nosso pa\u00eds e tamb\u00e9m mundial. O momento conjuntural, a ascens\u00e3o do pensamento fascista no mundo todo, ascens\u00e3o da ultra direita na Am\u00e9rica do Sul e Latina\u201d, alertou Edinho, que tamb\u00e9m elencou as \u00faltimas a\u00e7\u00f5es de Donald Trump contra o direito internacional, de interven\u00e7\u00e3o em na\u00e7\u00f5es soberanas e que hoje, \u201cpara n\u00f3s, \u00e9 a maior figura fascista da atualidade, seja pelas suas posturas internacionais, como foi o caso do tarifa\u00e7o contra o Brasil, ou o uso de medidas como forma de opress\u00e3o e a viol\u00eancia econ\u00f4mica, as guerras e desrespeitos ao direito internacional\u201d.<\/p>\n<p>Os desafios internacionais contra o fascismo e autoritarismo, \u201cque mobiliza milh\u00f5es em nosso pa\u00eds, mostra que conseguimos impor derrota ao fascismo na elei\u00e7\u00e3o de 2022\u201d, fizeram parte da sauda\u00e7\u00e3o do presidente.<\/p>\n<p>As 720 mil mortes na pandemia, \u201ca maior trag\u00e9dia humanit\u00e1ria da nossa hist\u00f3ria, sendo que 400 mil mortes poderiam ter sido evitadas se Bolsonaro tivesse tomado as medidas que boa parte dos pa\u00edses tomaram\u201d e a destrui\u00e7\u00e3o de pol\u00edticas p\u00fablicas naquele per\u00edodo mostram que o fascismo de fato faz mal \u00e0s na\u00e7\u00f5es e suas popula\u00e7\u00f5es. A a\u00e7\u00e3o do PT no pr\u00f3ximo per\u00edodo ser\u00e1 de unificar o partido e a esquerda brasileira na leitura de quais as condi\u00e7\u00f5es pol\u00edticas enfrentaremos nas elei\u00e7\u00f5es de 2026 e uma agenda para o pa\u00eds. \u201cO Congresso deve orientar a milit\u00e2ncia e os partidos aliados e criar unidade na a\u00e7\u00e3o para enfrentar o debate e vencer a mentira\u201d, finalizou.<\/p>\n<!-- Begin Yuzo --><div class='yuzo_related_post style-1'  data-version='5.12.89'><!-- without result --><div class='yuzo_clearfixed yuzo__title yuzo__title'><h3>Related Post<\/h3><\/div>\n\t\t\t\t\t\t  <div class=\"relatedthumb \" style=\"width:125px;float:left;overflow:hidden;\">  \n\t\t\t\t\t\t\t  \n\t\t\t\t\t\t\t  <a  href=\"https:\/\/redept.com.br\/blogosfera\/ataque-a-venezuela-ilustra-reformulacao-da-politica-externa-dos-eua\/\"  >\n\t\t\t\t\t\t\t\t\t  <div class=\"yuzo-img-wrap \" style=\"width: 125px;height:90px;\">\n\t\t\t\t\t\t\t\t\t\t\n\t\t\t\t\t\t\t\t\t\t<div class=\"yuzo-img\" style=\"background:url('https:\/\/redept.org\/blogosfera\/wp-content\/plugins\/yuzo-related-post\/assets\/images\/default.png') 50% 50% no-repeat;width: 125px;height:90px;margin-bottom: 5px;background-size: cover; \"><\/div>\n\t\t\t\t\t\t\t\t\t  <\/div>\n\t\t\t\t\t\t\t\t\t  \n\t\t\t\t\t\t\t\t   <span class=\"yuzo__text--title\" style=\"font-size:13px;\">Ataque \u00e0 Venezuela ilustra reformula\u00e7\u00e3o da pol\u00edtic...<\/span>\n\t\t\t\t\t\t\t  \n\t\t\t\t\t\t\t  \n\t\t\t\t\t\t\t  <\/a>\n\n\t\t\t\t\t\t  <\/div>\n\t\t\t\t\t\t  <div class=\"relatedthumb \" style=\"width:125px;float:left;overflow:hidden;\">  \n\t\t\t\t\t\t\t  \n\t\t\t\t\t\t\t  <a  href=\"https:\/\/redept.com.br\/blogosfera\/margarida-alves-lider-sindical-e-camponesa-completaria-92-anos-nesta-terca-5\/\"  >\n\t\t\t\t\t\t\t\t\t  <div class=\"yuzo-img-wrap \" style=\"width: 125px;height:90px;\">\n\t\t\t\t\t\t\t\t\t\t\n\t\t\t\t\t\t\t\t\t\t<div class=\"yuzo-img\" style=\"background:url('https:\/\/redept.org\/blogosfera\/wp-content\/plugins\/yuzo-related-post\/assets\/images\/default.png') 50% 50% no-repeat;width: 125px;height:90px;margin-bottom: 5px;background-size: cover; \"><\/div>\n\t\t\t\t\t\t\t\t\t  <\/div>\n\t\t\t\t\t\t\t\t\t  \n\t\t\t\t\t\t\t\t   <span class=\"yuzo__text--title\" style=\"font-size:13px;\">Margarida Alves, l\u00edder sindical e camponesa, compl...<\/span>\n\t\t\t\t\t\t\t  \n\t\t\t\t\t\t\t  \n\t\t\t\t\t\t\t  <\/a>\n\n\t\t\t\t\t\t  <\/div>\n\t\t\t\t\t\t  <div class=\"relatedthumb \" style=\"width:125px;float:left;overflow:hidden;\">  \n\t\t\t\t\t\t\t  \n\t\t\t\t\t\t\t  <a  href=\"https:\/\/redept.com.br\/blogosfera\/parlamentares-de-direita-protocolam-pedidos-de-impeachment-de-eduardo-leite\/\"  >\n\t\t\t\t\t\t\t\t\t  <div class=\"yuzo-img-wrap \" style=\"width: 125px;height:90px;\">\n\t\t\t\t\t\t\t\t\t\t\n\t\t\t\t\t\t\t\t\t\t<div class=\"yuzo-img\" style=\"background:url('https:\/\/redept.org\/blogosfera\/wp-content\/plugins\/yuzo-related-post\/assets\/images\/default.png') 50% 50% no-repeat;width: 125px;height:90px;margin-bottom: 5px;background-size: cover; \"><\/div>\n\t\t\t\t\t\t\t\t\t  <\/div>\n\t\t\t\t\t\t\t\t\t  \n\t\t\t\t\t\t\t\t   <span class=\"yuzo__text--title\" style=\"font-size:13px;\">Parlamentares de direita protocolam pedidos de imp...<\/span>\n\t\t\t\t\t\t\t  \n\t\t\t\t\t\t\t  \n\t\t\t\t\t\t\t  <\/a>\n\n\t\t\t\t\t\t  <\/div>\n\t\t\t\t\t\t  <div class=\"relatedthumb \" style=\"width:125px;float:left;overflow:hidden;\">  \n\t\t\t\t\t\t\t  \n\t\t\t\t\t\t\t  <a  href=\"https:\/\/redept.com.br\/blogosfera\/odete-roitman-fingiu-mas-quem-matou-a-criatividade\/\"  >\n\t\t\t\t\t\t\t\t\t  <div class=\"yuzo-img-wrap \" style=\"width: 125px;height:90px;\">\n\t\t\t\t\t\t\t\t\t\t\n\t\t\t\t\t\t\t\t\t\t<div class=\"yuzo-img\" style=\"background:url('https:\/\/redept.org\/blogosfera\/wp-content\/plugins\/yuzo-related-post\/assets\/images\/default.png') 50% 50% no-repeat;width: 125px;height:90px;margin-bottom: 5px;background-size: cover; \"><\/div>\n\t\t\t\t\t\t\t\t\t  <\/div>\n\t\t\t\t\t\t\t\t\t  \n\t\t\t\t\t\t\t\t   <span class=\"yuzo__text--title\" style=\"font-size:13px;\">Odete Roitman fingiu, mas quem matou a criatividad...<\/span>\n\t\t\t\t\t\t\t  \n\t\t\t\t\t\t\t  \n\t\t\t\t\t\t\t  <\/a>\n\n\t\t\t\t\t\t  <\/div>\n<\/div> <script>\n\t\t\t\t\t\t  jQuery(document).ready(function( $ ){\n\t\t\t\t\t\t\t\/\/jQuery('.yuzo_related_post').equalizer({ overflow : 'relatedthumb' });\n\t\t\t\t\t\t\tjQuery('.yuzo_related_post .yuzo_wraps').equalizer({ columns : '> div' });\n\t\t\t\t\t\t   })\n\t\t\t\t\t\t  <\/script> <!-- End Yuzo :) -->","protected":false},"excerpt":{"rendered":"<p>Na manh\u00e3 deste s\u00e1bado (25), o presidente nacional do PT, Edinho Silva, participou de encontro com as delega\u00e7\u00f5es internacionais presentes no 8\u00ba Congresso do partido, que ocorre desde o dia 23, em Bras\u00edlia (DF). Al\u00e9m do presidente do partido, Monica Valente e Brenno Almeida estiveram na mesa representando a Funda\u00e7\u00e3o Perseu Abramo. Na plateia, representantes [&hellip;]<\/p>\n","protected":false},"author":2,"featured_media":0,"comment_status":"open","ping_status":"closed","sticky":false,"template":"","format":"standard","meta":{"fifu_image_url":"","fifu_image_alt":"","footnotes":""},"categories":[8620],"tags":[],"class_list":["post-84759","post","type-post","status-publish","format-standard","hentry","category-noticia"],"_links":{"self":[{"href":"https:\/\/redept.com.br\/blogosfera\/wp-json\/wp\/v2\/posts\/84759","targetHints":{"allow":["GET"]}}],"collection":[{"href":"https:\/\/redept.com.br\/blogosfera\/wp-json\/wp\/v2\/posts"}],"about":[{"href":"https:\/\/redept.com.br\/blogosfera\/wp-json\/wp\/v2\/types\/post"}],"author":[{"embeddable":true,"href":"https:\/\/redept.com.br\/blogosfera\/wp-json\/wp\/v2\/users\/2"}],"replies":[{"embeddable":true,"href":"https:\/\/redept.com.br\/blogosfera\/wp-json\/wp\/v2\/comments?post=84759"}],"version-history":[{"count":0,"href":"https:\/\/redept.com.br\/blogosfera\/wp-json\/wp\/v2\/posts\/84759\/revisions"}],"wp:attachment":[{"href":"https:\/\/redept.com.br\/blogosfera\/wp-json\/wp\/v2\/media?parent=84759"}],"wp:term":[{"taxonomy":"category","embeddable":true,"href":"https:\/\/redept.com.br\/blogosfera\/wp-json\/wp\/v2\/categories?post=84759"},{"taxonomy":"post_tag","embeddable":true,"href":"https:\/\/redept.com.br\/blogosfera\/wp-json\/wp\/v2\/tags?post=84759"}],"curies":[{"name":"wp","href":"https:\/\/api.w.org\/{rel}","templated":true}]}}