{"id":84769,"date":"2026-04-25T22:22:22","date_gmt":"2026-04-26T01:22:22","guid":{"rendered":"https:\/\/redept.com.br\/blogosfera\/povo-se-mobiliza-nas-ruas-nos-52-anos-da-revolucao-dos-cravos-em-portugal\/"},"modified":"2026-04-25T22:22:22","modified_gmt":"2026-04-26T01:22:22","slug":"povo-se-mobiliza-nas-ruas-nos-52-anos-da-revolucao-dos-cravos-em-portugal","status":"publish","type":"post","link":"https:\/\/redept.com.br\/blogosfera\/povo-se-mobiliza-nas-ruas-nos-52-anos-da-revolucao-dos-cravos-em-portugal\/","title":{"rendered":"Povo se mobiliza nas ruas nos 52 anos da Revolu\u00e7\u00e3o dos Cravos em Portugal"},"content":{"rendered":"<p><img fetchpriority=\"high\" width=\"1920\" height=\"1267\"src=\"https:\/\/redept.com.br\/blogosfera\/wp-content\/uploads\/2026\/04\/250425_JCC-51o-25-Abril-Desfile-Av-Liberdade-05.jpg\" alt=\"\" link_thumbnail=\"\" decoding=\"async\" srcset=\"https:\/\/redept.com.br\/blogosfera\/wp-content\/uploads\/2026\/04\/250425_JCC-51o-25-Abril-Desfile-Av-Liberdade-05.jpg 1920w, https:\/\/averdade.org.br\/wp-content\/uploads\/2026\/04\/250425_JCC-51o-25-Abril-Desfile-Av-Liberdade-05-350x231.jpg 350w, https:\/\/averdade.org.br\/wp-content\/uploads\/2026\/04\/250425_JCC-51o-25-Abril-Desfile-Av-Liberdade-05-1024x676.jpg 1024w, https:\/\/averdade.org.br\/wp-content\/uploads\/2026\/04\/250425_JCC-51o-25-Abril-Desfile-Av-Liberdade-05-250x165.jpg 250w, https:\/\/averdade.org.br\/wp-content\/uploads\/2026\/04\/250425_JCC-51o-25-Abril-Desfile-Av-Liberdade-05-768x507.jpg 768w, https:\/\/averdade.org.br\/wp-content\/uploads\/2026\/04\/250425_JCC-51o-25-Abril-Desfile-Av-Liberdade-05-1536x1014.jpg 1536w, https:\/\/averdade.org.br\/wp-content\/uploads\/2026\/04\/250425_JCC-51o-25-Abril-Desfile-Av-Liberdade-05-150x99.jpg 150w, https:\/\/averdade.org.br\/wp-content\/uploads\/2026\/04\/250425_JCC-51o-25-Abril-Desfile-Av-Liberdade-05-300x198.jpg 300w, https:\/\/averdade.org.br\/wp-content\/uploads\/2026\/04\/250425_JCC-51o-25-Abril-Desfile-Av-Liberdade-05-696x459.jpg 696w, https:\/\/averdade.org.br\/wp-content\/uploads\/2026\/04\/250425_JCC-51o-25-Abril-Desfile-Av-Liberdade-05-1068x705.jpg 1068w\" sizes=\"(max-width: 1920px) 100vw, 1920px\"><\/p>\n<p align=\"left\"><strong>Milhares de portugueses e imigrantes tomaram as ruas neste s\u00e1bado (25\/04) para celebrar os 52 anos da vit\u00f3ria da Revolu\u00e7\u00e3o dos Cravos contra o fascismo.<\/strong><\/p>\n<p align=\"left\"><strong>Luan Almeida e Larissa Santos | Lisboa (Portugal)<\/strong><\/p>\n<hr>\n<p align=\"left\">INTERNACIONAL \u2013\u00a052 anos depois da Revolu\u00e7\u00e3o dos Cravos, milhares de pessoas tomaram as ruas portuguesas para celebrar o fim da ditadura fascista que governou Portugal por d\u00e9cadas. N\u00f3s marchamos, junto com a Unidade Popular pelo Socialismo e o Movimento de Mulheres Olga Benario, para recuperar e honrar a mem\u00f3ria hist\u00f3rica daquelas e daqueles que pereceram diante da repress\u00e3o fascista e das guerras coloniais e denunciar a piora das condi\u00e7\u00f5es da classe trabalhadora, com o pacote de altera\u00e7\u00f5es de leis que vir\u00e1 a ser aprovado em breve pelo governo burgu\u00eas para aumentar o sofrimento do povo!<\/p>\n<p align=\"left\">O 25 de Abril foi um movimento que nasceu internacionalista! Nasceu em \u00c1frica, nasceu da rebeldia! Marchamos hoje para lembrar daqueles que abriram m\u00e3o de suas vidas, aqueles que se rebelaram contra um sistema de opress\u00e3o. Marchamos em pelo menos tr\u00eas cidades para lutar pela nossa classe, pelas mulheres que sofrem viol\u00eancia de uma sociedade machista, pela popula\u00e7\u00e3o negra que sofre racismo e discrimina\u00e7\u00e3o e por todos os imigrantes que tem sido cada vez mais amea\u00e7ados pelo projeto fascista que se constr\u00f3i na Europa e tem tido cada vez mais for\u00e7a em Portugal.<\/p>\n<h4 align=\"left\"><strong>O que foi a Revolu\u00e7\u00e3o dos Cravos<\/strong><\/h4>\n<p align=\"left\">No dia 25 de Abril de 1974 houve uma revolta popular e militar que, liderada pelos capit\u00e3es do MFA (Movimento das For\u00e7as Armadas), em menos de 24 horas derrubou a ditadura do Estado Novo que dominou Portugal por 48 anos, restaurando as liberdades democr\u00e1ticas e abrindo espa\u00e7o para v\u00e1rias conquistas da classe trabalhadora.<\/p>\n<p align=\"left\">Um dos principais motores do 25 de Abril foi a guerra colonial. O conflito, iniciado em Angola, no ano de 1961, rapidamente se estendeu para novas frentes (Guin\u00e9 e Cabo Verde, 1963; Mo\u00e7ambique, 1964). Durou cerca de 13 anos e foi travado entre os militares portugueses e os movimentos revolucion\u00e1rios nacionalistas nas col\u00f4nias africanas de Portugal entre 1961 e 1974.<\/p>\n<p align=\"left\">Em resposta \u00e0 nova legisla\u00e7\u00e3o que visava suprir a falta de oficiais na frente de combate em \u00c1frica, em setembro de 1973, se constitui o Movimento dos Capit\u00e3es\/Movimento das For\u00e7as Armadas.<\/p>\n<p align=\"left\">Com a Revolu\u00e7\u00e3o dos Cravos, um movimento de agita\u00e7\u00e3o popular come\u00e7ou a dominar os sindicatos, f\u00e1bricas e a luta no campo, reivindicando os direitos das classes trabalhadoras. Os trabalhadores e as massas populares n\u00e3o se limitaram a apoiar o movimento dos capit\u00e3es, tamb\u00e9m somaram \u00e0 iniciativa e em alian\u00e7a com os militares progressistas, impuseram profundas transforma\u00e7\u00f5es na sociedade portuguesa.<\/p>\n<p align=\"left\">Algumas conquistas principais representaram mudan\u00e7as fundamentais como a cria\u00e7\u00e3o do Sistema Nacional de Sa\u00fade, a Reforma agr\u00e1ria e ocupa\u00e7\u00e3o de terras para atividades agr\u00edcolas, as Nacionaliza\u00e7\u00f5es e controle da produ\u00e7\u00e3o pelos trabalhadores, Liberdade de imprensa e de associa\u00e7\u00e3o, Sal\u00e1rio m\u00ednimo nacional e jornada de trabalho de 40 horas semanais, Cria\u00e7\u00e3o do subs\u00eddio de desemprego e da pens\u00e3o social, Direito \u00e0 greve e 13\u00b0 sal\u00e1rio. Para as mulheres, as conquistas foram ainda mais substanciais, pois passaram a ter possibilidade de participar da pol\u00edtica de forma integral, ser juridicamente independente do marido e ter acesso \u00e0s mesmas condi\u00e7\u00f5es de trabalho que os homens.<\/p>\n<p align=\"left\">25 de Abril sempre! Fascismo nunca mais!<\/p>\n<!-- Begin Yuzo --><div class='yuzo_related_post style-1'  data-version='5.12.89'><!-- without result --><div class='yuzo_clearfixed yuzo__title yuzo__title'><h3>Related Post<\/h3><\/div>\n\t\t\t\t\t\t  <div class=\"relatedthumb \" style=\"width:125px;float:left;overflow:hidden;\">  \n\t\t\t\t\t\t\t  \n\t\t\t\t\t\t\t  <a  href=\"https:\/\/redept.com.br\/blogosfera\/governo-lula-condena-tarifaco-de-trump-conluio-ultrajante\/\"  >\n\t\t\t\t\t\t\t\t\t  <div class=\"yuzo-img-wrap \" style=\"width: 125px;height:90px;\">\n\t\t\t\t\t\t\t\t\t\t\n\t\t\t\t\t\t\t\t\t\t<div class=\"yuzo-img\" style=\"background:url('https:\/\/redept.com.br\/blogosfera\/wp-content\/uploads\/2025\/08\/53587702284_aebed54ec7_c-150x150.jpg') 50% 50% no-repeat;width: 125px;height:90px;margin-bottom: 5px;background-size: cover; \"><\/div>\n\t\t\t\t\t\t\t\t\t  <\/div>\n\t\t\t\t\t\t\t\t\t  \n\t\t\t\t\t\t\t\t   <span class=\"yuzo__text--title\" style=\"font-size:13px;\">Governo Lula condena tarifa\u00e7o de Trump: \u2018conluio u...<\/span>\n\t\t\t\t\t\t\t  \n\t\t\t\t\t\t\t  \n\t\t\t\t\t\t\t  <\/a>\n\n\t\t\t\t\t\t  <\/div>\n\t\t\t\t\t\t  <div class=\"relatedthumb \" style=\"width:125px;float:left;overflow:hidden;\">  \n\t\t\t\t\t\t\t  \n\t\t\t\t\t\t\t  <a  href=\"https:\/\/redept.com.br\/blogosfera\/o-que-pode-sair-do-pl-partido-comandado-por-vigaristas-como-valdemar-da-costa-neto-e-bolsonaro\/\"  >\n\t\t\t\t\t\t\t\t\t  <div class=\"yuzo-img-wrap \" style=\"width: 125px;height:90px;\">\n\t\t\t\t\t\t\t\t\t\t\n\t\t\t\t\t\t\t\t\t\t<div class=\"yuzo-img\" style=\"background:url('https:\/\/redept.org\/blogosfera\/wp-content\/plugins\/yuzo-related-post\/assets\/images\/default.png') 50% 50% no-repeat;width: 125px;height:90px;margin-bottom: 5px;background-size: cover; \"><\/div>\n\t\t\t\t\t\t\t\t\t  <\/div>\n\t\t\t\t\t\t\t\t\t  \n\t\t\t\t\t\t\t\t   <span class=\"yuzo__text--title\" style=\"font-size:13px;\">O que pode sair do PL, partido comandado por vigar...<\/span>\n\t\t\t\t\t\t\t  \n\t\t\t\t\t\t\t  \n\t\t\t\t\t\t\t  <\/a>\n\n\t\t\t\t\t\t  <\/div>\n\t\t\t\t\t\t  <div class=\"relatedthumb \" style=\"width:125px;float:left;overflow:hidden;\">  \n\t\t\t\t\t\t\t  \n\t\t\t\t\t\t\t  <a  href=\"https:\/\/redept.com.br\/blogosfera\/brasil-anuncia-ingresso-da-indonesia-como-membro-pleno-do-brics\/\"  >\n\t\t\t\t\t\t\t\t\t  <div class=\"yuzo-img-wrap \" style=\"width: 125px;height:90px;\">\n\t\t\t\t\t\t\t\t\t\t\n\t\t\t\t\t\t\t\t\t\t<div class=\"yuzo-img\" style=\"background:url('https:\/\/redept.com.br\/blogosfera\/wp-content\/uploads\/2025\/01\/Captura-de-Tela-2025-01-07-as-15.45.48-150x150.png') 50% 50% no-repeat;width: 125px;height:90px;margin-bottom: 5px;background-size: cover; \"><\/div>\n\t\t\t\t\t\t\t\t\t  <\/div>\n\t\t\t\t\t\t\t\t\t  \n\t\t\t\t\t\t\t\t   <span class=\"yuzo__text--title\" style=\"font-size:13px;\">Brasil anuncia ingresso da Indon\u00e9sia como membro p...<\/span>\n\t\t\t\t\t\t\t  \n\t\t\t\t\t\t\t  \n\t\t\t\t\t\t\t  <\/a>\n\n\t\t\t\t\t\t  <\/div>\n\t\t\t\t\t\t  <div class=\"relatedthumb \" style=\"width:125px;float:left;overflow:hidden;\">  \n\t\t\t\t\t\t\t  \n\t\t\t\t\t\t\t  <a  href=\"https:\/\/redept.com.br\/blogosfera\/brasil-vai-virar-pagina-nefasta-de-sua-historia-diz-deputado-sobre-julgamento-de-bolsonaro\/\"  >\n\t\t\t\t\t\t\t\t\t  <div class=\"yuzo-img-wrap \" style=\"width: 125px;height:90px;\">\n\t\t\t\t\t\t\t\t\t\t\n\t\t\t\t\t\t\t\t\t\t<div class=\"yuzo-img\" style=\"background:url('https:\/\/redept.org\/blogosfera\/wp-content\/plugins\/yuzo-related-post\/assets\/images\/default.png') 50% 50% no-repeat;width: 125px;height:90px;margin-bottom: 5px;background-size: cover; \"><\/div>\n\t\t\t\t\t\t\t\t\t  <\/div>\n\t\t\t\t\t\t\t\t\t  \n\t\t\t\t\t\t\t\t   <span class=\"yuzo__text--title\" style=\"font-size:13px;\">Brasil vai virar p\u00e1gina nefasta de sua hist\u00f3ria, d...<\/span>\n\t\t\t\t\t\t\t  \n\t\t\t\t\t\t\t  \n\t\t\t\t\t\t\t  <\/a>\n\n\t\t\t\t\t\t  <\/div>\n<\/div> <script>\n\t\t\t\t\t\t  jQuery(document).ready(function( $ ){\n\t\t\t\t\t\t\t\/\/jQuery('.yuzo_related_post').equalizer({ overflow : 'relatedthumb' });\n\t\t\t\t\t\t\tjQuery('.yuzo_related_post .yuzo_wraps').equalizer({ columns : '> div' });\n\t\t\t\t\t\t   })\n\t\t\t\t\t\t  <\/script> <!-- End Yuzo :) -->","protected":false},"excerpt":{"rendered":"<p><img decoding=\"async\" width=\"1920\" height=\"1267\" src=\"https:\/\/averdade.org.br\/wp-content\/uploads\/2026\/04\/250425_JCC-51o-25-Abril-Desfile-Av-Liberdade-05.jpg\" alt=\"\">Milhares de portugueses e imigrantes tomaram as ruas neste s\u00e1bado (25\/04) para celebrar os 52 anos da vit\u00f3ria da Revolu\u00e7\u00e3o dos Cravos contra o fascismo. Luan Almeida e Larissa Santos | Lisboa (Portugal) INTERNACIONAL \u2013\u00a052 anos depois da Revolu\u00e7\u00e3o dos Cravos, milhares de pessoas tomaram as ruas portuguesas para celebrar o fim da ditadura fascista [\u2026]<\/p>\n","protected":false},"author":2,"featured_media":84770,"comment_status":"open","ping_status":"closed","sticky":false,"template":"","format":"standard","meta":{"fifu_image_url":"","fifu_image_alt":"","footnotes":""},"categories":[38422,50,505,10445,51],"tags":[],"class_list":["post-84769","post","type-post","status-publish","format-standard","has-post-thumbnail","hentry","category-25-de-abril","category-internacional","category-portugal","category-revolucao-dos-cravos","category-ultimas-noticias"],"_links":{"self":[{"href":"https:\/\/redept.com.br\/blogosfera\/wp-json\/wp\/v2\/posts\/84769","targetHints":{"allow":["GET"]}}],"collection":[{"href":"https:\/\/redept.com.br\/blogosfera\/wp-json\/wp\/v2\/posts"}],"about":[{"href":"https:\/\/redept.com.br\/blogosfera\/wp-json\/wp\/v2\/types\/post"}],"author":[{"embeddable":true,"href":"https:\/\/redept.com.br\/blogosfera\/wp-json\/wp\/v2\/users\/2"}],"replies":[{"embeddable":true,"href":"https:\/\/redept.com.br\/blogosfera\/wp-json\/wp\/v2\/comments?post=84769"}],"version-history":[{"count":0,"href":"https:\/\/redept.com.br\/blogosfera\/wp-json\/wp\/v2\/posts\/84769\/revisions"}],"wp:featuredmedia":[{"embeddable":true,"href":"https:\/\/redept.com.br\/blogosfera\/wp-json\/wp\/v2\/media\/84770"}],"wp:attachment":[{"href":"https:\/\/redept.com.br\/blogosfera\/wp-json\/wp\/v2\/media?parent=84769"}],"wp:term":[{"taxonomy":"category","embeddable":true,"href":"https:\/\/redept.com.br\/blogosfera\/wp-json\/wp\/v2\/categories?post=84769"},{"taxonomy":"post_tag","embeddable":true,"href":"https:\/\/redept.com.br\/blogosfera\/wp-json\/wp\/v2\/tags?post=84769"}],"curies":[{"name":"wp","href":"https:\/\/api.w.org\/{rel}","templated":true}]}}