{"id":84776,"date":"2026-04-25T10:28:50","date_gmt":"2026-04-25T13:28:50","guid":{"rendered":"https:\/\/redept.com.br\/blogosfera\/venezuela-e-colombia-avancam-em-agenda-sobre-integracao-energetica-e-combate-ao-crime\/"},"modified":"2026-04-25T10:28:50","modified_gmt":"2026-04-25T13:28:50","slug":"venezuela-e-colombia-avancam-em-agenda-sobre-integracao-energetica-e-combate-ao-crime","status":"publish","type":"post","link":"https:\/\/redept.com.br\/blogosfera\/venezuela-e-colombia-avancam-em-agenda-sobre-integracao-energetica-e-combate-ao-crime\/","title":{"rendered":"Venezuela e Col\u00f4mbia avan\u00e7am em agenda sobre integra\u00e7\u00e3o energ\u00e9tica e combate ao crime"},"content":{"rendered":"<p>A presidenta interina da Venezuela, Delcy Rodr\u00edguez e o presidente da Col\u00f4mbia, Gustavo Petro, firmaram acordos nesta sexta-feira (24\/04) para avan\u00e7ar na agenda binacional, que inclui planos para interconex\u00e3o el\u00e9trica e de g\u00e1s, est\u00edmulo ao turismo e combate a gangues criminosas e ao crime transnacional na fronteira compartilhada. Os dois se reuniram no Pal\u00e1cio de Miraflores, em Caracas, capital venezuelana.<\/p>\n<p>Rodr\u00edguez descreveu a ascens\u00e3o de Gustavo Petro ao poder em 2022 como um marco que permitiu a reabertura da fronteira ap\u00f3s sete anos de ruptura diplom\u00e1tica. O com\u00e9rcio, que havia ca\u00eddo para n\u00edveis recordes, atingiu US$ 1,5 bilh\u00e3o no ano passado, apesar do bloqueio econ\u00f4mico imposto \u00e0 Venezuela.<\/p>\n<p>Rodr\u00edguez explicou que foi alcan\u00e7ado um acordo para substituir as importa\u00e7\u00f5es entre os dois pa\u00edses, aproveitando os produtos gerados em ambos os lados da fronteira. \u201cPensar como um s\u00f3 povo, um \u00fanico pa\u00eds, reconectando-se para o desenvolvimento compartilhado\u201d, disse a presidenta interina da Venezuela.<\/p>\n<p>\u201cN\u00e3o faz sentido para a Col\u00f4mbia ou a Venezuela buscar em outras regi\u00f5es o que podemos alcan\u00e7ar em nossos pr\u00f3prios territ\u00f3rios\u201d, acrescentou.<\/p>\n<p>A agenda bilateral priorizou a integra\u00e7\u00e3o energ\u00e9tica e alimentar. Rodr\u00edguez relatou planos para a interconex\u00e3o el\u00e9trica no oeste da Venezuela, um setor afetado pelo desinvestimento resultante de medidas coercitivas dos Estados Unidos contra o pa\u00eds. O acordo tamb\u00e9m inclui a exporta\u00e7\u00e3o de g\u00e1s venezuelano para a Col\u00f4mbia e projetos conjuntos para o fornecimento a outros pa\u00edses.<\/p>\n<p>Delcy Rodr\u00edguez agradeceu Petro pela solidariedade com a Venezuela desde o ataque de 3 de janeiro, que resultou no sequestro do presidente Nicol\u00e1s Maduro e da esposa dele, Cilia Flores.<\/p>\n<figure aria-describedby=\"caption-attachment-253012\"><img loading=\"lazy\" loading=\"lazy\" decoding=\"async\"src=\"https:\/\/redept.com.br\/blogosfera\/wp-content\/uploads\/2026\/04\/petro-delcy-24abril2026jpg.webp\" alt=\"\" width=\"1024\" height=\"576\" srcset=\"https:\/\/operamundi.uol.com.br\/wp-content\/uploads\/2026\/04\/petro-delcy-24abril2026.jpg-1024x576.webp 1024w, https:\/\/operamundi.uol.com.br\/wp-content\/uploads\/2026\/04\/petro-delcy-24abril2026.jpg-300x169.webp 300w, https:\/\/operamundi.uol.com.br\/wp-content\/uploads\/2026\/04\/petro-delcy-24abril2026.jpg-768x432.webp 768w, https:\/\/operamundi.uol.com.br\/wp-content\/uploads\/2026\/04\/petro-delcy-24abril2026.jpg-150x84.webp 150w, https:\/\/operamundi.uol.com.br\/wp-content\/uploads\/2026\/04\/petro-delcy-24abril2026.jpg-750x422.webp 750w, https:\/\/operamundi.uol.com.br\/wp-content\/uploads\/2026\/04\/petro-delcy-24abril2026.jpg-1140x641.webp 1140w, https:\/\/redept.com.br\/blogosfera\/wp-content\/uploads\/2026\/04\/petro-delcy-24abril2026jpg.webp 1200w\" sizes=\"auto, (max-width: 1024px) 100vw, 1024px\"><figcaption>Gustavo Petro se re\u00fane com Delcy Rodr\u00edguez, em sua primeira visita de Estado a Caracas desde ataque dos EUA ao pa\u00eds caribenho<br \/>Assessoria de Imprensa da Presid\u00eancia da Venezuela<\/figcaption><\/figure>\n<h3>Combate ao crime<\/h3>\n<p>Rodr\u00edguez enfatizou a import\u00e2ncia crucial de uma abordagem s\u00e9ria e em parceria no combate a gangues e grupos criminosos transnacionais. \u201cConcordamos em desenvolver planos militares e estabelecer imediatamente mecanismos para o compartilhamento de informa\u00e7\u00f5es e intelig\u00eancia, os quais devem ser implementados imediatamente\u201d, afirmou.<\/p>\n<p>Os dois pa\u00edses tamb\u00e9m pretendem estabelecer planos socioecon\u00f4micos para auxiliar as popula\u00e7\u00f5es mais vulner\u00e1veis \u200b\u200bque foram v\u00edtimas de crimes na fronteira. E a realizar a\u00e7\u00f5es de promo\u00e7\u00e3o do turismo, projetos multidestino e a revitaliza\u00e7\u00e3o das conex\u00f5es a\u00e9reas entre os dois pa\u00edses.<\/p>\n<p>Petro enfatizou a necessidade de transi\u00e7\u00e3o para novas fontes de energia que promovam a paz global e a democracia, abandonando os modelos energ\u00e9ticos tradicionais associados a conflitos e ao autoritarismo, como \u00e9 o caso dos derivados de petr\u00f3leo.<\/p>\n<p>O presidente colombiano defendeu o projeto bolivariano da \u201cGrande P\u00e1tria\u201d como um modelo de confedera\u00e7\u00e3o para o s\u00e9culo XXI, que possibilitaria a reconstitui\u00e7\u00e3o da unidade e integra\u00e7\u00e3o econ\u00f4mica, social e pol\u00edtica entre os dois pa\u00edses. Ele afirmou que essa uni\u00e3o permitiria \u00e0 regi\u00e3o \u201ctornar-se uma das mais fortes e poderosas internacionalmente, estabelecendo-se como o cora\u00e7\u00e3o do mundo, a partir de uma perspectiva diversa e pluralista que respeita a autonomia nacional\u201d.<\/p>\n<p>Esta foi a primeira visita oficial de um chefe de Estado \u00e0 capital venezuelana desde o sequestro do presidente Nicol\u00e1s Maduro pelos Estados Unidos. Petro chegou na tarde desta sexta-feira (24) ao Aeroporto Internacional Sim\u00f3n Bol\u00edvar, em Maiquet\u00eda, no estado de La Guaira, onde foi recebido pelo ministro das Rela\u00e7\u00f5es Exteriores da Venezuela, Yv\u00e1n Gil, e por autoridades diplom\u00e1ticas de ambos os pa\u00edses.<\/p>\n<p>O encontro entre Rodr\u00edguez e Petro foi precedido pela Terceira Reuni\u00e3o da Comiss\u00e3o Binacional da Boa Vizinhan\u00e7a, em que foram estabelecidos 11 grupos de trabalho t\u00e9cnicos nas \u00e1reas de soberania energ\u00e9tica, sa\u00fade, defesa e meio ambiente.<\/p>\n<p>* <em>Com informa\u00e7\u00f5es da teleSur<\/em><\/p>\n<p>O post Venezuela e Col\u00f4mbia avan\u00e7am em agenda sobre integra\u00e7\u00e3o energ\u00e9tica e combate ao crime apareceu primeiro em Opera Mundi.<\/p>\n<!-- Begin Yuzo --><div class='yuzo_related_post style-1'  data-version='5.12.89'><!-- without result --><div class='yuzo_clearfixed yuzo__title yuzo__title'><h3>Related Post<\/h3><\/div>\n\t\t\t\t\t\t  <div class=\"relatedthumb \" style=\"width:125px;float:left;overflow:hidden;\">  \n\t\t\t\t\t\t\t  \n\t\t\t\t\t\t\t  <a  href=\"https:\/\/redept.com.br\/blogosfera\/mst-ocupa-fazenda-de-ex-vereador-preso-por-fraude-no-inss-em-sergipe\/\"  >\n\t\t\t\t\t\t\t\t\t  <div class=\"yuzo-img-wrap \" style=\"width: 125px;height:90px;\">\n\t\t\t\t\t\t\t\t\t\t\n\t\t\t\t\t\t\t\t\t\t<div class=\"yuzo-img\" style=\"background:url('https:\/\/redept.com.br\/blogosfera\/wp-content\/uploads\/2025\/09\/ocupamst-150x150.jpeg') 50% 50% no-repeat;width: 125px;height:90px;margin-bottom: 5px;background-size: cover; \"><\/div>\n\t\t\t\t\t\t\t\t\t  <\/div>\n\t\t\t\t\t\t\t\t\t  \n\t\t\t\t\t\t\t\t   <span class=\"yuzo__text--title\" style=\"font-size:13px;\">MST ocupa fazenda de ex-vereador preso por fraude ...<\/span>\n\t\t\t\t\t\t\t  \n\t\t\t\t\t\t\t  \n\t\t\t\t\t\t\t  <\/a>\n\n\t\t\t\t\t\t  <\/div>\n\t\t\t\t\t\t  <div class=\"relatedthumb \" style=\"width:125px;float:left;overflow:hidden;\">  \n\t\t\t\t\t\t\t  \n\t\t\t\t\t\t\t  <a  href=\"https:\/\/redept.com.br\/blogosfera\/moraes-vai-a-estadio-apos-sancoes-de-trump-e-sorri-para-bolsonaristas\/\"  >\n\t\t\t\t\t\t\t\t\t  <div class=\"yuzo-img-wrap \" style=\"width: 125px;height:90px;\">\n\t\t\t\t\t\t\t\t\t\t\n\t\t\t\t\t\t\t\t\t\t<div class=\"yuzo-img\" style=\"background:url('https:\/\/redept.org\/blogosfera\/wp-content\/plugins\/yuzo-related-post\/assets\/images\/default.png') 50% 50% no-repeat;width: 125px;height:90px;margin-bottom: 5px;background-size: cover; \"><\/div>\n\t\t\t\t\t\t\t\t\t  <\/div>\n\t\t\t\t\t\t\t\t\t  \n\t\t\t\t\t\t\t\t   <span class=\"yuzo__text--title\" style=\"font-size:13px;\">Moraes vai a est\u00e1dio ap\u00f3s san\u00e7\u00f5es de Trump e sorri...<\/span>\n\t\t\t\t\t\t\t  \n\t\t\t\t\t\t\t  \n\t\t\t\t\t\t\t  <\/a>\n\n\t\t\t\t\t\t  <\/div>\n\t\t\t\t\t\t  <div class=\"relatedthumb \" style=\"width:125px;float:left;overflow:hidden;\">  \n\t\t\t\t\t\t\t  \n\t\t\t\t\t\t\t  <a  href=\"https:\/\/redept.com.br\/blogosfera\/com-meu-pai-fora-sou-candidato-a-presidencia-diz-eduardo-bolsonaro-dos-eua\/\"  >\n\t\t\t\t\t\t\t\t\t  <div class=\"yuzo-img-wrap \" style=\"width: 125px;height:90px;\">\n\t\t\t\t\t\t\t\t\t\t\n\t\t\t\t\t\t\t\t\t\t<div class=\"yuzo-img\" style=\"background:url('https:\/\/redept.org\/blogosfera\/wp-content\/plugins\/yuzo-related-post\/assets\/images\/default.png') 50% 50% no-repeat;width: 125px;height:90px;margin-bottom: 5px;background-size: cover; \"><\/div>\n\t\t\t\t\t\t\t\t\t  <\/div>\n\t\t\t\t\t\t\t\t\t  \n\t\t\t\t\t\t\t\t   <span class=\"yuzo__text--title\" style=\"font-size:13px;\">\u201cCom meu pai fora, sou candidato \u00e0 Presid\u00eancia\u201d, d...<\/span>\n\t\t\t\t\t\t\t  \n\t\t\t\t\t\t\t  \n\t\t\t\t\t\t\t  <\/a>\n\n\t\t\t\t\t\t  <\/div>\n\t\t\t\t\t\t  <div class=\"relatedthumb \" style=\"width:125px;float:left;overflow:hidden;\">  \n\t\t\t\t\t\t\t  \n\t\t\t\t\t\t\t  <a  href=\"https:\/\/redept.com.br\/blogosfera\/sem-vetos-lula-sanciona-lei-da-reciprocidade-comercial\/\"  >\n\t\t\t\t\t\t\t\t\t  <div class=\"yuzo-img-wrap \" style=\"width: 125px;height:90px;\">\n\t\t\t\t\t\t\t\t\t\t\n\t\t\t\t\t\t\t\t\t\t<div class=\"yuzo-img\" style=\"background:url('https:\/\/redept.org\/blogosfera\/wp-content\/plugins\/yuzo-related-post\/assets\/images\/default.png') 50% 50% no-repeat;width: 125px;height:90px;margin-bottom: 5px;background-size: cover; \"><\/div>\n\t\t\t\t\t\t\t\t\t  <\/div>\n\t\t\t\t\t\t\t\t\t  \n\t\t\t\t\t\t\t\t   <span class=\"yuzo__text--title\" style=\"font-size:13px;\">Sem vetos, Lula sanciona Lei da Reciprocidade Come...<\/span>\n\t\t\t\t\t\t\t  \n\t\t\t\t\t\t\t  \n\t\t\t\t\t\t\t  <\/a>\n\n\t\t\t\t\t\t  <\/div>\n<\/div> <script>\n\t\t\t\t\t\t  jQuery(document).ready(function( $ ){\n\t\t\t\t\t\t\t\/\/jQuery('.yuzo_related_post').equalizer({ overflow : 'relatedthumb' });\n\t\t\t\t\t\t\tjQuery('.yuzo_related_post .yuzo_wraps').equalizer({ columns : '> div' });\n\t\t\t\t\t\t   })\n\t\t\t\t\t\t  <\/script> <!-- End Yuzo :) -->","protected":false},"excerpt":{"rendered":"<p>A presidenta interina da Venezuela, Delcy Rodr\u00edguez e o presidente da Col\u00f4mbia, Gustavo Petro, firmaram acordos nesta sexta-feira (24\/04) para avan\u00e7ar na agenda binacional, que inclui planos para interconex\u00e3o el\u00e9trica e de g\u00e1s, est\u00edmulo ao turismo e combate a gangues criminosas e ao crime transnacional na fronteira compartilhada. Os dois se reuniram no Pal\u00e1cio de [\u2026]<\/p>\n<p>O post <a href=\"https:\/\/operamundi.uol.com.br\/america-latina\/venezuela-e-colombia-avancam-integracao-energetica-combate-ao-crime\/\">Venezuela e Col\u00f4mbia avan\u00e7am em agenda sobre integra\u00e7\u00e3o energ\u00e9tica e combate ao crime<\/a> apareceu primeiro em <a href=\"https:\/\/operamundi.uol.com.br\/\">Opera Mundi<\/a>.<\/p>\n","protected":false},"author":2,"featured_media":84777,"comment_status":"closed","ping_status":"closed","sticky":false,"template":"","format":"standard","meta":{"fifu_image_url":"","fifu_image_alt":"","footnotes":""},"categories":[347,1787,28305,18628,2953,50979,1049],"tags":[],"class_list":["post-84776","post","type-post","status-publish","format-standard","has-post-thumbnail","hentry","category-america-latina","category-colombia","category-combate-ao-crime","category-delcy-rodriguez","category-gustavo-petro","category-integracao-energetica","category-venezuela"],"_links":{"self":[{"href":"https:\/\/redept.com.br\/blogosfera\/wp-json\/wp\/v2\/posts\/84776","targetHints":{"allow":["GET"]}}],"collection":[{"href":"https:\/\/redept.com.br\/blogosfera\/wp-json\/wp\/v2\/posts"}],"about":[{"href":"https:\/\/redept.com.br\/blogosfera\/wp-json\/wp\/v2\/types\/post"}],"author":[{"embeddable":true,"href":"https:\/\/redept.com.br\/blogosfera\/wp-json\/wp\/v2\/users\/2"}],"replies":[{"embeddable":true,"href":"https:\/\/redept.com.br\/blogosfera\/wp-json\/wp\/v2\/comments?post=84776"}],"version-history":[{"count":0,"href":"https:\/\/redept.com.br\/blogosfera\/wp-json\/wp\/v2\/posts\/84776\/revisions"}],"wp:featuredmedia":[{"embeddable":true,"href":"https:\/\/redept.com.br\/blogosfera\/wp-json\/wp\/v2\/media\/84777"}],"wp:attachment":[{"href":"https:\/\/redept.com.br\/blogosfera\/wp-json\/wp\/v2\/media?parent=84776"}],"wp:term":[{"taxonomy":"category","embeddable":true,"href":"https:\/\/redept.com.br\/blogosfera\/wp-json\/wp\/v2\/categories?post=84776"},{"taxonomy":"post_tag","embeddable":true,"href":"https:\/\/redept.com.br\/blogosfera\/wp-json\/wp\/v2\/tags?post=84776"}],"curies":[{"name":"wp","href":"https:\/\/api.w.org\/{rel}","templated":true}]}}