{"id":84782,"date":"2026-04-25T13:00:23","date_gmt":"2026-04-25T16:00:23","guid":{"rendered":"https:\/\/redept.com.br\/blogosfera\/justica-dos-eua-autoriza-uso-de-recursos-venezuelanos-para-defesa-de-maduro\/"},"modified":"2026-04-25T13:00:23","modified_gmt":"2026-04-25T16:00:23","slug":"justica-dos-eua-autoriza-uso-de-recursos-venezuelanos-para-defesa-de-maduro","status":"publish","type":"post","link":"https:\/\/redept.com.br\/blogosfera\/justica-dos-eua-autoriza-uso-de-recursos-venezuelanos-para-defesa-de-maduro\/","title":{"rendered":"Justi\u00e7a dos EUA autoriza uso de recursos venezuelanos para defesa de Maduro"},"content":{"rendered":"<p>O Tribunal Distrital do Sul de Nova York autorizou, nesta sexta-feira (25\/04), que o presidente venezuelano Nicol\u00e1s Maduro e a primeira-dama Cilia Flores utilizem recursos vinculados ao Estado venezuelano para financiar sua defesa jur\u00eddica no processo que enfrentam em Nova York.<\/p>\n<p>A decis\u00e3o foi tomada pelo juiz Alvin Hellerstein, ap\u00f3s os advogados particulares abandonarem a defesa do casal por n\u00e3o conseguirem receber honor\u00e1rios devido ao bloqueio de ativos venezuelanos imposto pelo Escrit\u00f3rio de Controle de Ativos Estrangeiros (OFAC).<\/p>\n<p>Em 20 de mar\u00e7o, Washington revogou, sem explica\u00e7\u00f5es, a licen\u00e7a que permitia \u00e0 Venezuela financiar a representa\u00e7\u00e3o legal do presidente Maduro e da primeira-dama. Na a\u00e7\u00e3o, a defesa argumentou que as san\u00e7\u00f5es impediam o pleno exerc\u00edcio do direito \u00e0 ampla defesa, garantido pela Constitui\u00e7\u00e3o norte-americana.<\/p>\n<p>O impasse esteve diretamente ligado \u00e0s san\u00e7\u00f5es impostas pelos Estados Unidos \u00e0 Venezuela. A Casa Branca\u00a0 alegava que Maduro n\u00e3o poderia acessar os recursos p\u00fablicos porque n\u00e3o o reconhecia mais como presidente.<\/p>\n<figure aria-describedby=\"caption-attachment-250746\"><img loading=\"lazy\" loading=\"lazy\" decoding=\"async\"src=\"https:\/\/redept.com.br\/blogosfera\/wp-content\/uploads\/2026\/04\/651559d9-f1c2-49fb-aaff-8edc50ec5480-1140x760-1.webp\" alt=\"\" width=\"1024\" height=\"683\" srcset=\"https:\/\/operamundi.uol.com.br\/wp-content\/uploads\/2026\/03\/651559d9-f1c2-49fb-aaff-8edc50ec5480-1140x760-1-1024x683.webp 1024w, https:\/\/operamundi.uol.com.br\/wp-content\/uploads\/2026\/03\/651559d9-f1c2-49fb-aaff-8edc50ec5480-1140x760-1-300x200.webp 300w, https:\/\/operamundi.uol.com.br\/wp-content\/uploads\/2026\/03\/651559d9-f1c2-49fb-aaff-8edc50ec5480-1140x760-1-768x512.webp 768w, https:\/\/operamundi.uol.com.br\/wp-content\/uploads\/2026\/03\/651559d9-f1c2-49fb-aaff-8edc50ec5480-1140x760-1-150x100.webp 150w, https:\/\/operamundi.uol.com.br\/wp-content\/uploads\/2026\/03\/651559d9-f1c2-49fb-aaff-8edc50ec5480-1140x760-1-750x500.webp 750w, https:\/\/redept.com.br\/blogosfera\/wp-content\/uploads\/2026\/04\/651559d9-f1c2-49fb-aaff-8edc50ec5480-1140x760-1.webp 1140w\" sizes=\"auto, (max-width: 1024px) 100vw, 1024px\"><figcaption>Justi\u00e7a dos EUA autoriza uso de recursos venezuelanos para defesa de Maduro<br \/>RS\/Fotos P\u00fablicas<\/figcaption><\/figure>\n<p>Diante do risco de interrup\u00e7\u00e3o do julgamento por falta de representa\u00e7\u00e3o legal, o tribunal permitiu o uso dos recursos vinculados ao governo venezuelano, desde sejam realizados \u201ccom fundos dispon\u00edveis para o governo da Venezuela ap\u00f3s 5 de mar\u00e7o de 2026\u201d, n\u00e3o provenham de \u201cativos derivados da venda de petr\u00f3leo ou diluentes depositados nas contas do Tesouro dos EUA\u201d; e das reservas de ouro historicamente bloqueadas.<\/p>\n<p>Em 3 de janeiro de 2026, as for\u00e7as norte-americanas sequestraram Maduro e Flores em territ\u00f3rio venezuelano e os transferiram para Nova York. Eles j\u00e1 declararam duas vezes perante o Tribunal a sua inoc\u00eancia das acusa\u00e7\u00f5es de Washington sobre conspira\u00e7\u00e3o para narcoterrorismo, tr\u00e1fico internacional de drogas e outros crimes.<\/p>\n<p>O in\u00edcio do julgamento ainda n\u00e3o tem data prevista.<\/p>\n<blockquote>\n<p dir=\"ltr\" lang=\"es\">ACLARATORIA | Sobre los fondos autorizados para la defensa de Nicol\u00e1s Maduro en los EE. UU.<br \/>\nSeg\u00fan la carta oficial enviada por la Fiscal\u00eda del Distrito Sur de Nueva York al Juez Alvin Hellerstein (adjunta en este post), la OFAC ha emitido licencias enmendadas que permiten al\u2026 pic.twitter.com\/UuAwBJA366<\/p>\n<p>\u2014 MAJA (@Libertaria17082) April 25, 2026<\/p>\n<\/blockquote>\n<p>O post Justi\u00e7a dos EUA autoriza uso de recursos venezuelanos para defesa de Maduro apareceu primeiro em Opera Mundi.<\/p>\n<!-- Begin Yuzo --><div class='yuzo_related_post style-1'  data-version='5.12.89'><!-- without result --><div class='yuzo_clearfixed yuzo__title yuzo__title'><h3>Related Post<\/h3><\/div>\n\t\t\t\t\t\t  <div class=\"relatedthumb \" style=\"width:125px;float:left;overflow:hidden;\">  \n\t\t\t\t\t\t\t  \n\t\t\t\t\t\t\t  <a  href=\"https:\/\/redept.com.br\/blogosfera\/lula-sendo-lula\/\"  >\n\t\t\t\t\t\t\t\t\t  <div class=\"yuzo-img-wrap \" style=\"width: 125px;height:90px;\">\n\t\t\t\t\t\t\t\t\t\t\n\t\t\t\t\t\t\t\t\t\t<div class=\"yuzo-img\" style=\"background:url('https:\/\/redept.org\/blogosfera\/wp-content\/plugins\/yuzo-related-post\/assets\/images\/default.png') 50% 50% no-repeat;width: 125px;height:90px;margin-bottom: 5px;background-size: cover; \"><\/div>\n\t\t\t\t\t\t\t\t\t  <\/div>\n\t\t\t\t\t\t\t\t\t  \n\t\t\t\t\t\t\t\t   <span class=\"yuzo__text--title\" style=\"font-size:13px;\">Lula sendo Lula<\/span>\n\t\t\t\t\t\t\t  \n\t\t\t\t\t\t\t  \n\t\t\t\t\t\t\t  <\/a>\n\n\t\t\t\t\t\t  <\/div>\n\t\t\t\t\t\t  <div class=\"relatedthumb \" style=\"width:125px;float:left;overflow:hidden;\">  \n\t\t\t\t\t\t\t  \n\t\t\t\t\t\t\t  <a  href=\"https:\/\/redept.com.br\/blogosfera\/argentina-contra-milei-90-de-adesao-a-greve-e-violencia-policial-marcam-o-maior-protesto-contra-o-governo\/\"  >\n\t\t\t\t\t\t\t\t\t  <div class=\"yuzo-img-wrap \" style=\"width: 125px;height:90px;\">\n\t\t\t\t\t\t\t\t\t\t\n\t\t\t\t\t\t\t\t\t\t<div class=\"yuzo-img\" style=\"background:url('https:\/\/redept.org\/blogosfera\/wp-content\/plugins\/yuzo-related-post\/assets\/images\/default.png') 50% 50% no-repeat;width: 125px;height:90px;margin-bottom: 5px;background-size: cover; \"><\/div>\n\t\t\t\t\t\t\t\t\t  <\/div>\n\t\t\t\t\t\t\t\t\t  \n\t\t\t\t\t\t\t\t   <span class=\"yuzo__text--title\" style=\"font-size:13px;\">Argentina contra Milei: 90% de ades\u00e3o \u00e0 greve e vi...<\/span>\n\t\t\t\t\t\t\t  \n\t\t\t\t\t\t\t  \n\t\t\t\t\t\t\t  <\/a>\n\n\t\t\t\t\t\t  <\/div>\n\t\t\t\t\t\t  <div class=\"relatedthumb \" style=\"width:125px;float:left;overflow:hidden;\">  \n\t\t\t\t\t\t\t  \n\t\t\t\t\t\t\t  <a  href=\"https:\/\/redept.com.br\/blogosfera\/saude-encaminha-2-milhoes-de-testes-rapidos-de-dengue-para-sao-paulo\/\"  >\n\t\t\t\t\t\t\t\t\t  <div class=\"yuzo-img-wrap \" style=\"width: 125px;height:90px;\">\n\t\t\t\t\t\t\t\t\t\t\n\t\t\t\t\t\t\t\t\t\t<div class=\"yuzo-img\" style=\"background:url('https:\/\/redept.org\/blogosfera\/wp-content\/plugins\/yuzo-related-post\/assets\/images\/default.png') 50% 50% no-repeat;width: 125px;height:90px;margin-bottom: 5px;background-size: cover; \"><\/div>\n\t\t\t\t\t\t\t\t\t  <\/div>\n\t\t\t\t\t\t\t\t\t  \n\t\t\t\t\t\t\t\t   <span class=\"yuzo__text--title\" style=\"font-size:13px;\">Sa\u00fade encaminha 2 milh\u00f5es de testes r\u00e1pidos de den...<\/span>\n\t\t\t\t\t\t\t  \n\t\t\t\t\t\t\t  \n\t\t\t\t\t\t\t  <\/a>\n\n\t\t\t\t\t\t  <\/div>\n\t\t\t\t\t\t  <div class=\"relatedthumb \" style=\"width:125px;float:left;overflow:hidden;\">  \n\t\t\t\t\t\t\t  \n\t\t\t\t\t\t\t  <a  href=\"https:\/\/redept.com.br\/blogosfera\/a-palestina-nao-esta-a-venda-diz-ualid-rabah-em-denuncia-ao-genocidio-em-gaza\/\"  >\n\t\t\t\t\t\t\t\t\t  <div class=\"yuzo-img-wrap \" style=\"width: 125px;height:90px;\">\n\t\t\t\t\t\t\t\t\t\t\n\t\t\t\t\t\t\t\t\t\t<div class=\"yuzo-img\" style=\"background:url('https:\/\/redept.org\/blogosfera\/wp-content\/plugins\/yuzo-related-post\/assets\/images\/default.png') 50% 50% no-repeat;width: 125px;height:90px;margin-bottom: 5px;background-size: cover; \"><\/div>\n\t\t\t\t\t\t\t\t\t  <\/div>\n\t\t\t\t\t\t\t\t\t  \n\t\t\t\t\t\t\t\t   <span class=\"yuzo__text--title\" style=\"font-size:13px;\">\u201cA Palestina n\u00e3o est\u00e1 \u00e0 venda\u201d, diz Ualid Rabah em...<\/span>\n\t\t\t\t\t\t\t  \n\t\t\t\t\t\t\t  \n\t\t\t\t\t\t\t  <\/a>\n\n\t\t\t\t\t\t  <\/div>\n<\/div> <script>\n\t\t\t\t\t\t  jQuery(document).ready(function( $ ){\n\t\t\t\t\t\t\t\/\/jQuery('.yuzo_related_post').equalizer({ overflow : 'relatedthumb' });\n\t\t\t\t\t\t\tjQuery('.yuzo_related_post .yuzo_wraps').equalizer({ columns : '> div' });\n\t\t\t\t\t\t   })\n\t\t\t\t\t\t  <\/script> <!-- End Yuzo :) -->","protected":false},"excerpt":{"rendered":"<p>O Tribunal Distrital do Sul de Nova York autorizou, nesta sexta-feira (25\/04), que o presidente venezuelano Nicol\u00e1s Maduro e a primeira-dama Cilia Flores utilizem recursos vinculados ao Estado venezuelano para financiar sua defesa jur\u00eddica no processo que enfrentam em Nova York. A decis\u00e3o foi tomada pelo juiz Alvin Hellerstein, ap\u00f3s os advogados particulares abandonarem a [\u2026]<\/p>\n<p>O post <a href=\"https:\/\/operamundi.uol.com.br\/america-latina\/justica-dos-eua-autoriza-uso-de-recursos-venezuelanos-para-defesa-de-maduro\/\">Justi\u00e7a dos EUA autoriza uso de recursos venezuelanos para defesa de Maduro<\/a> apareceu primeiro em <a href=\"https:\/\/operamundi.uol.com.br\/\">Opera Mundi<\/a>.<\/p>\n","protected":false},"author":2,"featured_media":0,"comment_status":"closed","ping_status":"closed","sticky":false,"template":"","format":"standard","meta":{"fifu_image_url":"","fifu_image_alt":"","footnotes":""},"categories":[51323,347,10157,394,51324,2328,51325,1049],"tags":[],"class_list":["post-84782","post","type-post","status-publish","format-standard","hentry","category-advogados-de-maduro","category-america-latina","category-cilia-flores","category-estados-unidos","category-julgamento-maduro","category-nicolas-maduro","category-tribunal-de-nova-york","category-venezuela"],"_links":{"self":[{"href":"https:\/\/redept.com.br\/blogosfera\/wp-json\/wp\/v2\/posts\/84782","targetHints":{"allow":["GET"]}}],"collection":[{"href":"https:\/\/redept.com.br\/blogosfera\/wp-json\/wp\/v2\/posts"}],"about":[{"href":"https:\/\/redept.com.br\/blogosfera\/wp-json\/wp\/v2\/types\/post"}],"author":[{"embeddable":true,"href":"https:\/\/redept.com.br\/blogosfera\/wp-json\/wp\/v2\/users\/2"}],"replies":[{"embeddable":true,"href":"https:\/\/redept.com.br\/blogosfera\/wp-json\/wp\/v2\/comments?post=84782"}],"version-history":[{"count":0,"href":"https:\/\/redept.com.br\/blogosfera\/wp-json\/wp\/v2\/posts\/84782\/revisions"}],"wp:attachment":[{"href":"https:\/\/redept.com.br\/blogosfera\/wp-json\/wp\/v2\/media?parent=84782"}],"wp:term":[{"taxonomy":"category","embeddable":true,"href":"https:\/\/redept.com.br\/blogosfera\/wp-json\/wp\/v2\/categories?post=84782"},{"taxonomy":"post_tag","embeddable":true,"href":"https:\/\/redept.com.br\/blogosfera\/wp-json\/wp\/v2\/tags?post=84782"}],"curies":[{"name":"wp","href":"https:\/\/api.w.org\/{rel}","templated":true}]}}