{"id":84789,"date":"2026-04-25T17:28:56","date_gmt":"2026-04-25T20:28:56","guid":{"rendered":"https:\/\/redept.com.br\/blogosfera\/governo-trump-propoe-ampliacao-dos-metodos-de-execucao-incluindo-fuzilamento\/"},"modified":"2026-04-25T17:28:56","modified_gmt":"2026-04-25T20:28:56","slug":"governo-trump-propoe-ampliacao-dos-metodos-de-execucao-incluindo-fuzilamento","status":"publish","type":"post","link":"https:\/\/redept.com.br\/blogosfera\/governo-trump-propoe-ampliacao-dos-metodos-de-execucao-incluindo-fuzilamento\/","title":{"rendered":"Governo Trump prop\u00f5e amplia\u00e7\u00e3o dos m\u00e9todos de execu\u00e7\u00e3o incluindo fuzilamento"},"content":{"rendered":"<p>A administra\u00e7\u00e3o Trump pretende ampliar os m\u00e9todos de execu\u00e7\u00e3o no sistema federal, incluindo o retorno do pelot\u00e3o de fuzilamento e da asfixia por g\u00e1s, al\u00e9m da recomenda\u00e7\u00e3o de uso de eletrochoque.<\/p>\n<p>A medida consta em um relat\u00f3rio divulgado nesta sexta-feira (24\/04) pelo Departamento de Justi\u00e7a que recomenda o uso desses m\u00e9todos de execu\u00e7\u00e3o diante de dificuldades para obten\u00e7\u00e3o de subst\u00e2ncias utilizadas em inje\u00e7\u00f5es letais.<\/p>\n<p>A nova diretriz tamb\u00e9m revoga a morat\u00f3ria implementada durante o governo de Joe Biden, que havia suspendido execu\u00e7\u00f5es federais no pa\u00eds e comutado as penas de 37 detentos no corredor da morte.<\/p>\n<p>A pasta argumenta que a os novos m\u00e9todos abrem \u201co caminho para a realiza\u00e7\u00e3o das execu\u00e7\u00f5es assim que os presos condenados \u00e0 morte tenham esgotado seus recursos de apela\u00e7\u00e3o\u201d.<\/p>\n<p>O Departamento de Justi\u00e7a tamb\u00e9m defendeu a \u201cagiliza\u00e7\u00e3o dos processos internos para acelerar os casos relacionados \u00e0 pena de morte\u201d. Mais de 40 presos aguardam julgamento que podem resultar na pena capital no pa\u00eds.<\/p>\n<figure aria-describedby=\"caption-attachment-217218\"><img fetchpriority=\"high\" fetchpriority=\"high\" decoding=\"async\"src=\"https:\/\/redept.com.br\/blogosfera\/wp-content\/uploads\/2026\/04\/official-white-house-photo-by-abe-mcnatt.jpg\" alt=\"\" width=\"799\" height=\"533\" srcset=\"https:\/\/redept.com.br\/blogosfera\/wp-content\/uploads\/2026\/04\/official-white-house-photo-by-abe-mcnatt.jpg 799w, https:\/\/operamundi.uol.com.br\/wp-content\/uploads\/2025\/04\/official-white-house-photo-by-abe-mcnatt-300x200.jpg 300w, https:\/\/operamundi.uol.com.br\/wp-content\/uploads\/2025\/04\/official-white-house-photo-by-abe-mcnatt-768x512.jpg 768w, https:\/\/operamundi.uol.com.br\/wp-content\/uploads\/2025\/04\/official-white-house-photo-by-abe-mcnatt-150x100.jpg 150w, https:\/\/operamundi.uol.com.br\/wp-content\/uploads\/2025\/04\/official-white-house-photo-by-abe-mcnatt-750x500.jpg 750w\" sizes=\"(max-width: 799px) 100vw, 799px\"><figcaption>Governo Trump prop\u00f5e amplia\u00e7\u00e3o dos m\u00e9todos de execu\u00e7\u00e3o incluindo fuzilamento<br \/>Abe McNatt \/ White House<\/figcaption><\/figure>\n<h3>Pena de morte em 27 estados<\/h3>\n<p>A iniciativa foi impulsionada pelo procurador-geral interino Todd Blanche, que justificou a mudan\u00e7a como parte de uma pol\u00edtica mais r\u00edgida de seguran\u00e7a p\u00fablica. \u201cSob a lideran\u00e7a do presidente Trump, o Departamento de Justi\u00e7a est\u00e1 novamente fazendo cumprir a lei e apoiando as v\u00edtimas\u201d, afirmou.<\/p>\n<p>Ele acusou a gest\u00e3o do ex-presidente norte-americano Joe Biden de neglig\u00eancia, ao \u201cse recusar a processar e aplicar a pena m\u00e1xima aos criminosos mais perigosos, incluindo terroristas, assassinos de crian\u00e7as e assassinos de agentes da lei\u201d.<\/p>\n<p>No documento, o Departamento de Justi\u00e7a recomenda que a Ag\u00eancia Federal de Pris\u00f5es adapte seus protocolos para incorporar m\u00e9todos previstos em legisla\u00e7\u00f5es estaduais, garantindo a execu\u00e7\u00e3o das senten\u00e7as mesmo em cen\u00e1rios de escassez de insumos.<\/p>\n<p>O post Governo Trump prop\u00f5e amplia\u00e7\u00e3o dos m\u00e9todos de execu\u00e7\u00e3o incluindo fuzilamento apareceu primeiro em Opera Mundi.<\/p>\n<!-- Begin Yuzo --><div class='yuzo_related_post style-1'  data-version='5.12.89'><!-- without result --><div class='yuzo_clearfixed yuzo__title yuzo__title'><h3>Related Post<\/h3><\/div>\n\t\t\t\t\t\t  <div class=\"relatedthumb \" style=\"width:125px;float:left;overflow:hidden;\">  \n\t\t\t\t\t\t\t  \n\t\t\t\t\t\t\t  <a  href=\"https:\/\/redept.com.br\/blogosfera\/sume-e-monteiro-recebem-2o-encontro-de-mulheridades-do-circo-no-nordeste\/\"  >\n\t\t\t\t\t\t\t\t\t  <div class=\"yuzo-img-wrap \" style=\"width: 125px;height:90px;\">\n\t\t\t\t\t\t\t\t\t\t\n\t\t\t\t\t\t\t\t\t\t<div class=\"yuzo-img\" style=\"background:url('https:\/\/redept.com.br\/blogosfera\/wp-content\/uploads\/2025\/09\/SnapInstato_544862450_17921130327143836_2445886908955818561_n-150x150.jpg') 50% 50% no-repeat;width: 125px;height:90px;margin-bottom: 5px;background-size: cover; \"><\/div>\n\t\t\t\t\t\t\t\t\t  <\/div>\n\t\t\t\t\t\t\t\t\t  \n\t\t\t\t\t\t\t\t   <span class=\"yuzo__text--title\" style=\"font-size:13px;\">Sum\u00e9 e Monteiro recebem 2\u00ba Encontro de Mulheridade...<\/span>\n\t\t\t\t\t\t\t  \n\t\t\t\t\t\t\t  \n\t\t\t\t\t\t\t  <\/a>\n\n\t\t\t\t\t\t  <\/div>\n\t\t\t\t\t\t  <div class=\"relatedthumb \" style=\"width:125px;float:left;overflow:hidden;\">  \n\t\t\t\t\t\t\t  \n\t\t\t\t\t\t\t  <a  href=\"https:\/\/redept.com.br\/blogosfera\/janeiro-tem-sua-menor-inflacao-desde-1994-mas-com-transporte-e-alimentos-em-alta\/\"  >\n\t\t\t\t\t\t\t\t\t  <div class=\"yuzo-img-wrap \" style=\"width: 125px;height:90px;\">\n\t\t\t\t\t\t\t\t\t\t\n\t\t\t\t\t\t\t\t\t\t<div class=\"yuzo-img\" style=\"background:url('https:\/\/redept.org\/blogosfera\/wp-content\/plugins\/yuzo-related-post\/assets\/images\/default.png') 50% 50% no-repeat;width: 125px;height:90px;margin-bottom: 5px;background-size: cover; \"><\/div>\n\t\t\t\t\t\t\t\t\t  <\/div>\n\t\t\t\t\t\t\t\t\t  \n\t\t\t\t\t\t\t\t   <span class=\"yuzo__text--title\" style=\"font-size:13px;\">Janeiro tem sua menor infla\u00e7\u00e3o desde 1994, mas com...<\/span>\n\t\t\t\t\t\t\t  \n\t\t\t\t\t\t\t  \n\t\t\t\t\t\t\t  <\/a>\n\n\t\t\t\t\t\t  <\/div>\n\t\t\t\t\t\t  <div class=\"relatedthumb \" style=\"width:125px;float:left;overflow:hidden;\">  \n\t\t\t\t\t\t\t  \n\t\t\t\t\t\t\t  <a  href=\"https:\/\/redept.com.br\/blogosfera\/partidos-fazem-acordo-e-japao-pode-ter-1a-premie-mulher-na-historia-do-pais\/\"  >\n\t\t\t\t\t\t\t\t\t  <div class=\"yuzo-img-wrap \" style=\"width: 125px;height:90px;\">\n\t\t\t\t\t\t\t\t\t\t\n\t\t\t\t\t\t\t\t\t\t<div class=\"yuzo-img\" style=\"background:url('https:\/\/redept.com.br\/blogosfera\/wp-content\/uploads\/2025\/10\/g2kzckbaoaa3zko-150x150.jpg') 50% 50% no-repeat;width: 125px;height:90px;margin-bottom: 5px;background-size: cover; \"><\/div>\n\t\t\t\t\t\t\t\t\t  <\/div>\n\t\t\t\t\t\t\t\t\t  \n\t\t\t\t\t\t\t\t   <span class=\"yuzo__text--title\" style=\"font-size:13px;\">Partidos fazem acordo, e Jap\u00e3o pode ter 1\u00aa premi\u00ea ...<\/span>\n\t\t\t\t\t\t\t  \n\t\t\t\t\t\t\t  \n\t\t\t\t\t\t\t  <\/a>\n\n\t\t\t\t\t\t  <\/div>\n\t\t\t\t\t\t  <div class=\"relatedthumb \" style=\"width:125px;float:left;overflow:hidden;\">  \n\t\t\t\t\t\t\t  \n\t\t\t\t\t\t\t  <a  href=\"https:\/\/redept.com.br\/blogosfera\/haydee-santamaria-saiba-quem-foi-a-mulher-que-consolidou-a-cultura-na-revolucao-cubana\/\"  >\n\t\t\t\t\t\t\t\t\t  <div class=\"yuzo-img-wrap \" style=\"width: 125px;height:90px;\">\n\t\t\t\t\t\t\t\t\t\t\n\t\t\t\t\t\t\t\t\t\t<div class=\"yuzo-img\" style=\"background:url('https:\/\/redept.org\/blogosfera\/wp-content\/plugins\/yuzo-related-post\/assets\/images\/default.png') 50% 50% no-repeat;width: 125px;height:90px;margin-bottom: 5px;background-size: cover; \"><\/div>\n\t\t\t\t\t\t\t\t\t  <\/div>\n\t\t\t\t\t\t\t\t\t  \n\t\t\t\t\t\t\t\t   <span class=\"yuzo__text--title\" style=\"font-size:13px;\">Haydee Santamar\u00eda: saiba quem foi a mulher que con...<\/span>\n\t\t\t\t\t\t\t  \n\t\t\t\t\t\t\t  \n\t\t\t\t\t\t\t  <\/a>\n\n\t\t\t\t\t\t  <\/div>\n<\/div> <script>\n\t\t\t\t\t\t  jQuery(document).ready(function( $ ){\n\t\t\t\t\t\t\t\/\/jQuery('.yuzo_related_post').equalizer({ overflow : 'relatedthumb' });\n\t\t\t\t\t\t\tjQuery('.yuzo_related_post .yuzo_wraps').equalizer({ columns : '> div' });\n\t\t\t\t\t\t   })\n\t\t\t\t\t\t  <\/script> <!-- End Yuzo :) -->","protected":false},"excerpt":{"rendered":"<p>A administra\u00e7\u00e3o Trump pretende ampliar os m\u00e9todos de execu\u00e7\u00e3o no sistema federal, incluindo o retorno do pelot\u00e3o de fuzilamento e da asfixia por g\u00e1s, al\u00e9m da recomenda\u00e7\u00e3o de uso de eletrochoque. A medida consta em um relat\u00f3rio divulgado nesta sexta-feira (24\/04) pelo Departamento de Justi\u00e7a que recomenda o uso desses m\u00e9todos de execu\u00e7\u00e3o diante de [\u2026]<\/p>\n<p>O post <a href=\"https:\/\/operamundi.uol.com.br\/estados-unidos\/governo-trump-propoe-ampliacao-dos-metodos-de-execucao-incluindo-fuzilamento\/\">Governo Trump prop\u00f5e amplia\u00e7\u00e3o dos m\u00e9todos de execu\u00e7\u00e3o incluindo fuzilamento<\/a> apareceu primeiro em <a href=\"https:\/\/operamundi.uol.com.br\/\">Opera Mundi<\/a>.<\/p>\n","protected":false},"author":2,"featured_media":84790,"comment_status":"closed","ping_status":"closed","sticky":false,"template":"","format":"standard","meta":{"fifu_image_url":"","fifu_image_alt":"","footnotes":""},"categories":[3177,1023,394,51329,6616,20148],"tags":[],"class_list":["post-84789","post","type-post","status-publish","format-standard","has-post-thumbnail","hentry","category-departamento-de-justica-dos-eua","category-donald-trump","category-estados-unidos","category-execucoes-penais","category-governo-trump","category-pena-de-morte"],"_links":{"self":[{"href":"https:\/\/redept.com.br\/blogosfera\/wp-json\/wp\/v2\/posts\/84789","targetHints":{"allow":["GET"]}}],"collection":[{"href":"https:\/\/redept.com.br\/blogosfera\/wp-json\/wp\/v2\/posts"}],"about":[{"href":"https:\/\/redept.com.br\/blogosfera\/wp-json\/wp\/v2\/types\/post"}],"author":[{"embeddable":true,"href":"https:\/\/redept.com.br\/blogosfera\/wp-json\/wp\/v2\/users\/2"}],"replies":[{"embeddable":true,"href":"https:\/\/redept.com.br\/blogosfera\/wp-json\/wp\/v2\/comments?post=84789"}],"version-history":[{"count":0,"href":"https:\/\/redept.com.br\/blogosfera\/wp-json\/wp\/v2\/posts\/84789\/revisions"}],"wp:featuredmedia":[{"embeddable":true,"href":"https:\/\/redept.com.br\/blogosfera\/wp-json\/wp\/v2\/media\/84790"}],"wp:attachment":[{"href":"https:\/\/redept.com.br\/blogosfera\/wp-json\/wp\/v2\/media?parent=84789"}],"wp:term":[{"taxonomy":"category","embeddable":true,"href":"https:\/\/redept.com.br\/blogosfera\/wp-json\/wp\/v2\/categories?post=84789"},{"taxonomy":"post_tag","embeddable":true,"href":"https:\/\/redept.com.br\/blogosfera\/wp-json\/wp\/v2\/tags?post=84789"}],"curies":[{"name":"wp","href":"https:\/\/api.w.org\/{rel}","templated":true}]}}