{"id":84792,"date":"2026-04-26T04:00:00","date_gmt":"2026-04-26T07:00:00","guid":{"rendered":"https:\/\/redept.com.br\/blogosfera\/el-salvador-oferece-saude-publica-com-ia-e-demite-medicos\/"},"modified":"2026-04-26T04:00:00","modified_gmt":"2026-04-26T07:00:00","slug":"el-salvador-oferece-saude-publica-com-ia-e-demite-medicos","status":"publish","type":"post","link":"https:\/\/redept.com.br\/blogosfera\/el-salvador-oferece-saude-publica-com-ia-e-demite-medicos\/","title":{"rendered":"El Salvador oferece sa\u00fade p\u00fablica com IA e demite m\u00e9dicos"},"content":{"rendered":"<p>No fim de 2025, El Salvador lan\u00e7ou o aplicativo digital DoctorSV, que utiliza intelig\u00eancia artificial (IA) para oferecer atendimento m\u00e9dico b\u00e1sico e gratuito \u00e0 popula\u00e7\u00e3o de 18 a 30 anos.<\/p>\n<p>A iniciativa, promovida pelo presidente Nayib Bukele, foi anunciada como um sistema inovador de atendimento ininterrupto, que <span>oferece diagn\u00f3stico assistido por IA e avalia o caso antes de encaminhar o paciente para uma videochamada com um m\u00e9dico.<\/span><\/p>\n<p>O governo incentiva os cidad\u00e3os a baixarem o aplicativo em seus celulares. Para isso, devem preencher um formul\u00e1rio com suas informa\u00e7\u00f5es pessoais, incluindo seu hist\u00f3rico cl\u00ednico.<\/p>\n<p><span>A divulga\u00e7\u00e3o do aplicativo ocorre em meio ao aumento das queixas por falta de medicamentos b\u00e1sicos no sistema p\u00fablico de sa\u00fade<\/span> e da demissao de m\u00e9dicos especializados no Instituto Salvadorenho do Seguro Social (ISSS). Com essas mudan\u00e7as, os pacientes renais ficaram \u00e0 deriva, sem saber como continuar seus tratamentos.<\/p>\n<figure data-wp-context='{\"imageId\":\"69edb80a0687a\"}' data-wp-interactive=\"core\/image\" data-wp-key=\"69edb80a0687a\"><button type=\"button\" aria-haspopup=\"dialog\" aria-label=\"Ampliar\" data-wp-init=\"callbacks.initTriggerButton\" data-wp-on--click=\"actions.showLightbox\" data-wp-style--right=\"state.imageButtonRight\" data-wp-style--top=\"state.imageButtonTop\"><br \/>\n\t\t\t<svg xmlns=\"http:\/\/www.w3.org\/2000\/svg\" width=\"12\" height=\"12\" fill=\"none\" viewbox=\"0 0 12 12\">\n\t\t\t\t<path fill=\"#fff\" d=\"M2 0a2 2 0 0 0-2 2v2h1.5V2a.5.5 0 0 1 .5-.5h2V0H2Zm2 10.5H2a.5.5 0 0 1-.5-.5V8H0v2a2 2 0 0 0 2 2h2v-1.5ZM8 12v-1.5h2a.5.5 0 0 0 .5-.5V8H12v2a2 2 0 0 1-2 2H8Zm2-12a2 2 0 0 1 2 2v2h-1.5V2a.5.5 0 0 0-.5-.5H8V0h2Z\"><\/path>\n\t\t\t<\/svg><br \/>\n\t\t<\/button><\/figure>\n<h2><strong>Seguridade social com menos especialistas<\/strong><\/h2>\n<p>No dia 17 de dezembro de 2025, o secret\u00e1rio do Sindicato de M\u00e9dicos do Instituto Salvadorenho do Seguro Social (Simetrisss), Rafael Aguirre, denunciou a elimina\u00e7\u00e3o de aproximadamente 672 postos de trabalho nessa rede hospitalar de cobertura nacional.<\/p>\n<p>Ele afirmou que foram demitidos pediatras, cl\u00ednicos gerais, m\u00e9dicos de fam\u00edlia e profissionais de enfermagem que trabalham no edif\u00edcio central e em tr\u00eas policl\u00ednicas da capital, que atendem aproximadamente cinco mil usu\u00e1rios.<\/p>\n<p>\u201cDezembro terminou com uma onda de demiss\u00f5es em diversas unidades m\u00e9dicas e hospitalares do pa\u00eds, na rede da seguridade social (\u2026) Essas medidas representam uma amea\u00e7a direta ao direito \u00e0 sa\u00fade da popula\u00e7\u00e3o salvadorenha\u201d, afirmou Aguirre ao Expediente P\u00fablico.<\/p>\n<p><span>Em El Salvador, h\u00e1 2,1 milh\u00f5es de benefici\u00e1rios afiliados \u00e0 Seguridade Social, que \u00e9 o \u00fanico sistema no pa\u00eds que oferece atendimento m\u00e9dico-hospitalar subsidiado para doen\u00e7as cr\u00f4nicas.<\/span><\/p>\n<p>Al\u00e9m disso, o ISSS desmantelou a Unidade de Pens\u00f5es que atendia 185 mil aposentados. Desde 5 de janeiro de 2026, eles passaram a ser cobertos pelo novo Instituto Salvadorenho de Pens\u00f5es, uma entidade governamental n\u00e3o vinculada \u00e0 estrutura administrativa da Seguridade Social.<\/p>\n<p>A mudan\u00e7a causou insatisfa\u00e7\u00e3o entre usu\u00e1rios. \u201cA confus\u00e3o \u00e9 muito grande, porque n\u00e3o h\u00e1 informa\u00e7\u00e3o sobre o local onde devemos apresentar as provas de vida que garantem o pagamento de nossas pens\u00f5es\u201d, disse ao Expediente P\u00fablico Josefina Escal\u00f3n, uma nonagen\u00e1ria que precisa da ajuda de terceiros para realizar esse tr\u00e2mite a cada semestre para comprovar que segue viva e assim receber o pagamento.<\/p>\n<h2><strong>Quem desenvolveu o aplicativo DoctorSV?<\/strong><\/h2>\n<p>Bukele afirma que os m\u00e9dicos assistidos por IA, por meio do aplicativo DoctorSV, t\u00eam uma precis\u00e3o diagn\u00f3stica de 93%. Segundo ele, o sistema realizou dez mil consultas por dia nas duas primeiras semanas de teste. No entanto, n\u00e3o h\u00e1 provas documentais que comprovem esse c\u00e1lculo.<\/p>\n<p>O governo tamb\u00e9m afirma que a plataforma foi desenvolvida pelo Google. Mas a empresa de tecnologia n\u00e3o aparece como desenvolvedora do aplicativo. O cr\u00e9dito \u00e9 da marca \u201cDesarrollador HospitalES\u201d.<\/p>\n<p>No final de 2023, o governo de Bukele j\u00e1 havia colocado em funcionamento outro aplicativo chamado Doctor ISSS, tamb\u00e9m criado pela marca \u201cDesarrollador HospitalES\u201d, que oferecia atendimento por telefone aos benefici\u00e1rios. Agora, ele j\u00e1 est\u00e1 fora do mercado.<\/p>\n<p>Por outro lado, <span>o governo informou que os dados pessoais que os usu\u00e1rios do DoctorSV deixam na plataforma s\u00e3o armazenados nos servidores do Google Cloud.<\/span><\/p>\n<p>Em um encontro divulgado pela Secretaria de Comunica\u00e7\u00f5es da Presid\u00eancia h\u00e1 um m\u00eas, o representante do Google Cloud para a Am\u00e9rica Latina, o argentino Eduardo L\u00f3pez, elogiou o projeto de El Salvador, pois, segundo ele, melhorou a acessibilidade \u00e0 sa\u00fade.<\/p>\n<p>\u201cA equipe me contou tantas coisas sobre o sistema de sa\u00fade que vim conhec\u00ea-lo. Fiquei encantando com o que vi. (\u2026) Fiquei muito feliz por usarem nossa tecnologia\u201d, celebrou L\u00f3pez.<\/p>\n<p>O Google abriu opera\u00e7\u00f5es em El Salvador em abril de 2024 como parte de um acordo declarado como reservado. Isso ocorreu no \u00e2mbito da Lei Geral para a Moderniza\u00e7\u00e3o Digital do Estado, aprovada previamente pela Assembleia Legislativa.<\/p>\n<figure data-wp-context='{\"imageId\":\"69edb80a06e01\"}' data-wp-interactive=\"core\/image\" data-wp-key=\"69edb80a06e01\"><button type=\"button\" aria-haspopup=\"dialog\" aria-label=\"Ampliar\" data-wp-init=\"callbacks.initTriggerButton\" data-wp-on--click=\"actions.showLightbox\" data-wp-style--right=\"state.imageButtonRight\" data-wp-style--top=\"state.imageButtonTop\"><br \/>\n\t\t\t<svg xmlns=\"http:\/\/www.w3.org\/2000\/svg\" width=\"12\" height=\"12\" fill=\"none\" viewbox=\"0 0 12 12\">\n\t\t\t\t<path fill=\"#fff\" d=\"M2 0a2 2 0 0 0-2 2v2h1.5V2a.5.5 0 0 1 .5-.5h2V0H2Zm2 10.5H2a.5.5 0 0 1-.5-.5V8H0v2a2 2 0 0 0 2 2h2v-1.5ZM8 12v-1.5h2a.5.5 0 0 0 .5-.5V8H12v2a2 2 0 0 1-2 2H8Zm2-12a2 2 0 0 1 2 2v2h-1.5V2a.5.5 0 0 0-.5-.5H8V0h2Z\"><\/path>\n\t\t\t<\/svg><br \/>\n\t\t<\/button><\/figure>\n<p>O funcion\u00e1rio que dirige o projeto DoctorSV \u00e9 o m\u00e9dico intensivista Manuel Bello. Ele assegurou a meios de comunica\u00e7\u00e3o do governo que os usu\u00e1rios inicialmente s\u00e3o classificados e encaminhados a um m\u00e9dico, que prescreve os medicamentos.<\/p>\n<p>Segundo o governo, os pacientes podem retirar os medicamentos em uma rede de 350 farm\u00e1cias e utilizar 75 laborat\u00f3rios distribu\u00eddos em todo o pa\u00eds.<\/p>\n<h2><strong>De her\u00f3is a funcion\u00e1rios demitidos<\/strong><\/h2>\n<p>Na antev\u00e9spera de Natal, em 23 de dezembro de 2025, o Minist\u00e9rio da Sa\u00fade convocou 1.800 funcion\u00e1rios do Hospital Nacional Rosales para anunciar que seus contratos de trabalho haviam sido encerrados.<\/p>\n<p>M\u00e9dicos e enfermeiros, que foram chamados de her\u00f3is pelo presidente Nayib Bukele por seu papel no combate \u00e0 pandemia de Covid-19, ficaram sem trabalho.<\/p>\n<p>Os funcion\u00e1rios do hospital tiveram que escolher entre assinar uma carta de desligamento volunt\u00e1rio, caso quisessem o pagamento referente \u00e0 sua indeniza\u00e7\u00e3o e benef\u00edcios, que seria feito dentro de um ano, ou receber um valor imediato correspondente a menos de 50% de seus anos de servi\u00e7o.<\/p>\n<p>A Coordenadora Nacional de Direitos Humanos em Sa\u00fade (Conadesa), uma organiza\u00e7\u00e3o civil de trabalhadores do setor, advertiu, em comunicado oficial, que as demiss\u00f5es \u201creduzem a capacidade de atendimento nos centros de sa\u00fade, ao se traduzirem em menos consultas, leitos sem atendimento e atrasos que poderiam colocar em risco a vida dos pacientes\u201d.<\/p>\n<p>Al\u00e9m disso, a Coordenadora denunciou que os demitidos foram coagidos a aceitar qualquer uma das op\u00e7\u00f5es. \u201c(O governo) n\u00e3o garante o pagamento imediato nem integral de suas presta\u00e7\u00f5es e, em muitos casos, abre a porta para a perda de direitos trabalhistas adquiridos\u201d, afirmou.<\/p>\n<p>O Movimento de Trabalhadores Demitidos (MTD) denunciou que o chamado \u201crem\u00e9dio amargo\u201d, conceito cunhado por Bukele em seu discurso de posse em 2019, recaiu majoritariamente sobre o setor de sa\u00fade, que totaliza 7.772 pessoas demitidas ao longo de 2025, sob o t\u00edtulo de \u201csupress\u00e3o de postos de trabalho\u201d.<\/p>\n<figure data-wp-context='{\"imageId\":\"69edb80a07237\"}' data-wp-interactive=\"core\/image\" data-wp-key=\"69edb80a07237\"><button type=\"button\" aria-haspopup=\"dialog\" aria-label=\"Ampliar\" data-wp-init=\"callbacks.initTriggerButton\" data-wp-on--click=\"actions.showLightbox\" data-wp-style--right=\"state.imageButtonRight\" data-wp-style--top=\"state.imageButtonTop\"><br \/>\n\t\t\t<svg xmlns=\"http:\/\/www.w3.org\/2000\/svg\" width=\"12\" height=\"12\" fill=\"none\" viewbox=\"0 0 12 12\">\n\t\t\t\t<path fill=\"#fff\" d=\"M2 0a2 2 0 0 0-2 2v2h1.5V2a.5.5 0 0 1 .5-.5h2V0H2Zm2 10.5H2a.5.5 0 0 1-.5-.5V8H0v2a2 2 0 0 0 2 2h2v-1.5ZM8 12v-1.5h2a.5.5 0 0 0 .5-.5V8H12v2a2 2 0 0 1-2 2H8Zm2-12a2 2 0 0 1 2 2v2h-1.5V2a.5.5 0 0 0-.5-.5H8V0h2Z\"><\/path>\n\t\t\t<\/svg><br \/>\n\t\t<\/button><figcaption>Comunicado do Minist\u00e9rio da Sa\u00fade confirmando que o Hospital de Rosales n\u00e3o pertence mais ao Estado, mas a uma rede aut\u00f4noma<\/figcaption><\/figure>\n<h2><strong>Pacientes renais \u00e0 deriva<\/strong><\/h2>\n<p>O presidente do Col\u00e9gio M\u00e9dico salvadorenho, o infectologista Iv\u00e1n Solano, afirmou ao Expediente P\u00fablico que a situa\u00e7\u00e3o \u00e9 lament\u00e1vel, sobretudo para pacientes que sofrem de Doen\u00e7a Renal Cr\u00f4nica (DRC), que n\u00e3o t\u00eam informa\u00e7\u00e3o sobre onde continuar seu tratamento, j\u00e1 que muitos m\u00e9dicos que os atendiam deixaram seus cargos.<\/p>\n<p>\u201cComo o atendimento no novo Hospital Rosales vai melhorar, demitindo 1.500 profissionais de sa\u00fade, realocando 500 e deixando 200 no limbo? Estamos no caminho certo?\u201d, questionou Solano.<\/p>\n<p>\u201cOs pacientes com insufici\u00eancia renal s\u00e3o um exemplo vivo do que acontece quando se demite pessoal especializado\u201d, acrescentou.<\/p>\n<p>Em El Salvador h\u00e1 52.102 pacientes que sofrem de DRC, sendo que 1.609 fazem di\u00e1lise peritoneal e 1.773 hemodi\u00e1lise, segundo o ministro da Sa\u00fade, Francisco Alab\u00ed, em uma entrevista a uma emissora de r\u00e1dio em maio de 2025.<\/p>\n<p>A elimina\u00e7\u00e3o dos 1.800 postos de trabalho no hospital nacional da capital desperta duas rea\u00e7\u00f5es: usu\u00e1rios perguntam onde podem continuar seus tratamentos, enquanto outros celebram nas redes sociais, afirmando que os funcion\u00e1rios demitidos prestavam um servi\u00e7o ruim e que tudo vai melhorar com a proposta de Bukele.<\/p>\n<p>Para os desempregados, o cen\u00e1rio \u00e9 muito mais confuso depois que o Minist\u00e9rio da Sa\u00fade confirmou em suas redes oficiais que, desde agosto de 2025, o Hospital Rosales pertence a uma Rede Nacional de Hospitais com car\u00e1ter aut\u00f4nomo. Ou seja, agora n\u00e3o existe uma inst\u00e2ncia competente que indenize os profissionais demitidos.<\/p>\n<!-- Begin Yuzo --><div class='yuzo_related_post style-1'  data-version='5.12.89'><!-- without result --><div class='yuzo_clearfixed yuzo__title yuzo__title'><h3>Related Post<\/h3><\/div>\n\t\t\t\t\t\t  <div class=\"relatedthumb \" style=\"width:125px;float:left;overflow:hidden;\">  \n\t\t\t\t\t\t\t  \n\t\t\t\t\t\t\t  <a  href=\"https:\/\/redept.com.br\/blogosfera\/greve-geral-na-italia-em-defesa-do-povo-palestino\/\"  >\n\t\t\t\t\t\t\t\t\t  <div class=\"yuzo-img-wrap \" style=\"width: 125px;height:90px;\">\n\t\t\t\t\t\t\t\t\t\t\n\t\t\t\t\t\t\t\t\t\t<div class=\"yuzo-img\" style=\"background:url('https:\/\/redept.com.br\/blogosfera\/wp-content\/uploads\/2025\/09\/afp-20250922-76d84rn-v1-midres-italypalestinianisraelconflictdemo-150x150.jpg') 50% 50% no-repeat;width: 125px;height:90px;margin-bottom: 5px;background-size: cover; \"><\/div>\n\t\t\t\t\t\t\t\t\t  <\/div>\n\t\t\t\t\t\t\t\t\t  \n\t\t\t\t\t\t\t\t   <span class=\"yuzo__text--title\" style=\"font-size:13px;\">Greve geral na It\u00e1lia em defesa do povo palestino<\/span>\n\t\t\t\t\t\t\t  \n\t\t\t\t\t\t\t  \n\t\t\t\t\t\t\t  <\/a>\n\n\t\t\t\t\t\t  <\/div>\n\t\t\t\t\t\t  <div class=\"relatedthumb \" style=\"width:125px;float:left;overflow:hidden;\">  \n\t\t\t\t\t\t\t  \n\t\t\t\t\t\t\t  <a  href=\"https:\/\/redept.com.br\/blogosfera\/veja-o-jornal-tvt-news-primeira-edicao-28-04-2025\/\"  >\n\t\t\t\t\t\t\t\t\t  <div class=\"yuzo-img-wrap \" style=\"width: 125px;height:90px;\">\n\t\t\t\t\t\t\t\t\t\t\n\t\t\t\t\t\t\t\t\t\t<div class=\"yuzo-img\" style=\"background:url('https:\/\/redept.com.br\/blogosfera\/wp-content\/uploads\/2025\/04\/jornal_tvt_news-7-150x150.jpeg') 50% 50% no-repeat;width: 125px;height:90px;margin-bottom: 5px;background-size: cover; \"><\/div>\n\t\t\t\t\t\t\t\t\t  <\/div>\n\t\t\t\t\t\t\t\t\t  \n\t\t\t\t\t\t\t\t   <span class=\"yuzo__text--title\" style=\"font-size:13px;\">Veja o Jornal TVT News Primeira Edi\u00e7\u00e3o | 28-04-202...<\/span>\n\t\t\t\t\t\t\t  \n\t\t\t\t\t\t\t  \n\t\t\t\t\t\t\t  <\/a>\n\n\t\t\t\t\t\t  <\/div>\n\t\t\t\t\t\t  <div class=\"relatedthumb \" style=\"width:125px;float:left;overflow:hidden;\">  \n\t\t\t\t\t\t\t  \n\t\t\t\t\t\t\t  <a  href=\"https:\/\/redept.com.br\/blogosfera\/comando-nacional-dos-bancarios-debate-pautas-da-marcha-da-classe-trabalhadora\/\"  >\n\t\t\t\t\t\t\t\t\t  <div class=\"yuzo-img-wrap \" style=\"width: 125px;height:90px;\">\n\t\t\t\t\t\t\t\t\t\t\n\t\t\t\t\t\t\t\t\t\t<div class=\"yuzo-img\" style=\"background:url('https:\/\/redept.org\/blogosfera\/wp-content\/plugins\/yuzo-related-post\/assets\/images\/default.png') 50% 50% no-repeat;width: 125px;height:90px;margin-bottom: 5px;background-size: cover; \"><\/div>\n\t\t\t\t\t\t\t\t\t  <\/div>\n\t\t\t\t\t\t\t\t\t  \n\t\t\t\t\t\t\t\t   <span class=\"yuzo__text--title\" style=\"font-size:13px;\">Comando Nacional dos Banc\u00e1rios debate pautas da Ma...<\/span>\n\t\t\t\t\t\t\t  \n\t\t\t\t\t\t\t  \n\t\t\t\t\t\t\t  <\/a>\n\n\t\t\t\t\t\t  <\/div>\n\t\t\t\t\t\t  <div class=\"relatedthumb \" style=\"width:125px;float:left;overflow:hidden;\">  \n\t\t\t\t\t\t\t  \n\t\t\t\t\t\t\t  <a  href=\"https:\/\/redept.com.br\/blogosfera\/luta-dos-estudantes-da-ufpb-conquista-a-reducao-do-ru-mais-caro-do-brasil\/\"  >\n\t\t\t\t\t\t\t\t\t  <div class=\"yuzo-img-wrap \" style=\"width: 125px;height:90px;\">\n\t\t\t\t\t\t\t\t\t\t\n\t\t\t\t\t\t\t\t\t\t<div class=\"yuzo-img\" style=\"background:url('https:\/\/redept.com.br\/blogosfera\/wp-content\/uploads\/2026\/02\/luta-PB-150x150.jpeg') 50% 50% no-repeat;width: 125px;height:90px;margin-bottom: 5px;background-size: cover; \"><\/div>\n\t\t\t\t\t\t\t\t\t  <\/div>\n\t\t\t\t\t\t\t\t\t  \n\t\t\t\t\t\t\t\t   <span class=\"yuzo__text--title\" style=\"font-size:13px;\">Luta dos estudantes da UFPB conquista a redu\u00e7\u00e3o do...<\/span>\n\t\t\t\t\t\t\t  \n\t\t\t\t\t\t\t  \n\t\t\t\t\t\t\t  <\/a>\n\n\t\t\t\t\t\t  <\/div>\n<\/div> <script>\n\t\t\t\t\t\t  jQuery(document).ready(function( $ ){\n\t\t\t\t\t\t\t\/\/jQuery('.yuzo_related_post').equalizer({ overflow : 'relatedthumb' });\n\t\t\t\t\t\t\tjQuery('.yuzo_related_post .yuzo_wraps').equalizer({ columns : '> div' });\n\t\t\t\t\t\t   })\n\t\t\t\t\t\t  <\/script> <!-- End Yuzo :) -->","protected":false},"excerpt":{"rendered":"<p>Governo de Bukele promove aplicativo com IA para reduzir sobrecarga hospitalar e pacientes renais ficaram \u00e0 deriva<\/p>\n","protected":false},"author":2,"featured_media":0,"comment_status":"open","ping_status":"closed","sticky":false,"template":"","format":"standard","meta":{"fifu_image_url":"","fifu_image_alt":"","footnotes":""},"categories":[1077,1228,132,5557,753],"tags":[],"class_list":["post-84792","post","type-post","status-publish","format-standard","hentry","category-el-salvador","category-inteligencia-artificial","category-politica","category-portugues","category-saude-publica"],"_links":{"self":[{"href":"https:\/\/redept.com.br\/blogosfera\/wp-json\/wp\/v2\/posts\/84792","targetHints":{"allow":["GET"]}}],"collection":[{"href":"https:\/\/redept.com.br\/blogosfera\/wp-json\/wp\/v2\/posts"}],"about":[{"href":"https:\/\/redept.com.br\/blogosfera\/wp-json\/wp\/v2\/types\/post"}],"author":[{"embeddable":true,"href":"https:\/\/redept.com.br\/blogosfera\/wp-json\/wp\/v2\/users\/2"}],"replies":[{"embeddable":true,"href":"https:\/\/redept.com.br\/blogosfera\/wp-json\/wp\/v2\/comments?post=84792"}],"version-history":[{"count":0,"href":"https:\/\/redept.com.br\/blogosfera\/wp-json\/wp\/v2\/posts\/84792\/revisions"}],"wp:attachment":[{"href":"https:\/\/redept.com.br\/blogosfera\/wp-json\/wp\/v2\/media?parent=84792"}],"wp:term":[{"taxonomy":"category","embeddable":true,"href":"https:\/\/redept.com.br\/blogosfera\/wp-json\/wp\/v2\/categories?post=84792"},{"taxonomy":"post_tag","embeddable":true,"href":"https:\/\/redept.com.br\/blogosfera\/wp-json\/wp\/v2\/tags?post=84792"}],"curies":[{"name":"wp","href":"https:\/\/api.w.org\/{rel}","templated":true}]}}