{"id":84793,"date":"2026-04-26T06:00:00","date_gmt":"2026-04-26T09:00:00","guid":{"rendered":"https:\/\/redept.com.br\/blogosfera\/conheca-o-cine-sapatao-iniciativa-que-promove-cinema-lgbt-e-palestino\/"},"modified":"2026-04-26T06:00:00","modified_gmt":"2026-04-26T09:00:00","slug":"conheca-o-cine-sapatao-iniciativa-que-promove-cinema-lgbt-e-palestino","status":"publish","type":"post","link":"https:\/\/redept.com.br\/blogosfera\/conheca-o-cine-sapatao-iniciativa-que-promove-cinema-lgbt-e-palestino\/","title":{"rendered":"Conhe\u00e7a o \u2018Cine Sapat\u00e3o\u2019, iniciativa que promove cinema LGBT+ e palestino"},"content":{"rendered":"<p>O Cine Sapat\u00e3o surgiu no final de 2017 como uma iniciativa que divulga produ\u00e7\u00f5es audiovisuais feitas por cineastas l\u00e9sbicas. O projeto tamb\u00e9m busca dar visibilidade a autoras que tratam dessa tem\u00e1tica no Sul Global, inclusive na Palestina. Ao BdF Entrevista, a cineasta Nayla Guerra, organizadora do Cine Sapat\u00e3o, conta que, no in\u00edcio, ele funcionava como [\u2026]<\/p>\n<p><a href=\"https:\/\/www.brasildefato.com.br\/podcast\/brasil-de-fato-entrevista\/2026\/04\/26\/conheca-o-cine-sapatao-iniciativa-que-promove-cinema-lgbt-e-palestino\/\" rel=\"nofollow\">Fonte<\/a><\/p>\n<!-- Begin Yuzo --><div class='yuzo_related_post style-1'  data-version='5.12.89'><!-- without result --><div class='yuzo_clearfixed yuzo__title yuzo__title'><h3>Related Post<\/h3><\/div>\n\t\t\t\t\t\t  <div class=\"relatedthumb \" style=\"width:125px;float:left;overflow:hidden;\">  \n\t\t\t\t\t\t\t  \n\t\t\t\t\t\t\t  <a  href=\"https:\/\/redept.com.br\/blogosfera\/nova-escola-brasileira-a-luta-contra-as-privatizacoes-e-a-militarizacao\/\"  >\n\t\t\t\t\t\t\t\t\t  <div class=\"yuzo-img-wrap \" style=\"width: 125px;height:90px;\">\n\t\t\t\t\t\t\t\t\t\t\n\t\t\t\t\t\t\t\t\t\t<div class=\"yuzo-img\" style=\"background:url('https:\/\/redept.com.br\/blogosfera\/wp-content\/uploads\/2026\/02\/protesto-150x150.jpg') 50% 50% no-repeat;width: 125px;height:90px;margin-bottom: 5px;background-size: cover; \"><\/div>\n\t\t\t\t\t\t\t\t\t  <\/div>\n\t\t\t\t\t\t\t\t\t  \n\t\t\t\t\t\t\t\t   <span class=\"yuzo__text--title\" style=\"font-size:13px;\">Nova escola brasileira: a luta contra as privatiza...<\/span>\n\t\t\t\t\t\t\t  \n\t\t\t\t\t\t\t  \n\t\t\t\t\t\t\t  <\/a>\n\n\t\t\t\t\t\t  <\/div>\n\t\t\t\t\t\t  <div class=\"relatedthumb \" style=\"width:125px;float:left;overflow:hidden;\">  \n\t\t\t\t\t\t\t  \n\t\t\t\t\t\t\t  <a  href=\"https:\/\/sul21.com.br\/geral-1\/2025\/09\/comunidade-de-canela-traduz-constituicao-para-a-lingua-kaingang\/\"  >\n\t\t\t\t\t\t\t\t\t  <div class=\"yuzo-img-wrap \" style=\"width: 125px;height:90px;\">\n\t\t\t\t\t\t\t\t\t\t\n\t\t\t\t\t\t\t\t\t\t<div class=\"yuzo-img\" style=\"background:url('https:\/\/redept.org\/blogosfera\/wp-content\/plugins\/yuzo-related-post\/assets\/images\/default.png') 50% 50% no-repeat;width: 125px;height:90px;margin-bottom: 5px;background-size: cover; \"><\/div>\n\t\t\t\t\t\t\t\t\t  <\/div>\n\t\t\t\t\t\t\t\t\t  \n\t\t\t\t\t\t\t\t   <span class=\"yuzo__text--title\" style=\"font-size:13px;\">Comunidade de Canela traduz Constitui\u00e7\u00e3o para a l\u00ed...<\/span>\n\t\t\t\t\t\t\t  \n\t\t\t\t\t\t\t  \n\t\t\t\t\t\t\t  <\/a>\n\n\t\t\t\t\t\t  <\/div>\n\t\t\t\t\t\t  <div class=\"relatedthumb \" style=\"width:125px;float:left;overflow:hidden;\">  \n\t\t\t\t\t\t\t  \n\t\t\t\t\t\t\t  <a  href=\"https:\/\/redept.com.br\/blogosfera\/onu-israel-pode-matar-14-mil-bebes-em-48-horas-em-gaza-por-falta-de-alimento\/\"  >\n\t\t\t\t\t\t\t\t\t  <div class=\"yuzo-img-wrap \" style=\"width: 125px;height:90px;\">\n\t\t\t\t\t\t\t\t\t\t\n\t\t\t\t\t\t\t\t\t\t<div class=\"yuzo-img\" style=\"background:url('https:\/\/redept.org\/blogosfera\/wp-content\/plugins\/yuzo-related-post\/assets\/images\/default.png') 50% 50% no-repeat;width: 125px;height:90px;margin-bottom: 5px;background-size: cover; \"><\/div>\n\t\t\t\t\t\t\t\t\t  <\/div>\n\t\t\t\t\t\t\t\t\t  \n\t\t\t\t\t\t\t\t   <span class=\"yuzo__text--title\" style=\"font-size:13px;\">ONU: Israel pode matar 14 mil beb\u00eas em 48 horas em...<\/span>\n\t\t\t\t\t\t\t  \n\t\t\t\t\t\t\t  \n\t\t\t\t\t\t\t  <\/a>\n\n\t\t\t\t\t\t  <\/div>\n\t\t\t\t\t\t  <div class=\"relatedthumb \" style=\"width:125px;float:left;overflow:hidden;\">  \n\t\t\t\t\t\t\t  \n\t\t\t\t\t\t\t  <a  href=\"https:\/\/redept.com.br\/blogosfera\/equador-sob-suspeita\/\"  >\n\t\t\t\t\t\t\t\t\t  <div class=\"yuzo-img-wrap \" style=\"width: 125px;height:90px;\">\n\t\t\t\t\t\t\t\t\t\t\n\t\t\t\t\t\t\t\t\t\t<div class=\"yuzo-img\" style=\"background:url('https:\/\/redept.com.br\/blogosfera\/wp-content\/uploads\/2025\/04\/equador-150x150.webp') 50% 50% no-repeat;width: 125px;height:90px;margin-bottom: 5px;background-size: cover; \"><\/div>\n\t\t\t\t\t\t\t\t\t  <\/div>\n\t\t\t\t\t\t\t\t\t  \n\t\t\t\t\t\t\t\t   <span class=\"yuzo__text--title\" style=\"font-size:13px;\">Equador sob suspeita<\/span>\n\t\t\t\t\t\t\t  \n\t\t\t\t\t\t\t  \n\t\t\t\t\t\t\t  <\/a>\n\n\t\t\t\t\t\t  <\/div>\n<\/div> <script>\n\t\t\t\t\t\t  jQuery(document).ready(function( $ ){\n\t\t\t\t\t\t\t\/\/jQuery('.yuzo_related_post').equalizer({ overflow : 'relatedthumb' });\n\t\t\t\t\t\t\tjQuery('.yuzo_related_post .yuzo_wraps').equalizer({ columns : '> div' });\n\t\t\t\t\t\t   })\n\t\t\t\t\t\t  <\/script> <!-- End Yuzo :) -->","protected":false},"excerpt":{"rendered":"<p>O Cine Sapat\u00e3o surgiu no final de 2017 como uma iniciativa que divulga produ\u00e7\u00f5es audiovisuais feitas por cineastas l\u00e9sbicas. O projeto tamb\u00e9m busca dar visibilidade a autoras que tratam dessa tem\u00e1tica no Sul Global, inclusive na Palestina. Ao BdF Entrevista, a cineasta Nayla Guerra, organizadora do Cine Sapat\u00e3o, conta que, no in\u00edcio, ele funcionava como [&hellip;]<\/p>\n","protected":false},"author":2,"featured_media":0,"comment_status":"open","ping_status":"closed","sticky":false,"template":"","format":"standard","meta":{"fifu_image_url":"","fifu_image_alt":"","footnotes":""},"categories":[51332,39484,6773,51333,51334,40505,51335,19943,51336,51337,4077,47104,79,47296,32554,25195,8501,51338,51339,51340,51341,1666,6510,45597,51342,22788,4704,5423,4055,1482],"tags":[],"class_list":["post-84793","post","type-post","status-publish","format-standard","hentry","category-artigos-academicos","category-bdf-entrevista","category-brasil-de-fato","category-cine-sapatao","category-cineastas-lesbicas","category-cineclube","category-cinema-canadense","category-cinema-independente","category-cinema-lesbico","category-cinema-lgbt","category-cinema-palestino","category-coletivo-cultural","category-colonialismo","category-curadoria","category-curta-metragem","category-diaspora-palestina","category-diversidade-sexual","category-eu-nunca-te-prometi-um-jardim-de-jasmine","category-ferro-bar","category-filme-palestino","category-iniciativa-cultural","category-memoria","category-nayla-guerra","category-oficinas","category-pinkwashing","category-producao-audiovisual","category-radio-brasil-de-fato","category-representatividade","category-resistencia-cultural","category-sul-global"],"_links":{"self":[{"href":"https:\/\/redept.com.br\/blogosfera\/wp-json\/wp\/v2\/posts\/84793","targetHints":{"allow":["GET"]}}],"collection":[{"href":"https:\/\/redept.com.br\/blogosfera\/wp-json\/wp\/v2\/posts"}],"about":[{"href":"https:\/\/redept.com.br\/blogosfera\/wp-json\/wp\/v2\/types\/post"}],"author":[{"embeddable":true,"href":"https:\/\/redept.com.br\/blogosfera\/wp-json\/wp\/v2\/users\/2"}],"replies":[{"embeddable":true,"href":"https:\/\/redept.com.br\/blogosfera\/wp-json\/wp\/v2\/comments?post=84793"}],"version-history":[{"count":0,"href":"https:\/\/redept.com.br\/blogosfera\/wp-json\/wp\/v2\/posts\/84793\/revisions"}],"wp:attachment":[{"href":"https:\/\/redept.com.br\/blogosfera\/wp-json\/wp\/v2\/media?parent=84793"}],"wp:term":[{"taxonomy":"category","embeddable":true,"href":"https:\/\/redept.com.br\/blogosfera\/wp-json\/wp\/v2\/categories?post=84793"},{"taxonomy":"post_tag","embeddable":true,"href":"https:\/\/redept.com.br\/blogosfera\/wp-json\/wp\/v2\/tags?post=84793"}],"curies":[{"name":"wp","href":"https:\/\/api.w.org\/{rel}","templated":true}]}}