{"id":84809,"date":"2026-04-26T13:18:02","date_gmt":"2026-04-26T16:18:02","guid":{"rendered":"https:\/\/redept.com.br\/blogosfera\/fatah-do-partido-da-autoridade-palestina-domina-eleicoes-locais-na-cisjordania-e-em-deir-el-balah-em-gaza\/"},"modified":"2026-04-26T13:18:02","modified_gmt":"2026-04-26T16:18:02","slug":"fatah-do-partido-da-autoridade-palestina-domina-eleicoes-locais-na-cisjordania-e-em-deir-el-balah-em-gaza","status":"publish","type":"post","link":"https:\/\/redept.com.br\/blogosfera\/fatah-do-partido-da-autoridade-palestina-domina-eleicoes-locais-na-cisjordania-e-em-deir-el-balah-em-gaza\/","title":{"rendered":"Fatah, do partido da Autoridade Palestina, domina elei\u00e7\u00f5es locais na Cisjord\u00e2nia e em Deir el-Balah, em Gaza"},"content":{"rendered":"<p>Com baixa participa\u00e7\u00e3o popular, o pleito marca o retorno das urnas \u00e0 Faixa de Gaza ap\u00f3s duas d\u00e9cadas e refor\u00e7a o controle do movimento ligado \u00e0 Autoridade Palestina em meio a desafios de unidade e legitimidade<\/p>\n<p>O post Fatah, do partido da Autoridade Palestina, domina elei\u00e7\u00f5es locais na Cisjord\u00e2nia e em Deir el-Balah, em Gaza apareceu primeiro em Urbs Magna.<\/p>\n<!-- Begin Yuzo --><div class='yuzo_related_post style-1'  data-version='5.12.89'><!-- without result --><div class='yuzo_clearfixed yuzo__title yuzo__title'><h3>Related Post<\/h3><\/div>\n\t\t\t\t\t\t  <div class=\"relatedthumb \" style=\"width:125px;float:left;overflow:hidden;\">  \n\t\t\t\t\t\t\t  \n\t\t\t\t\t\t\t  <a  href=\"https:\/\/redept.com.br\/blogosfera\/maioria-dos-brasileiros-segue-contra-privatizacao-da-petrobras\/\"  >\n\t\t\t\t\t\t\t\t\t  <div class=\"yuzo-img-wrap \" style=\"width: 125px;height:90px;\">\n\t\t\t\t\t\t\t\t\t\t\n\t\t\t\t\t\t\t\t\t\t<div class=\"yuzo-img\" style=\"background:url('https:\/\/redept.com.br\/blogosfera\/wp-content\/uploads\/2025\/01\/copia-de-ASSAI-7-150x150.png') 50% 50% no-repeat;width: 125px;height:90px;margin-bottom: 5px;background-size: cover; \"><\/div>\n\t\t\t\t\t\t\t\t\t  <\/div>\n\t\t\t\t\t\t\t\t\t  \n\t\t\t\t\t\t\t\t   <span class=\"yuzo__text--title\" style=\"font-size:13px;\">Maioria dos brasileiros segue contra privatiza\u00e7\u00e3o ...<\/span>\n\t\t\t\t\t\t\t  \n\t\t\t\t\t\t\t  \n\t\t\t\t\t\t\t  <\/a>\n\n\t\t\t\t\t\t  <\/div>\n\t\t\t\t\t\t  <div class=\"relatedthumb \" style=\"width:125px;float:left;overflow:hidden;\">  \n\t\t\t\t\t\t\t  \n\t\t\t\t\t\t\t  <a  href=\"https:\/\/redept.com.br\/blogosfera\/integra-das-notas-enviadas-pela-nestle-4c-e-starbucks-sobre-denuncia-de-violacoes-trabalhistas-no-setor-cafeeiro-do-mexico\/\"  >\n\t\t\t\t\t\t\t\t\t  <div class=\"yuzo-img-wrap \" style=\"width: 125px;height:90px;\">\n\t\t\t\t\t\t\t\t\t\t\n\t\t\t\t\t\t\t\t\t\t<div class=\"yuzo-img\" style=\"background:url('https:\/\/redept.org\/blogosfera\/wp-content\/plugins\/yuzo-related-post\/assets\/images\/default.png') 50% 50% no-repeat;width: 125px;height:90px;margin-bottom: 5px;background-size: cover; \"><\/div>\n\t\t\t\t\t\t\t\t\t  <\/div>\n\t\t\t\t\t\t\t\t\t  \n\t\t\t\t\t\t\t\t   <span class=\"yuzo__text--title\" style=\"font-size:13px;\">\u00cdntegra das notas enviadas pela Nestl\u00e9, 4C e Starb...<\/span>\n\t\t\t\t\t\t\t  \n\t\t\t\t\t\t\t  \n\t\t\t\t\t\t\t  <\/a>\n\n\t\t\t\t\t\t  <\/div>\n\t\t\t\t\t\t  <div class=\"relatedthumb \" style=\"width:125px;float:left;overflow:hidden;\">  \n\t\t\t\t\t\t\t  \n\t\t\t\t\t\t\t  <a  href=\"https:\/\/redept.com.br\/blogosfera\/reducao-da-jornada-e-fim-da-escala-6x1-serao-debatidos-em-evento-das-centrais-sindicais-em-porto-alegre\/\"  >\n\t\t\t\t\t\t\t\t\t  <div class=\"yuzo-img-wrap \" style=\"width: 125px;height:90px;\">\n\t\t\t\t\t\t\t\t\t\t\n\t\t\t\t\t\t\t\t\t\t<div class=\"yuzo-img\" style=\"background:url('https:\/\/redept.com.br\/blogosfera\/wp-content\/uploads\/2025\/08\/image-2-150x150.png') 50% 50% no-repeat;width: 125px;height:90px;margin-bottom: 5px;background-size: cover; \"><\/div>\n\t\t\t\t\t\t\t\t\t  <\/div>\n\t\t\t\t\t\t\t\t\t  \n\t\t\t\t\t\t\t\t   <span class=\"yuzo__text--title\" style=\"font-size:13px;\">Redu\u00e7\u00e3o da jornada e fim da escala 6\u00d71 ser\u00e3o debat...<\/span>\n\t\t\t\t\t\t\t  \n\t\t\t\t\t\t\t  \n\t\t\t\t\t\t\t  <\/a>\n\n\t\t\t\t\t\t  <\/div>\n\t\t\t\t\t\t  <div class=\"relatedthumb \" style=\"width:125px;float:left;overflow:hidden;\">  \n\t\t\t\t\t\t\t  \n\t\t\t\t\t\t\t  <a  href=\"https:\/\/redept.com.br\/blogosfera\/brasil-divulga-prioridades-do-brics-para-2025-desdolarizacao-segue-na-pauta-pesem-ameacas-dos-eua\/\"  >\n\t\t\t\t\t\t\t\t\t  <div class=\"yuzo-img-wrap \" style=\"width: 125px;height:90px;\">\n\t\t\t\t\t\t\t\t\t\t\n\t\t\t\t\t\t\t\t\t\t<div class=\"yuzo-img\" style=\"background:url('https:\/\/redept.org\/blogosfera\/wp-content\/plugins\/yuzo-related-post\/assets\/images\/default.png') 50% 50% no-repeat;width: 125px;height:90px;margin-bottom: 5px;background-size: cover; \"><\/div>\n\t\t\t\t\t\t\t\t\t  <\/div>\n\t\t\t\t\t\t\t\t\t  \n\t\t\t\t\t\t\t\t   <span class=\"yuzo__text--title\" style=\"font-size:13px;\">Brasil divulga prioridades do BRICS para 2025; des...<\/span>\n\t\t\t\t\t\t\t  \n\t\t\t\t\t\t\t  \n\t\t\t\t\t\t\t  <\/a>\n\n\t\t\t\t\t\t  <\/div>\n<\/div> <script>\n\t\t\t\t\t\t  jQuery(document).ready(function( $ ){\n\t\t\t\t\t\t\t\/\/jQuery('.yuzo_related_post').equalizer({ overflow : 'relatedthumb' });\n\t\t\t\t\t\t\tjQuery('.yuzo_related_post .yuzo_wraps').equalizer({ columns : '> div' });\n\t\t\t\t\t\t   })\n\t\t\t\t\t\t  <\/script> <!-- End Yuzo :) -->","protected":false},"excerpt":{"rendered":"<p>Com baixa participa\u00e7\u00e3o popular, o pleito marca o retorno das urnas \u00e0 Faixa de Gaza ap\u00f3s duas d\u00e9cadas e refor\u00e7a o controle do movimento ligado \u00e0 Autoridade Palestina em meio a desafios de unidade e legitimidade<\/p>\n<p>O post <a rel=\"nofollow\" href=\"https:\/\/urbsmagna.com\/fatah-domina-eleicoes-locais-cisjordania-deir-el-balah-gaza-2026\/\">Fatah, do partido da Autoridade Palestina, domina elei\u00e7\u00f5es locais na Cisjord\u00e2nia e em Deir el-Balah, em Gaza<\/a> apareceu primeiro em <a rel=\"nofollow\" href=\"https:\/\/urbsmagna.com\/\">Urbs Magna<\/a>.<\/p>\n","protected":false},"author":2,"featured_media":0,"comment_status":"open","ping_status":"closed","sticky":false,"template":"","format":"standard","meta":{"fifu_image_url":"","fifu_image_alt":"","footnotes":""},"categories":[51402,51403,51404,536,51405,696,51406,51407,51408,51409,50,51410,191,238,54,132,5471,51411],"tags":[],"class_list":["post-84809","post","type-post","status-publish","format-standard","hentry","category-autoridade-palestina-eleicoes","category-baixa-participacao-gaza","category-cisjordania-gaza-unidade","category-democracia","category-democracia-palestina","category-eleicoes","category-eleicoes-deir-el-balah-gaza","category-eleicoes-locais-palestinas-2026","category-fatah-vence-cisjordania","category-hamas-ausencia-eleicoes","category-internacional","category-mahmoud-abbas-fatah","category-noticias","category-oriente-medio","category-palestina","category-politica","category-politica-nacional","category-ramallah-eleicoes-municipais"],"_links":{"self":[{"href":"https:\/\/redept.com.br\/blogosfera\/wp-json\/wp\/v2\/posts\/84809","targetHints":{"allow":["GET"]}}],"collection":[{"href":"https:\/\/redept.com.br\/blogosfera\/wp-json\/wp\/v2\/posts"}],"about":[{"href":"https:\/\/redept.com.br\/blogosfera\/wp-json\/wp\/v2\/types\/post"}],"author":[{"embeddable":true,"href":"https:\/\/redept.com.br\/blogosfera\/wp-json\/wp\/v2\/users\/2"}],"replies":[{"embeddable":true,"href":"https:\/\/redept.com.br\/blogosfera\/wp-json\/wp\/v2\/comments?post=84809"}],"version-history":[{"count":0,"href":"https:\/\/redept.com.br\/blogosfera\/wp-json\/wp\/v2\/posts\/84809\/revisions"}],"wp:attachment":[{"href":"https:\/\/redept.com.br\/blogosfera\/wp-json\/wp\/v2\/media?parent=84809"}],"wp:term":[{"taxonomy":"category","embeddable":true,"href":"https:\/\/redept.com.br\/blogosfera\/wp-json\/wp\/v2\/categories?post=84809"},{"taxonomy":"post_tag","embeddable":true,"href":"https:\/\/redept.com.br\/blogosfera\/wp-json\/wp\/v2\/tags?post=84809"}],"curies":[{"name":"wp","href":"https:\/\/api.w.org\/{rel}","templated":true}]}}