{"id":84810,"date":"2026-04-26T13:26:36","date_gmt":"2026-04-26T16:26:36","guid":{"rendered":"https:\/\/redept.com.br\/blogosfera\/multipar-da-familia-vorcaro-movimentou-r-1-bi-em-contas-no-banco-master-revela-jornal\/"},"modified":"2026-04-26T13:26:36","modified_gmt":"2026-04-26T16:26:36","slug":"multipar-da-familia-vorcaro-movimentou-r-1-bi-em-contas-no-banco-master-revela-jornal","status":"publish","type":"post","link":"https:\/\/redept.com.br\/blogosfera\/multipar-da-familia-vorcaro-movimentou-r-1-bi-em-contas-no-banco-master-revela-jornal\/","title":{"rendered":"Multipar, da fam\u00edlia Vorcaro, movimentou R$ 1 bi em contas no Banco Master, revela jornal"},"content":{"rendered":"<p>Levantamento feito pelo jornal Folha de S. Paulo, a partir de relat\u00f3rios do Conselho de Controle de Atividades Financeiras (Coaf), aponta que a Multipar, empresa do ramo imobili\u00e1rio da fam\u00edlia Vorcaro, movimentou mais de R$ 1 bilh\u00e3o em cinco anos apenas em contas ligadas ao dono do Banco Master.\u00a0 Entre 2020 e 2025, a Multipar [\u2026]<\/p>\n<p><a href=\"https:\/\/www.brasildefato.com.br\/2026\/04\/26\/multipar-da-familia-vorcaro-movimentou-r-1-bi-em-contas-no-banco-master-revela-jornal\/\" rel=\"nofollow\">Fonte<\/a><\/p>\n<!-- Begin Yuzo --><div class='yuzo_related_post style-1'  data-version='5.12.89'><!-- without result --><div class='yuzo_clearfixed yuzo__title yuzo__title'><h3>Related Post<\/h3><\/div>\n\t\t\t\t\t\t  <div class=\"relatedthumb \" style=\"width:125px;float:left;overflow:hidden;\">  \n\t\t\t\t\t\t\t  \n\t\t\t\t\t\t\t  <a  href=\"https:\/\/redept.com.br\/blogosfera\/venezuela-liberta-seis-prisioneiros-apos-visita-de-enviado-dos-estados-unidos\/\"  >\n\t\t\t\t\t\t\t\t\t  <div class=\"yuzo-img-wrap \" style=\"width: 125px;height:90px;\">\n\t\t\t\t\t\t\t\t\t\t\n\t\t\t\t\t\t\t\t\t\t<div class=\"yuzo-img\" style=\"background:url('https:\/\/redept.org\/blogosfera\/wp-content\/plugins\/yuzo-related-post\/assets\/images\/default.png') 50% 50% no-repeat;width: 125px;height:90px;margin-bottom: 5px;background-size: cover; \"><\/div>\n\t\t\t\t\t\t\t\t\t  <\/div>\n\t\t\t\t\t\t\t\t\t  \n\t\t\t\t\t\t\t\t   <span class=\"yuzo__text--title\" style=\"font-size:13px;\">Venezuela liberta seis prisioneiros ap\u00f3s visita de...<\/span>\n\t\t\t\t\t\t\t  \n\t\t\t\t\t\t\t  \n\t\t\t\t\t\t\t  <\/a>\n\n\t\t\t\t\t\t  <\/div>\n\t\t\t\t\t\t  <div class=\"relatedthumb \" style=\"width:125px;float:left;overflow:hidden;\">  \n\t\t\t\t\t\t\t  \n\t\t\t\t\t\t\t  <a  href=\"https:\/\/redept.com.br\/blogosfera\/tomando-bola-nas-costas-de-tarcisio-e-ciro-nogueira-bolsonaro-deixa-uti-do-apos-duas-semanas-em-cartaz\/\"  >\n\t\t\t\t\t\t\t\t\t  <div class=\"yuzo-img-wrap \" style=\"width: 125px;height:90px;\">\n\t\t\t\t\t\t\t\t\t\t\n\t\t\t\t\t\t\t\t\t\t<div class=\"yuzo-img\" style=\"background:url('https:\/\/redept.org\/blogosfera\/wp-content\/plugins\/yuzo-related-post\/assets\/images\/default.png') 50% 50% no-repeat;width: 125px;height:90px;margin-bottom: 5px;background-size: cover; \"><\/div>\n\t\t\t\t\t\t\t\t\t  <\/div>\n\t\t\t\t\t\t\t\t\t  \n\t\t\t\t\t\t\t\t   <span class=\"yuzo__text--title\" style=\"font-size:13px;\">Tomando bola nas costas de Tarc\u00edsio e Ciro Nogueir...<\/span>\n\t\t\t\t\t\t\t  \n\t\t\t\t\t\t\t  \n\t\t\t\t\t\t\t  <\/a>\n\n\t\t\t\t\t\t  <\/div>\n\t\t\t\t\t\t  <div class=\"relatedthumb \" style=\"width:125px;float:left;overflow:hidden;\">  \n\t\t\t\t\t\t\t  \n\t\t\t\t\t\t\t  <a  href=\"https:\/\/redept.com.br\/blogosfera\/espetaculo-jacinta-revisita-historia-de-mulher-negra-exposta-por-30-anos-na-faculdade-de-direito-da-usp\/\"  >\n\t\t\t\t\t\t\t\t\t  <div class=\"yuzo-img-wrap \" style=\"width: 125px;height:90px;\">\n\t\t\t\t\t\t\t\t\t\t\n\t\t\t\t\t\t\t\t\t\t<div class=\"yuzo-img\" style=\"background:url('https:\/\/redept.org\/blogosfera\/wp-content\/plugins\/yuzo-related-post\/assets\/images\/default.png') 50% 50% no-repeat;width: 125px;height:90px;margin-bottom: 5px;background-size: cover; \"><\/div>\n\t\t\t\t\t\t\t\t\t  <\/div>\n\t\t\t\t\t\t\t\t\t  \n\t\t\t\t\t\t\t\t   <span class=\"yuzo__text--title\" style=\"font-size:13px;\">Espet\u00e1culo \u2018Jacinta\u2019 revisita hist\u00f3ria de mulher n...<\/span>\n\t\t\t\t\t\t\t  \n\t\t\t\t\t\t\t  \n\t\t\t\t\t\t\t  <\/a>\n\n\t\t\t\t\t\t  <\/div>\n\t\t\t\t\t\t  <div class=\"relatedthumb \" style=\"width:125px;float:left;overflow:hidden;\">  \n\t\t\t\t\t\t\t  \n\t\t\t\t\t\t\t  <a  href=\"https:\/\/redept.com.br\/blogosfera\/o-passarinho-do-contra-biografo-e-fotografa-de-mario-quintana-falam-do-livro-recem-lancado\/\"  >\n\t\t\t\t\t\t\t\t\t  <div class=\"yuzo-img-wrap \" style=\"width: 125px;height:90px;\">\n\t\t\t\t\t\t\t\t\t\t\n\t\t\t\t\t\t\t\t\t\t<div class=\"yuzo-img\" style=\"background:url('https:\/\/redept.org\/blogosfera\/wp-content\/plugins\/yuzo-related-post\/assets\/images\/default.png') 50% 50% no-repeat;width: 125px;height:90px;margin-bottom: 5px;background-size: cover; \"><\/div>\n\t\t\t\t\t\t\t\t\t  <\/div>\n\t\t\t\t\t\t\t\t\t  \n\t\t\t\t\t\t\t\t   <span class=\"yuzo__text--title\" style=\"font-size:13px;\">O Passarinho do Contra: bi\u00f3grafo e fot\u00f3grafa de Ma...<\/span>\n\t\t\t\t\t\t\t  \n\t\t\t\t\t\t\t  \n\t\t\t\t\t\t\t  <\/a>\n\n\t\t\t\t\t\t  <\/div>\n<\/div> <script>\n\t\t\t\t\t\t  jQuery(document).ready(function( $ ){\n\t\t\t\t\t\t\t\/\/jQuery('.yuzo_related_post').equalizer({ overflow : 'relatedthumb' });\n\t\t\t\t\t\t\tjQuery('.yuzo_related_post .yuzo_wraps').equalizer({ columns : '> div' });\n\t\t\t\t\t\t   })\n\t\t\t\t\t\t  <\/script> <!-- End Yuzo :) -->","protected":false},"excerpt":{"rendered":"<p>Levantamento feito pelo jornal Folha de S. Paulo, a partir de relat\u00f3rios do Conselho de Controle de Atividades Financeiras (Coaf), aponta que a Multipar, empresa do ramo imobili\u00e1rio da fam\u00edlia Vorcaro, movimentou mais de R$ 1 bilh\u00e3o em cinco anos apenas em contas ligadas ao dono do Banco Master.\u00a0 Entre 2020 e 2025, a Multipar [&hellip;]<\/p>\n","protected":false},"author":2,"featured_media":0,"comment_status":"open","ping_status":"closed","sticky":false,"template":"","format":"standard","meta":{"fifu_image_url":"","fifu_image_alt":"","footnotes":""},"categories":[51412,51413,17810,45,6773,13065,30544,1890,51414,33391,51415,51416,5281,16807,51417,51418,34035,51419,51420,40394,51421,745,1356,51422,51423,51424,51425,51426,51427,609,48325,51428,33458],"tags":[],"class_list":["post-84810","post","type-post","status-publish","format-standard","hentry","category-aline-vorcaro","category-alliance-participacoes","category-banco-master","category-brasil","category-brasil-de-fato","category-coaf","category-daniel-vorcaro","category-denuncia","category-empresa-de-fachada","category-escandalo-financeiro","category-esquema-de-empresas","category-familia-vorcaro","category-folha-de-s-paulo","category-fundos-de-investimento","category-grupo-vorcaro","category-hebron-participacoes","category-henrique-vorcaro","category-holdings","category-investigacao-coaf","category-investigacao-financeira","category-lavagem-de-capitais","category-lavagem-de-dinheiro","category-mercado-imobiliario","category-movimentacao-financeira","category-multipar","category-natalia-vorcaro","category-operacao-bancaria","category-quebra-de-rastro-financeiro","category-r-1-bilhao","category-sistema-financeiro","category-transacoes-suspeitas","category-transferencias-bancarias","category-vorcaro"],"_links":{"self":[{"href":"https:\/\/redept.com.br\/blogosfera\/wp-json\/wp\/v2\/posts\/84810","targetHints":{"allow":["GET"]}}],"collection":[{"href":"https:\/\/redept.com.br\/blogosfera\/wp-json\/wp\/v2\/posts"}],"about":[{"href":"https:\/\/redept.com.br\/blogosfera\/wp-json\/wp\/v2\/types\/post"}],"author":[{"embeddable":true,"href":"https:\/\/redept.com.br\/blogosfera\/wp-json\/wp\/v2\/users\/2"}],"replies":[{"embeddable":true,"href":"https:\/\/redept.com.br\/blogosfera\/wp-json\/wp\/v2\/comments?post=84810"}],"version-history":[{"count":0,"href":"https:\/\/redept.com.br\/blogosfera\/wp-json\/wp\/v2\/posts\/84810\/revisions"}],"wp:attachment":[{"href":"https:\/\/redept.com.br\/blogosfera\/wp-json\/wp\/v2\/media?parent=84810"}],"wp:term":[{"taxonomy":"category","embeddable":true,"href":"https:\/\/redept.com.br\/blogosfera\/wp-json\/wp\/v2\/categories?post=84810"},{"taxonomy":"post_tag","embeddable":true,"href":"https:\/\/redept.com.br\/blogosfera\/wp-json\/wp\/v2\/tags?post=84810"}],"curies":[{"name":"wp","href":"https:\/\/api.w.org\/{rel}","templated":true}]}}