{"id":84813,"date":"2026-04-26T15:35:02","date_gmt":"2026-04-26T18:35:02","guid":{"rendered":"https:\/\/redept.com.br\/blogosfera\/numero-de-mortos-por-ataque-a-bomba-na-colombia-chega-a-14-com-dezenas-de-feridos\/"},"modified":"2026-04-26T15:35:02","modified_gmt":"2026-04-26T18:35:02","slug":"numero-de-mortos-por-ataque-a-bomba-na-colombia-chega-a-14-com-dezenas-de-feridos","status":"publish","type":"post","link":"https:\/\/redept.com.br\/blogosfera\/numero-de-mortos-por-ataque-a-bomba-na-colombia-chega-a-14-com-dezenas-de-feridos\/","title":{"rendered":"N\u00famero de mortos por ataque a bomba na Col\u00f4mbia chega a 14, com dezenas de feridos"},"content":{"rendered":"<p>Um ataque com bomba matou ao menos 14 pessoas e deixou mais de 38 feridos no sudoeste da Col\u00f4mbia no s\u00e1bado (25), em meio a uma escalada de viol\u00eancia. O atentado ocorreu no departamento de Cauca, regi\u00e3o historicamente marcada pela presen\u00e7a de grupos armados e atividades ilegais, a pouco mais de um m\u00eas das elei\u00e7\u00f5es [\u2026]<\/p>\n<p><a href=\"https:\/\/www.brasildefato.com.br\/2026\/04\/26\/numero-de-mortos-por-ataque-a-bomba-na-colombia-chega-a-14-com-dezenas-de-feridos\/\" rel=\"nofollow\">Fonte<\/a><\/p>\n<!-- Begin Yuzo --><div class='yuzo_related_post style-1'  data-version='5.12.89'><!-- without result --><div class='yuzo_clearfixed yuzo__title yuzo__title'><h3>Related Post<\/h3><\/div>\n\t\t\t\t\t\t  <div class=\"relatedthumb \" style=\"width:125px;float:left;overflow:hidden;\">  \n\t\t\t\t\t\t\t  \n\t\t\t\t\t\t\t  <a  href=\"https:\/\/redept.com.br\/blogosfera\/servidores-do-es-aprovam-greve-geral-em-7-de-outubro\/\"  >\n\t\t\t\t\t\t\t\t\t  <div class=\"yuzo-img-wrap \" style=\"width: 125px;height:90px;\">\n\t\t\t\t\t\t\t\t\t\t\n\t\t\t\t\t\t\t\t\t\t<div class=\"yuzo-img\" style=\"background:url('https:\/\/redept.com.br\/blogosfera\/wp-content\/uploads\/2025\/10\/sindPublicos-1-150x150.jpg') 50% 50% no-repeat;width: 125px;height:90px;margin-bottom: 5px;background-size: cover; \"><\/div>\n\t\t\t\t\t\t\t\t\t  <\/div>\n\t\t\t\t\t\t\t\t\t  \n\t\t\t\t\t\t\t\t   <span class=\"yuzo__text--title\" style=\"font-size:13px;\">Servidores do ES aprovam greve geral em 7 de outub...<\/span>\n\t\t\t\t\t\t\t  \n\t\t\t\t\t\t\t  \n\t\t\t\t\t\t\t  <\/a>\n\n\t\t\t\t\t\t  <\/div>\n\t\t\t\t\t\t  <div class=\"relatedthumb \" style=\"width:125px;float:left;overflow:hidden;\">  \n\t\t\t\t\t\t\t  \n\t\t\t\t\t\t\t  <a  href=\"https:\/\/redept.com.br\/blogosfera\/fundacao-perseu-abramo-lanca-plataforma-para-elaborar-plano-de-governo-de-lula\/\"  >\n\t\t\t\t\t\t\t\t\t  <div class=\"yuzo-img-wrap \" style=\"width: 125px;height:90px;\">\n\t\t\t\t\t\t\t\t\t\t\n\t\t\t\t\t\t\t\t\t\t<div class=\"yuzo-img\" style=\"background:url('https:\/\/redept.org\/blogosfera\/wp-content\/plugins\/yuzo-related-post\/assets\/images\/default.png') 50% 50% no-repeat;width: 125px;height:90px;margin-bottom: 5px;background-size: cover; \"><\/div>\n\t\t\t\t\t\t\t\t\t  <\/div>\n\t\t\t\t\t\t\t\t\t  \n\t\t\t\t\t\t\t\t   <span class=\"yuzo__text--title\" style=\"font-size:13px;\">Funda\u00e7\u00e3o Perseu Abramo lan\u00e7a plataforma para elabo...<\/span>\n\t\t\t\t\t\t\t  \n\t\t\t\t\t\t\t  \n\t\t\t\t\t\t\t  <\/a>\n\n\t\t\t\t\t\t  <\/div>\n\t\t\t\t\t\t  <div class=\"relatedthumb \" style=\"width:125px;float:left;overflow:hidden;\">  \n\t\t\t\t\t\t\t  \n\t\t\t\t\t\t\t  <a  href=\"https:\/\/redept.com.br\/blogosfera\/comunistas-caem-na-folia-em-blocos-e-escolas-pelo-pais\/\"  >\n\t\t\t\t\t\t\t\t\t  <div class=\"yuzo-img-wrap \" style=\"width: 125px;height:90px;\">\n\t\t\t\t\t\t\t\t\t\t\n\t\t\t\t\t\t\t\t\t\t<div class=\"yuzo-img\" style=\"background:url('https:\/\/redept.com.br\/blogosfera\/wp-content\/uploads\/2026\/02\/vermelho_-spnayarasouza-e-alexandreprestes65-150x150.jpg') 50% 50% no-repeat;width: 125px;height:90px;margin-bottom: 5px;background-size: cover; \"><\/div>\n\t\t\t\t\t\t\t\t\t  <\/div>\n\t\t\t\t\t\t\t\t\t  \n\t\t\t\t\t\t\t\t   <span class=\"yuzo__text--title\" style=\"font-size:13px;\">Comunistas caem na folia em blocos e escolas pelo ...<\/span>\n\t\t\t\t\t\t\t  \n\t\t\t\t\t\t\t  \n\t\t\t\t\t\t\t  <\/a>\n\n\t\t\t\t\t\t  <\/div>\n\t\t\t\t\t\t  <div class=\"relatedthumb \" style=\"width:125px;float:left;overflow:hidden;\">  \n\t\t\t\t\t\t\t  \n\t\t\t\t\t\t\t  <a  href=\"https:\/\/redept.com.br\/blogosfera\/michelle-divulga-relato-de-festa-de-vorcaro-em-meio-a-guerra-contra-flavio-video-tem-politicos-nus\/\"  >\n\t\t\t\t\t\t\t\t\t  <div class=\"yuzo-img-wrap \" style=\"width: 125px;height:90px;\">\n\t\t\t\t\t\t\t\t\t\t\n\t\t\t\t\t\t\t\t\t\t<div class=\"yuzo-img\" style=\"background:url('https:\/\/redept.org\/blogosfera\/wp-content\/plugins\/yuzo-related-post\/assets\/images\/default.png') 50% 50% no-repeat;width: 125px;height:90px;margin-bottom: 5px;background-size: cover; \"><\/div>\n\t\t\t\t\t\t\t\t\t  <\/div>\n\t\t\t\t\t\t\t\t\t  \n\t\t\t\t\t\t\t\t   <span class=\"yuzo__text--title\" style=\"font-size:13px;\">Michelle divulga relato de festa de Vorcaro em mei...<\/span>\n\t\t\t\t\t\t\t  \n\t\t\t\t\t\t\t  \n\t\t\t\t\t\t\t  <\/a>\n\n\t\t\t\t\t\t  <\/div>\n<\/div> <script>\n\t\t\t\t\t\t  jQuery(document).ready(function( $ ){\n\t\t\t\t\t\t\t\/\/jQuery('.yuzo_related_post').equalizer({ overflow : 'relatedthumb' });\n\t\t\t\t\t\t\tjQuery('.yuzo_related_post .yuzo_wraps').equalizer({ columns : '> div' });\n\t\t\t\t\t\t   })\n\t\t\t\t\t\t  <\/script> <!-- End Yuzo :) -->","protected":false},"excerpt":{"rendered":"<p>Um ataque com bomba matou ao menos 14 pessoas e deixou mais de 38 feridos no sudoeste da Col\u00f4mbia no s\u00e1bado (25), em meio a uma escalada de viol\u00eancia. O atentado ocorreu no departamento de Cauca, regi\u00e3o historicamente marcada pela presen\u00e7a de grupos armados e atividades ilegais, a pouco mais de um m\u00eas das elei\u00e7\u00f5es [&hellip;]<\/p>\n","protected":false},"author":2,"featured_media":0,"comment_status":"open","ping_status":"closed","sticky":false,"template":"","format":"standard","meta":{"fifu_image_url":"","fifu_image_alt":"","footnotes":""},"categories":[51430,51431,51432,51433,51434,51435,51436,51437,51438,51439,51440,51441,26433,51442,50,51443,51444,51445,51446,51447,51448,51449,51450,51451,51452,51453,51454,51455,51456,51457,51458],"tags":[],"class_list":["post-84813","post","type-post","status-publish","format-standard","hentry","category-ameacas-candidatos-colombia","category-assassinato-karina-garcia","category-ataque-a-bomba-colombia-2026","category-ataque-estrada-cauca","category-ataque-terrorista-colombia","category-atentado-cajibio","category-corte-penal-internacional-colombia","category-crise-humanitaria-colombia","category-departamento-de-cauca","category-departamento-valle-del-cauca","category-eleicoes-presidenciais-colombia-2026","category-fascismo-colombia","category-guerra-ao-narcotrafico","category-gustavo-petro-atentado","category-internacional","category-ivan-jacobo-idrobo-arredondo","category-jep-colombia","category-jurisdicao-especial-para-a-paz","category-marlon-jamundi","category-menores-mortos-ataque-colombia","category-narcotrafico-colombia","category-ofensiva-grupos-armados-colombia","category-ouro-ilicito-colombia","category-radar-aereo-el-tambo","category-recompensa-captura-marlon","category-seguranca-publica-colombia","category-sequestro-funcionarios-governo-cauca","category-terrorismo-colombia","category-uiaf-colombia","category-violencia-eleitoral-colombia","category-vitimas-ataque-bomba-cauca"],"_links":{"self":[{"href":"https:\/\/redept.com.br\/blogosfera\/wp-json\/wp\/v2\/posts\/84813","targetHints":{"allow":["GET"]}}],"collection":[{"href":"https:\/\/redept.com.br\/blogosfera\/wp-json\/wp\/v2\/posts"}],"about":[{"href":"https:\/\/redept.com.br\/blogosfera\/wp-json\/wp\/v2\/types\/post"}],"author":[{"embeddable":true,"href":"https:\/\/redept.com.br\/blogosfera\/wp-json\/wp\/v2\/users\/2"}],"replies":[{"embeddable":true,"href":"https:\/\/redept.com.br\/blogosfera\/wp-json\/wp\/v2\/comments?post=84813"}],"version-history":[{"count":0,"href":"https:\/\/redept.com.br\/blogosfera\/wp-json\/wp\/v2\/posts\/84813\/revisions"}],"wp:attachment":[{"href":"https:\/\/redept.com.br\/blogosfera\/wp-json\/wp\/v2\/media?parent=84813"}],"wp:term":[{"taxonomy":"category","embeddable":true,"href":"https:\/\/redept.com.br\/blogosfera\/wp-json\/wp\/v2\/categories?post=84813"},{"taxonomy":"post_tag","embeddable":true,"href":"https:\/\/redept.com.br\/blogosfera\/wp-json\/wp\/v2\/tags?post=84813"}],"curies":[{"name":"wp","href":"https:\/\/api.w.org\/{rel}","templated":true}]}}