{"id":84816,"date":"2026-04-26T15:50:19","date_gmt":"2026-04-26T18:50:19","guid":{"rendered":"https:\/\/redept.com.br\/blogosfera\/pt-fecha-congresso-com-manifesto-e-mira-reeleicao-de-lula\/"},"modified":"2026-04-26T15:50:19","modified_gmt":"2026-04-26T18:50:19","slug":"pt-fecha-congresso-com-manifesto-e-mira-reeleicao-de-lula","status":"publish","type":"post","link":"https:\/\/redept.com.br\/blogosfera\/pt-fecha-congresso-com-manifesto-e-mira-reeleicao-de-lula\/","title":{"rendered":"PT fecha Congresso com manifesto e mira reelei\u00e7\u00e3o de Lula"},"content":{"rendered":"<p><img fetchpriority=\"high\" width=\"1024\" height=\"683\"src=\"https:\/\/redept.com.br\/blogosfera\/wp-content\/uploads\/2026\/04\/encerramento-do-8o-congresso-do-PT_foto_reproducao.jpg\" alt=\"\" decoding=\"async\" srcset=\"https:\/\/vermelho.org.br\/wp-content\/uploads\/2026\/04\/encerramento-do-8o-congresso-do-PT_foto_reproducao-1024x683.jpg 1024w, https:\/\/vermelho.org.br\/wp-content\/uploads\/2026\/04\/encerramento-do-8o-congresso-do-PT_foto_reproducao-300x200.jpg 300w, https:\/\/vermelho.org.br\/wp-content\/uploads\/2026\/04\/encerramento-do-8o-congresso-do-PT_foto_reproducao-768x512.jpg 768w, https:\/\/vermelho.org.br\/wp-content\/uploads\/2026\/04\/encerramento-do-8o-congresso-do-PT_foto_reproducao-272x182.jpg 272w, https:\/\/redept.com.br\/blogosfera\/wp-content\/uploads\/2026\/04\/encerramento-do-8o-congresso-do-PT_foto_reproducao.jpg 1500w\" sizes=\"(max-width: 1024px) 100vw, 1024px\"><\/p>\n<p>O Partido dos Trabalhadores encerrou neste domingo (26) o seu 8\u00ba Congresso Nacional com a aprova\u00e7\u00e3o do Manifesto \u201cConstruindo o Futuro\u201d e a milit\u00e2ncia unificada em torno da reelei\u00e7\u00e3o do presidente Lula em outubro. O encerramento foi marcado pela <a href=\"https:\/\/pt.org.br\/recados-de-lula-extrema-direita-capitaliza-o-mal-estar-progressistas-escolhem-a-igualdade\/\">transmiss\u00e3o do discurso gravado por Lula em Barcelona<\/a>, onde participou da 1\u00aa Reuni\u00e3o da Mobiliza\u00e7\u00e3o Progressista Global. Lula n\u00e3o esteve presente por recomenda\u00e7\u00e3o m\u00e9dica, mas sua voz chegou forte ao plen\u00e1rio de Bras\u00edlia.<\/p>\n<p><strong>A extrema-direita capitaliza o mal-estar \u2014 e a esquerda responde<\/strong><\/p>\n<p>O manifesto aprovado no Congresso n\u00e3o suaviza o diagn\u00f3stico: \u201cA promessa neoliberal de crescimento econ\u00f4mico, estabilidade e bem-estar mostrou-se incapaz de oferecer futuro para a maioria. Em seu lugar, consolidaram-se a fome, a estagna\u00e7\u00e3o, a desigualdade, a precariza\u00e7\u00e3o do trabalho, a inseguran\u00e7a e o enfraquecimento das institui\u00e7\u00f5es democr\u00e1ticas.\u201d<\/p>\n<p>\u00c9 nesse v\u00e1cuo que a extrema-direita avan\u00e7a. Em Barcelona, Lula nomeou o mecanismo com precis\u00e3o cir\u00fargica: \u201cA extrema-direita capitalizou o mal-estar das promessas n\u00e3o cumpridas do neoliberalismo. Canalizou a frustra\u00e7\u00e3o das pessoas inventando mentiras e mais mentiras: falando das mulheres, falando dos negros, falando da popula\u00e7\u00e3o LGBTQIA+, falando dos imigrantes. Todas as pessoas mais necessitadas passam a ser v\u00edtimas do discurso de \u00f3dio.\u201d<\/p>\n<p><strong>Leia tamb\u00e9m<\/strong>: <a href=\"https:\/\/vermelho.org.br\/2026\/04\/25\/lula-no-congresso-do-pt-serei-presidente-outra-vez\/\">Lula no Congresso do PT: \u201cSerei presidente outra vez\u201d<\/a><\/p>\n<p>A resposta progressista, disse o presidente, \u00e9 uma quest\u00e3o de escolha: \u201cA desigualdade n\u00e3o \u00e9 um fato. \u00c9 uma escolha pol\u00edtica. O que faz de n\u00f3s progressistas \u00e9 escolher a igualdade. Nosso lema deve ser sempre do lado do povo. Essa luta precisa ser global.\u201d<\/p>\n<p><strong>O projeto: soberania, reformas e fim da escala 6\u00d71<\/strong><\/p>\n<p>O manifesto organiza o projeto nacional em tr\u00eas eixos \u2014 reconstru\u00e7\u00e3o do papel do Estado, crescimento com distribui\u00e7\u00e3o de renda e transi\u00e7\u00e3o produtiva e tecnol\u00f3gica \u2014 e prop\u00f5e sete reformas estruturais: pol\u00edtica, tribut\u00e1ria, tecnol\u00f3gica, do Judici\u00e1rio, administrativa, agr\u00e1ria e da comunica\u00e7\u00e3o.<\/p>\n<p>O documento tamb\u00e9m incorpora o fim imediato da escala 6\u00d71: \u201cA luta hist\u00f3rica pela redu\u00e7\u00e3o de jornada de trabalho constitui tamb\u00e9m o n\u00facleo de um projeto de pa\u00eds soberano.\u201d E vai al\u00e9m, defendendo que \u201cn\u00e3o h\u00e1 democracia sustent\u00e1vel sem a efetiva transforma\u00e7\u00e3o material da sociedade. Sem a redistribui\u00e7\u00e3o real de renda, de poder e de oportunidades, a frustra\u00e7\u00e3o social se aprofunda e corr\u00f3i a confian\u00e7a nas institui\u00e7\u00f5es.\u201d<\/p>\n<p><strong>O que Lula entregou \u2014 e o que vem pela frente<\/strong><\/p>\n<p>O manifesto lista conquistas concretas do atual mandato: crescimento m\u00e9dio de 2,8% ao ano, desigualdade na m\u00ednima hist\u00f3rica, sa\u00edda do Mapa da Fome, sal\u00e1rio m\u00ednimo com alta real de 12%, alfabetiza\u00e7\u00e3o infantil saltando de 36% para 66% e educa\u00e7\u00e3o em tempo integral chegando a 91% dos munic\u00edpios brasileiros.<\/p>\n<p>Mas o documento \u00e9 honesto sobre os limites: \u201cDiante do tamanho dos desafios estruturais que o Brasil enfrenta e dos novos desafios que a atual conjuntura imp\u00f5e, esse momento exige a atualiza\u00e7\u00e3o do programa e da estrat\u00e9gia do Partido dos Trabalhadores, tendo as elei\u00e7\u00f5es de 2026 como eixo central da t\u00e1tica pol\u00edtica.\u201d<\/p>\n<p><strong>Outubro como batalha decisiva<\/strong><\/p>\n<p>Lula convocou o campo progressista a abandonar o sectarismo e enfrentar o bolsonarismo sem recuar: \u201cA extrema-direita grita, mente e ataca. N\u00e3o podemos ter medo de falar mais alto e com muita responsabilidade. O risco que a extrema-direita representa \u00e0 democracia n\u00e3o \u00e9 ret\u00f3rico, \u00e9 real. No Brasil, ela planejou um golpe de Estado.\u201d Bolsonaro foi condenado a 27 anos de pris\u00e3o pelo crime.<\/p>\n<p>No encerramento, Haddad foi direto: n\u00e3o se pode considerar a hip\u00f3tese de retrocesso em outubro. O manifesto define a reelei\u00e7\u00e3o de Lula como \u201cdecisiva para o futuro do Brasil e para o campo democr\u00e1tico internacional\u201d, reafirmando o horizonte program\u00e1tico do partido: \u201cMais do que nunca temos de reafirmar nosso compromisso com o socialismo, e com um mundo democr\u00e1tico, de paz e de igualdade de direitos.\u201d<\/p>\n<p>Para ler a \u00edntegra do manifesto, <a href=\"https:\/\/pt.org.br\/construindo-o-futuro-manifesto-do-pt-para-seguir-transformando-o-pais\/\">clique aqui.<\/a> <\/p>\n<p>O post <a href=\"https:\/\/vermelho.org.br\/2026\/04\/26\/pt-fecha-congresso-com-manifesto-e-mira-reeleicao-de-lula\/\">PT fecha Congresso com manifesto e mira reelei\u00e7\u00e3o de Lula<\/a> apareceu primeiro em <a href=\"https:\/\/vermelho.org.br\/\">Vermelho<\/a>.<\/p>\n<!-- Begin Yuzo --><div class='yuzo_related_post style-1'  data-version='5.12.89'><!-- without result --><div class='yuzo_clearfixed yuzo__title yuzo__title'><h3>Related Post<\/h3><\/div>\n\t\t\t\t\t\t  <div class=\"relatedthumb \" style=\"width:125px;float:left;overflow:hidden;\">  \n\t\t\t\t\t\t\t  \n\t\t\t\t\t\t\t  <a  href=\"https:\/\/redept.com.br\/blogosfera\/cozinha-solidaria-busca-mitigar-a-inseguranca-alimentar-de-catadores-do-df\/\"  >\n\t\t\t\t\t\t\t\t\t  <div class=\"yuzo-img-wrap \" style=\"width: 125px;height:90px;\">\n\t\t\t\t\t\t\t\t\t\t\n\t\t\t\t\t\t\t\t\t\t<div class=\"yuzo-img\" style=\"background:url('https:\/\/redept.com.br\/blogosfera\/wp-content\/uploads\/2025\/08\/Centcoop_3-640x375-1-150x150.jpeg') 50% 50% no-repeat;width: 125px;height:90px;margin-bottom: 5px;background-size: cover; \"><\/div>\n\t\t\t\t\t\t\t\t\t  <\/div>\n\t\t\t\t\t\t\t\t\t  \n\t\t\t\t\t\t\t\t   <span class=\"yuzo__text--title\" style=\"font-size:13px;\">Cozinha solid\u00e1ria busca mitigar a inseguran\u00e7a alim...<\/span>\n\t\t\t\t\t\t\t  \n\t\t\t\t\t\t\t  \n\t\t\t\t\t\t\t  <\/a>\n\n\t\t\t\t\t\t  <\/div>\n\t\t\t\t\t\t  <div class=\"relatedthumb \" style=\"width:125px;float:left;overflow:hidden;\">  \n\t\t\t\t\t\t\t  \n\t\t\t\t\t\t\t  <a  href=\"https:\/\/redept.com.br\/blogosfera\/eduardo-bolsonaro-faz-gritaria-no-lodo-em-que-o-cla-esta-enfiado\/\"  >\n\t\t\t\t\t\t\t\t\t  <div class=\"yuzo-img-wrap \" style=\"width: 125px;height:90px;\">\n\t\t\t\t\t\t\t\t\t\t\n\t\t\t\t\t\t\t\t\t\t<div class=\"yuzo-img\" style=\"background:url('https:\/\/redept.org\/blogosfera\/wp-content\/plugins\/yuzo-related-post\/assets\/images\/default.png') 50% 50% no-repeat;width: 125px;height:90px;margin-bottom: 5px;background-size: cover; \"><\/div>\n\t\t\t\t\t\t\t\t\t  <\/div>\n\t\t\t\t\t\t\t\t\t  \n\t\t\t\t\t\t\t\t   <span class=\"yuzo__text--title\" style=\"font-size:13px;\">Eduardo Bolsonaro faz gritaria no lodo em que o cl...<\/span>\n\t\t\t\t\t\t\t  \n\t\t\t\t\t\t\t  \n\t\t\t\t\t\t\t  <\/a>\n\n\t\t\t\t\t\t  <\/div>\n\t\t\t\t\t\t  <div class=\"relatedthumb \" style=\"width:125px;float:left;overflow:hidden;\">  \n\t\t\t\t\t\t\t  \n\t\t\t\t\t\t\t  <a  href=\"https:\/\/redept.com.br\/blogosfera\/resistencia-e-reparacao-celia-xakriaba-recebe-titulo-de-doutora-honoris-causa-pela-ufsj-em-mg\/\"  >\n\t\t\t\t\t\t\t\t\t  <div class=\"yuzo-img-wrap \" style=\"width: 125px;height:90px;\">\n\t\t\t\t\t\t\t\t\t\t\n\t\t\t\t\t\t\t\t\t\t<div class=\"yuzo-img\" style=\"background:url('https:\/\/redept.org\/blogosfera\/wp-content\/plugins\/yuzo-related-post\/assets\/images\/default.png') 50% 50% no-repeat;width: 125px;height:90px;margin-bottom: 5px;background-size: cover; \"><\/div>\n\t\t\t\t\t\t\t\t\t  <\/div>\n\t\t\t\t\t\t\t\t\t  \n\t\t\t\t\t\t\t\t   <span class=\"yuzo__text--title\" style=\"font-size:13px;\">Resist\u00eancia e repara\u00e7\u00e3o: C\u00e9lia Xakriab\u00e1 recebe t\u00edt...<\/span>\n\t\t\t\t\t\t\t  \n\t\t\t\t\t\t\t  \n\t\t\t\t\t\t\t  <\/a>\n\n\t\t\t\t\t\t  <\/div>\n\t\t\t\t\t\t  <div class=\"relatedthumb \" style=\"width:125px;float:left;overflow:hidden;\">  \n\t\t\t\t\t\t\t  \n\t\t\t\t\t\t\t  <a  href=\"https:\/\/redept.com.br\/blogosfera\/bolivia-retira-telesur-e-rt-da-tv-estatal-e-entidades-denunciam-censura\/\"  >\n\t\t\t\t\t\t\t\t\t  <div class=\"yuzo-img-wrap \" style=\"width: 125px;height:90px;\">\n\t\t\t\t\t\t\t\t\t\t\n\t\t\t\t\t\t\t\t\t\t<div class=\"yuzo-img\" style=\"background:url('https:\/\/redept.com.br\/blogosfera\/wp-content\/uploads\/2026\/01\/f66e9860-38b0-4602-a7f5-3f963daf86df-150x150.jpg') 50% 50% no-repeat;width: 125px;height:90px;margin-bottom: 5px;background-size: cover; \"><\/div>\n\t\t\t\t\t\t\t\t\t  <\/div>\n\t\t\t\t\t\t\t\t\t  \n\t\t\t\t\t\t\t\t   <span class=\"yuzo__text--title\" style=\"font-size:13px;\">Bol\u00edvia retira teleSUR e RT da TV estatal e entida...<\/span>\n\t\t\t\t\t\t\t  \n\t\t\t\t\t\t\t  \n\t\t\t\t\t\t\t  <\/a>\n\n\t\t\t\t\t\t  <\/div>\n<\/div> <script>\n\t\t\t\t\t\t  jQuery(document).ready(function( $ ){\n\t\t\t\t\t\t\t\/\/jQuery('.yuzo_related_post').equalizer({ overflow : 'relatedthumb' });\n\t\t\t\t\t\t\tjQuery('.yuzo_related_post .yuzo_wraps').equalizer({ columns : '> div' });\n\t\t\t\t\t\t   })\n\t\t\t\t\t\t  <\/script> <!-- End Yuzo :) -->","protected":false},"excerpt":{"rendered":"<p>O Partido dos Trabalhadores encerrou neste domingo (26) o seu 8\u00ba Congresso Nacional com a aprova\u00e7\u00e3o do Manifesto \u201cConstruindo o Futuro\u201d e a milit\u00e2ncia unificada em torno da reelei\u00e7\u00e3o do presidente Lula em outubro. O encerramento foi marcado pela transmiss\u00e3o do discurso gravado por Lula em Barcelona, onde participou da 1\u00aa Reuni\u00e3o da Mobiliza\u00e7\u00e3o Progressista [&hellip;]<\/p>\n","protected":false},"author":2,"featured_media":0,"comment_status":"open","ping_status":"closed","sticky":false,"template":"","format":"standard","meta":{"fifu_image_url":"","fifu_image_alt":"","footnotes":""},"categories":[33693,34499,51461,132,50955,16054,10122],"tags":[],"class_list":["post-84816","post","type-post","status-publish","format-standard","hentry","category-extrema-direita-brasil","category-fim-escala-6x1","category-manifesto-construindo-o-futuro","category-politica","category-pt-congresso-2026","category-reeleicao-lula","category-reformas-estruturais"],"_links":{"self":[{"href":"https:\/\/redept.com.br\/blogosfera\/wp-json\/wp\/v2\/posts\/84816","targetHints":{"allow":["GET"]}}],"collection":[{"href":"https:\/\/redept.com.br\/blogosfera\/wp-json\/wp\/v2\/posts"}],"about":[{"href":"https:\/\/redept.com.br\/blogosfera\/wp-json\/wp\/v2\/types\/post"}],"author":[{"embeddable":true,"href":"https:\/\/redept.com.br\/blogosfera\/wp-json\/wp\/v2\/users\/2"}],"replies":[{"embeddable":true,"href":"https:\/\/redept.com.br\/blogosfera\/wp-json\/wp\/v2\/comments?post=84816"}],"version-history":[{"count":0,"href":"https:\/\/redept.com.br\/blogosfera\/wp-json\/wp\/v2\/posts\/84816\/revisions"}],"wp:attachment":[{"href":"https:\/\/redept.com.br\/blogosfera\/wp-json\/wp\/v2\/media?parent=84816"}],"wp:term":[{"taxonomy":"category","embeddable":true,"href":"https:\/\/redept.com.br\/blogosfera\/wp-json\/wp\/v2\/categories?post=84816"},{"taxonomy":"post_tag","embeddable":true,"href":"https:\/\/redept.com.br\/blogosfera\/wp-json\/wp\/v2\/tags?post=84816"}],"curies":[{"name":"wp","href":"https:\/\/api.w.org\/{rel}","templated":true}]}}