{"id":84820,"date":"2026-04-26T16:20:27","date_gmt":"2026-04-26T19:20:27","guid":{"rendered":"https:\/\/redept.com.br\/blogosfera\/cientistas-criam-painel-para-orientar-transicao-energetica-global\/"},"modified":"2026-04-26T16:20:27","modified_gmt":"2026-04-26T19:20:27","slug":"cientistas-criam-painel-para-orientar-transicao-energetica-global","status":"publish","type":"post","link":"https:\/\/redept.com.br\/blogosfera\/cientistas-criam-painel-para-orientar-transicao-energetica-global\/","title":{"rendered":"Cientistas criam painel para orientar transi\u00e7\u00e3o energ\u00e9tica global"},"content":{"rendered":"<p>Um grupo de cientistas de diferentes \u00e1reas \u2013 como clima, economia e tecnologia \u2013 anunciou a cria\u00e7\u00e3o do Painel Cient\u00edfico para a Transi\u00e7\u00e3o Energ\u00e9tica Global (SPGET) nesse s\u00e1bado (25), durante a Primeira Confer\u00eancia Internacional sobre a Transi\u00e7\u00e3o para Longe dos Combust\u00edveis F\u00f3sseis, realizada em Santa Marta, Col\u00f4mbia. O objetivo \u00e9 assessorar governos na transi\u00e7\u00e3o energ\u00e9tica [\u2026]<\/p>\n<p><a href=\"https:\/\/www.brasildefato.com.br\/2026\/04\/26\/cientistas-criam-painel-para-orientar-transicao-energetica-global\/\" rel=\"nofollow\">Fonte<\/a><\/p>\n<!-- Begin Yuzo --><div class='yuzo_related_post style-1'  data-version='5.12.89'><!-- without result --><div class='yuzo_clearfixed yuzo__title yuzo__title'><h3>Related Post<\/h3><\/div>\n\t\t\t\t\t\t  <div class=\"relatedthumb \" style=\"width:125px;float:left;overflow:hidden;\">  \n\t\t\t\t\t\t\t  \n\t\t\t\t\t\t\t  <a  href=\"https:\/\/redept.com.br\/blogosfera\/comissao-que-investiga-feminicidios-no-rs-apresenta-plano-de-trabalho-ao-governador\/\"  >\n\t\t\t\t\t\t\t\t\t  <div class=\"yuzo-img-wrap \" style=\"width: 125px;height:90px;\">\n\t\t\t\t\t\t\t\t\t\t\n\t\t\t\t\t\t\t\t\t\t<div class=\"yuzo-img\" style=\"background:url('https:\/\/redept.org\/blogosfera\/wp-content\/plugins\/yuzo-related-post\/assets\/images\/default.png') 50% 50% no-repeat;width: 125px;height:90px;margin-bottom: 5px;background-size: cover; \"><\/div>\n\t\t\t\t\t\t\t\t\t  <\/div>\n\t\t\t\t\t\t\t\t\t  \n\t\t\t\t\t\t\t\t   <span class=\"yuzo__text--title\" style=\"font-size:13px;\">Comiss\u00e3o que investiga feminic\u00eddios no RS apresent...<\/span>\n\t\t\t\t\t\t\t  \n\t\t\t\t\t\t\t  \n\t\t\t\t\t\t\t  <\/a>\n\n\t\t\t\t\t\t  <\/div>\n\t\t\t\t\t\t  <div class=\"relatedthumb \" style=\"width:125px;float:left;overflow:hidden;\">  \n\t\t\t\t\t\t\t  \n\t\t\t\t\t\t\t  <a  href=\"https:\/\/redept.com.br\/blogosfera\/moraes-sera-relator-de-acao-do-psol-contra-derrubada-do-decreto-do-iof\/\"  >\n\t\t\t\t\t\t\t\t\t  <div class=\"yuzo-img-wrap \" style=\"width: 125px;height:90px;\">\n\t\t\t\t\t\t\t\t\t\t\n\t\t\t\t\t\t\t\t\t\t<div class=\"yuzo-img\" style=\"background:url('https:\/\/redept.org\/blogosfera\/wp-content\/plugins\/yuzo-related-post\/assets\/images\/default.png') 50% 50% no-repeat;width: 125px;height:90px;margin-bottom: 5px;background-size: cover; \"><\/div>\n\t\t\t\t\t\t\t\t\t  <\/div>\n\t\t\t\t\t\t\t\t\t  \n\t\t\t\t\t\t\t\t   <span class=\"yuzo__text--title\" style=\"font-size:13px;\">Moraes ser\u00e1 relator de a\u00e7\u00e3o do Psol contra derruba...<\/span>\n\t\t\t\t\t\t\t  \n\t\t\t\t\t\t\t  \n\t\t\t\t\t\t\t  <\/a>\n\n\t\t\t\t\t\t  <\/div>\n\t\t\t\t\t\t  <div class=\"relatedthumb \" style=\"width:125px;float:left;overflow:hidden;\">  \n\t\t\t\t\t\t\t  \n\t\t\t\t\t\t\t  <a  href=\"https:\/\/redept.com.br\/blogosfera\/israel-mata-mais-13-de-fome-em-gaza-ao-menos-78-palestinos-foram-mortos-nesta-terca\/\"  >\n\t\t\t\t\t\t\t\t\t  <div class=\"yuzo-img-wrap \" style=\"width: 125px;height:90px;\">\n\t\t\t\t\t\t\t\t\t\t\n\t\t\t\t\t\t\t\t\t\t<div class=\"yuzo-img\" style=\"background:url('https:\/\/redept.org\/blogosfera\/wp-content\/plugins\/yuzo-related-post\/assets\/images\/default.png') 50% 50% no-repeat;width: 125px;height:90px;margin-bottom: 5px;background-size: cover; \"><\/div>\n\t\t\t\t\t\t\t\t\t  <\/div>\n\t\t\t\t\t\t\t\t\t  \n\t\t\t\t\t\t\t\t   <span class=\"yuzo__text--title\" style=\"font-size:13px;\">Israel mata mais 13 de fome em Gaza; ao menos 78 p...<\/span>\n\t\t\t\t\t\t\t  \n\t\t\t\t\t\t\t  \n\t\t\t\t\t\t\t  <\/a>\n\n\t\t\t\t\t\t  <\/div>\n\t\t\t\t\t\t  <div class=\"relatedthumb \" style=\"width:125px;float:left;overflow:hidden;\">  \n\t\t\t\t\t\t\t  \n\t\t\t\t\t\t\t  <a  href=\"https:\/\/redept.com.br\/blogosfera\/mexico-apoia-medida-contra-carteis-mas-eua-precisarao-admitir-que-armaram-terroristas-diz-sheinbaum\/\"  >\n\t\t\t\t\t\t\t\t\t  <div class=\"yuzo-img-wrap \" style=\"width: 125px;height:90px;\">\n\t\t\t\t\t\t\t\t\t\t\n\t\t\t\t\t\t\t\t\t\t<div class=\"yuzo-img\" style=\"background:url('https:\/\/redept.com.br\/blogosfera\/wp-content\/uploads\/2025\/02\/claudia-150x150.png') 50% 50% no-repeat;width: 125px;height:90px;margin-bottom: 5px;background-size: cover; \"><\/div>\n\t\t\t\t\t\t\t\t\t  <\/div>\n\t\t\t\t\t\t\t\t\t  \n\t\t\t\t\t\t\t\t   <span class=\"yuzo__text--title\" style=\"font-size:13px;\">M\u00e9xico apoia medida contra cart\u00e9is, mas EUA precis...<\/span>\n\t\t\t\t\t\t\t  \n\t\t\t\t\t\t\t  \n\t\t\t\t\t\t\t  <\/a>\n\n\t\t\t\t\t\t  <\/div>\n<\/div> <script>\n\t\t\t\t\t\t  jQuery(document).ready(function( $ ){\n\t\t\t\t\t\t\t\/\/jQuery('.yuzo_related_post').equalizer({ overflow : 'relatedthumb' });\n\t\t\t\t\t\t\tjQuery('.yuzo_related_post .yuzo_wraps').equalizer({ columns : '> div' });\n\t\t\t\t\t\t   })\n\t\t\t\t\t\t  <\/script> <!-- End Yuzo :) -->","protected":false},"excerpt":{"rendered":"<p>Um grupo de cientistas de diferentes \u00e1reas \u2013 como clima, economia e tecnologia \u2013 anunciou a cria\u00e7\u00e3o do Painel Cient\u00edfico para a Transi\u00e7\u00e3o Energ\u00e9tica Global (SPGET) nesse s\u00e1bado (25), durante a Primeira Confer\u00eancia Internacional sobre a Transi\u00e7\u00e3o para Longe dos Combust\u00edveis F\u00f3sseis, realizada em Santa Marta, Col\u00f4mbia. O objetivo \u00e9 assessorar governos na transi\u00e7\u00e3o energ\u00e9tica [&hellip;]<\/p>\n","protected":false},"author":2,"featured_media":0,"comment_status":"open","ping_status":"closed","sticky":false,"template":"","format":"standard","meta":{"fifu_image_url":"","fifu_image_alt":"","footnotes":""},"categories":[51473,109,45,6773,24846,47101,1787,51474,2400,2519,2586,17131,7141,51475,751,51476,50,37380,51477,51478,1886,51479,18,570,14082,51480,214,51481,51482,553,51483,51484],"tags":[],"class_list":["post-84820","post","type-post","status-publish","format-standard","hentry","category-acordo-climatico","category-amazonia","category-brasil","category-brasil-de-fato","category-carlos-nobre","category-ciencia-e-politica","category-colombia","category-conferencia-de-santa-marta","category-cooperacao-internacional","category-cop30","category-descarbonizacao","category-economia-verde","category-energias-renovaveis","category-evidencias-cientificas","category-gases-de-efeito-estufa","category-independencia-energetica","category-internacional","category-ipcc","category-irene-velez-torres","category-johan-rockstrom","category-justica-social","category-kumi-naidoo","category-meio-ambiente","category-mudancas-climaticas","category-observatorio-do-clima","category-painel-cientifico-transicao-energetica-global","category-politicas-publicas","category-reducao-emissoes","category-spget","category-transicao-energetica","category-transicao-para-longe-dos-combustiveis-fosseis","category-tratado-nao-proliferacao-combustiveis-fosseis"],"_links":{"self":[{"href":"https:\/\/redept.com.br\/blogosfera\/wp-json\/wp\/v2\/posts\/84820","targetHints":{"allow":["GET"]}}],"collection":[{"href":"https:\/\/redept.com.br\/blogosfera\/wp-json\/wp\/v2\/posts"}],"about":[{"href":"https:\/\/redept.com.br\/blogosfera\/wp-json\/wp\/v2\/types\/post"}],"author":[{"embeddable":true,"href":"https:\/\/redept.com.br\/blogosfera\/wp-json\/wp\/v2\/users\/2"}],"replies":[{"embeddable":true,"href":"https:\/\/redept.com.br\/blogosfera\/wp-json\/wp\/v2\/comments?post=84820"}],"version-history":[{"count":0,"href":"https:\/\/redept.com.br\/blogosfera\/wp-json\/wp\/v2\/posts\/84820\/revisions"}],"wp:attachment":[{"href":"https:\/\/redept.com.br\/blogosfera\/wp-json\/wp\/v2\/media?parent=84820"}],"wp:term":[{"taxonomy":"category","embeddable":true,"href":"https:\/\/redept.com.br\/blogosfera\/wp-json\/wp\/v2\/categories?post=84820"},{"taxonomy":"post_tag","embeddable":true,"href":"https:\/\/redept.com.br\/blogosfera\/wp-json\/wp\/v2\/tags?post=84820"}],"curies":[{"name":"wp","href":"https:\/\/api.w.org\/{rel}","templated":true}]}}