{"id":84821,"date":"2026-04-26T18:12:34","date_gmt":"2026-04-26T21:12:34","guid":{"rendered":"https:\/\/redept.com.br\/blogosfera\/o-que-esperar-das-eleicoes-de-outubro-apos-vitoria-na-bbb26-de-ana-paula-renault-apoiadora-das-politicas-de-lula\/"},"modified":"2026-04-26T18:12:34","modified_gmt":"2026-04-26T21:12:34","slug":"o-que-esperar-das-eleicoes-de-outubro-apos-vitoria-na-bbb26-de-ana-paula-renault-apoiadora-das-politicas-de-lula","status":"publish","type":"post","link":"https:\/\/redept.com.br\/blogosfera\/o-que-esperar-das-eleicoes-de-outubro-apos-vitoria-na-bbb26-de-ana-paula-renault-apoiadora-das-politicas-de-lula\/","title":{"rendered":"O que esperar das elei\u00e7\u00f5es de outubro ap\u00f3s vit\u00f3ria na BBB26 de Ana Paula Renault, apoiadora das pol\u00edticas de Lula"},"content":{"rendered":"<p>Jornalista mineira conquistou 75,94% dos votos do p\u00fablico do reality da TV Globo, onde defendeu pautas sociais do estadista e viralizou entre progressistas, sinalizando o que pode vir no pleito presidencial<\/p>\n<p>O post O que esperar das elei\u00e7\u00f5es de outubro ap\u00f3s vit\u00f3ria na BBB26 de Ana Paula Renault, apoiadora das pol\u00edticas de Lula apareceu primeiro em Urbs Magna.<\/p>\n<!-- Begin Yuzo --><div class='yuzo_related_post style-1'  data-version='5.12.89'><!-- without result --><div class='yuzo_clearfixed yuzo__title yuzo__title'><h3>Related Post<\/h3><\/div>\n\t\t\t\t\t\t  <div class=\"relatedthumb \" style=\"width:125px;float:left;overflow:hidden;\">  \n\t\t\t\t\t\t\t  \n\t\t\t\t\t\t\t  <a  href=\"https:\/\/redept.com.br\/blogosfera\/meti-um-ferro-quente-ai-diz-bolsonaro-admitindo-tentativa-de-retirar-sensor-da-tornozeleira-video\/\"  >\n\t\t\t\t\t\t\t\t\t  <div class=\"yuzo-img-wrap \" style=\"width: 125px;height:90px;\">\n\t\t\t\t\t\t\t\t\t\t\n\t\t\t\t\t\t\t\t\t\t<div class=\"yuzo-img\" style=\"background:url('https:\/\/redept.org\/blogosfera\/wp-content\/plugins\/yuzo-related-post\/assets\/images\/default.png') 50% 50% no-repeat;width: 125px;height:90px;margin-bottom: 5px;background-size: cover; \"><\/div>\n\t\t\t\t\t\t\t\t\t  <\/div>\n\t\t\t\t\t\t\t\t\t  \n\t\t\t\t\t\t\t\t   <span class=\"yuzo__text--title\" style=\"font-size:13px;\">\u201cMeti um ferro quente a\u00ed\u201d, diz Bolsonaro admitindo...<\/span>\n\t\t\t\t\t\t\t  \n\t\t\t\t\t\t\t  \n\t\t\t\t\t\t\t  <\/a>\n\n\t\t\t\t\t\t  <\/div>\n\t\t\t\t\t\t  <div class=\"relatedthumb \" style=\"width:125px;float:left;overflow:hidden;\">  \n\t\t\t\t\t\t\t  \n\t\t\t\t\t\t\t  <a  href=\"https:\/\/redept.com.br\/blogosfera\/ruy-mauro-marini-e-a-teoria-marxista-da-dependencia\/\"  >\n\t\t\t\t\t\t\t\t\t  <div class=\"yuzo-img-wrap \" style=\"width: 125px;height:90px;\">\n\t\t\t\t\t\t\t\t\t\t\n\t\t\t\t\t\t\t\t\t\t<div class=\"yuzo-img\" style=\"background:url('https:\/\/redept.com.br\/blogosfera\/wp-content\/uploads\/2025\/07\/Foto-Jaime-Osorio-150x150.jpeg') 50% 50% no-repeat;width: 125px;height:90px;margin-bottom: 5px;background-size: cover; \"><\/div>\n\t\t\t\t\t\t\t\t\t  <\/div>\n\t\t\t\t\t\t\t\t\t  \n\t\t\t\t\t\t\t\t   <span class=\"yuzo__text--title\" style=\"font-size:13px;\">Ruy Mauro Marini e a teoria marxista da depend\u00eanci...<\/span>\n\t\t\t\t\t\t\t  \n\t\t\t\t\t\t\t  \n\t\t\t\t\t\t\t  <\/a>\n\n\t\t\t\t\t\t  <\/div>\n\t\t\t\t\t\t  <div class=\"relatedthumb \" style=\"width:125px;float:left;overflow:hidden;\">  \n\t\t\t\t\t\t\t  \n\t\t\t\t\t\t\t  <a  href=\"https:\/\/sul21.com.br\/noticias\/geral\/2025\/11\/crianca-nao-e-mae-mulheres-protestam-contra-pdl-da-pedofilia-em-porto-alegre\/\"  >\n\t\t\t\t\t\t\t\t\t  <div class=\"yuzo-img-wrap \" style=\"width: 125px;height:90px;\">\n\t\t\t\t\t\t\t\t\t\t\n\t\t\t\t\t\t\t\t\t\t<div class=\"yuzo-img\" style=\"background:url('https:\/\/sul21.com.br\/wp-content\/uploads\/2025\/11\/IMG_6539-1024x768.jpg') 50% 50% no-repeat;width: 125px;height:90px;margin-bottom: 5px;background-size: cover; \"><\/div>\n\t\t\t\t\t\t\t\t\t  <\/div>\n\t\t\t\t\t\t\t\t\t  \n\t\t\t\t\t\t\t\t   <span class=\"yuzo__text--title\" style=\"font-size:13px;\">\u201cCrian\u00e7a n\u00e3o \u00e9 m\u00e3e\u201d: mulheres protestam contra PDL...<\/span>\n\t\t\t\t\t\t\t  \n\t\t\t\t\t\t\t  \n\t\t\t\t\t\t\t  <\/a>\n\n\t\t\t\t\t\t  <\/div>\n\t\t\t\t\t\t  <div class=\"relatedthumb \" style=\"width:125px;float:left;overflow:hidden;\">  \n\t\t\t\t\t\t\t  \n\t\t\t\t\t\t\t  <a  href=\"https:\/\/redept.com.br\/blogosfera\/acordo-trump-uniao-europeia-escancara-subserviencia-europeia-e-agrava-crise-de-soberania-no-continente\/\"  >\n\t\t\t\t\t\t\t\t\t  <div class=\"yuzo-img-wrap \" style=\"width: 125px;height:90px;\">\n\t\t\t\t\t\t\t\t\t\t\n\t\t\t\t\t\t\t\t\t\t<div class=\"yuzo-img\" style=\"background:url('https:\/\/redept.com.br\/blogosfera\/wp-content\/uploads\/2025\/07\/image--12-150x128.png') 50% 50% no-repeat;width: 125px;height:90px;margin-bottom: 5px;background-size: cover; \"><\/div>\n\t\t\t\t\t\t\t\t\t  <\/div>\n\t\t\t\t\t\t\t\t\t  \n\t\t\t\t\t\t\t\t   <span class=\"yuzo__text--title\" style=\"font-size:13px;\">Acordo Trump-Uni\u00e3o Europeia escancara subservi\u00eanci...<\/span>\n\t\t\t\t\t\t\t  \n\t\t\t\t\t\t\t  \n\t\t\t\t\t\t\t  <\/a>\n\n\t\t\t\t\t\t  <\/div>\n<\/div> <script>\n\t\t\t\t\t\t  jQuery(document).ready(function( $ ){\n\t\t\t\t\t\t\t\/\/jQuery('.yuzo_related_post').equalizer({ overflow : 'relatedthumb' });\n\t\t\t\t\t\t\tjQuery('.yuzo_related_post .yuzo_wraps').equalizer({ columns : '> div' });\n\t\t\t\t\t\t   })\n\t\t\t\t\t\t  <\/script> <!-- End Yuzo :) -->","protected":false},"excerpt":{"rendered":"<p>Jornalista mineira conquistou 75,94% dos votos do p\u00fablico do reality da TV Globo, onde defendeu pautas sociais do estadista e viralizou entre progressistas, sinalizando o que pode vir no pleito presidencial<\/p>\n<p>O post <a rel=\"nofollow\" href=\"https:\/\/urbsmagna.com\/eleicoes-2026-vitoria-bbb26-ana-paula-renault-lula\/\">O que esperar das elei\u00e7\u00f5es de outubro ap\u00f3s vit\u00f3ria na BBB26 de Ana Paula Renault, apoiadora das pol\u00edticas de Lula<\/a> apareceu primeiro em <a rel=\"nofollow\" href=\"https:\/\/urbsmagna.com\/\">Urbs Magna<\/a>.<\/p>\n","protected":false},"author":2,"featured_media":0,"comment_status":"open","ping_status":"closed","sticky":false,"template":"","format":"standard","meta":{"fifu_image_url":"","fifu_image_alt":"","footnotes":""},"categories":[51485,51486,51487,51488,536,696,1760,21942,50,112,4252,11242,1536,191,238,54,13457,51489,132,5471,1059,51490,51491,33337,12221,51492,51493],"tags":[],"class_list":["post-84821","post","type-post","status-publish","format-standard","hentry","category-ana-paula-renault","category-ana-paula-renault-lula","category-bbb-26","category-bolsa-familia-bbb","category-democracia","category-eleicoes","category-eleicoes-2026","category-eleicoes-presidenciais-2026","category-internacional","category-lula","category-lula-2026","category-lula-4","category-minha-casa-minha-vida","category-noticias","category-oriente-medio","category-palestina","category-partido-dos-trabalhadores-pt","category-pautas-progressistas","category-politica","category-politica-nacional","category-pt","category-pt-bbb","category-reality-politico","category-reality-shows","category-tv","category-tv-globo-eleicoes","category-vitoria-ana-paula-renault"],"_links":{"self":[{"href":"https:\/\/redept.com.br\/blogosfera\/wp-json\/wp\/v2\/posts\/84821","targetHints":{"allow":["GET"]}}],"collection":[{"href":"https:\/\/redept.com.br\/blogosfera\/wp-json\/wp\/v2\/posts"}],"about":[{"href":"https:\/\/redept.com.br\/blogosfera\/wp-json\/wp\/v2\/types\/post"}],"author":[{"embeddable":true,"href":"https:\/\/redept.com.br\/blogosfera\/wp-json\/wp\/v2\/users\/2"}],"replies":[{"embeddable":true,"href":"https:\/\/redept.com.br\/blogosfera\/wp-json\/wp\/v2\/comments?post=84821"}],"version-history":[{"count":0,"href":"https:\/\/redept.com.br\/blogosfera\/wp-json\/wp\/v2\/posts\/84821\/revisions"}],"wp:attachment":[{"href":"https:\/\/redept.com.br\/blogosfera\/wp-json\/wp\/v2\/media?parent=84821"}],"wp:term":[{"taxonomy":"category","embeddable":true,"href":"https:\/\/redept.com.br\/blogosfera\/wp-json\/wp\/v2\/categories?post=84821"},{"taxonomy":"post_tag","embeddable":true,"href":"https:\/\/redept.com.br\/blogosfera\/wp-json\/wp\/v2\/tags?post=84821"}],"curies":[{"name":"wp","href":"https:\/\/api.w.org\/{rel}","templated":true}]}}