{"id":84831,"date":"2026-04-26T10:58:19","date_gmt":"2026-04-26T13:58:19","guid":{"rendered":"https:\/\/redept.com.br\/blogosfera\/ataque-a-bomba-deixa-14-mortos-e-dezenas-de-feridos-na-colombia\/"},"modified":"2026-04-26T10:58:19","modified_gmt":"2026-04-26T13:58:19","slug":"ataque-a-bomba-deixa-14-mortos-e-dezenas-de-feridos-na-colombia","status":"publish","type":"post","link":"https:\/\/redept.com.br\/blogosfera\/ataque-a-bomba-deixa-14-mortos-e-dezenas-de-feridos-na-colombia\/","title":{"rendered":"Ataque a bomba deixa 14 mortos e dezenas de feridos na Col\u00f4mbia"},"content":{"rendered":"<p>Um ataque com bomba matou ao menos 14 pessoas e deixou mais de 38 feridos no sudoeste da Col\u00f4mbia neste s\u00e1bado (25\/04), em meio a uma escalada de viol\u00eancia. O atentado ocorreu no departamento de Cauca, regi\u00e3o historicamente marcada pela presen\u00e7a de grupos armados e atividades ilegais, a pouco mais de um m\u00eas das elei\u00e7\u00f5es presidenciais.<\/p>\n<p>Segundo o governador de Cauca, Octavio Guzm\u00e1n, entre as v\u00edtimas h\u00e1 cinco menores de idade. \u201cAt\u00e9 o momento, registramos 14 pessoas mortas e mais de 38 feridos, incluindo cinco menores de idade\u201d, escreveu na rede X. Ele relatou que tamb\u00e9m houve a\u00e7\u00f5es em El T\u00fanel, El Tambo, Caloto, Popay\u00e1n, Guachen\u00e9, Mercaderes e Miranda.<\/p>\n<p>Atentados est\u00e3o sendo registrados nos departamentos de Valle del Cauca e Cauca desde sexta-feira (24\/04).\u00a0A explos\u00e3o atingiu diversos ve\u00edculos em uma estrada da regi\u00e3o e outros ataques atingiram estruturas estrat\u00e9gicas, incluindo radar a\u00e9reo na localidade de El Tambo, usado no controle do tr\u00e1fego a\u00e9reo.<\/p>\n<p>\u201cEsta \u00e9 uma ofensiva direta contra a vida, contra um povo indefeso. N\u00e3o vamos permitir que os violentos continuem a impor medo e desafiar o Estado\u201d, salientou Guzm\u00e1n.<\/p>\n<h3>\u2018Terrorismo\u2019<\/h3>\n<p>As autoridades colombianas atribuem os ataques a Iv\u00e1n Jacobo Idrobo Arredondo, conhecido pelo pseud\u00f4nimo de Marlon e tamb\u00e9m chamado de \u201cmestre de Jamund\u00ed\u201d, devido seu controle sobre a organiza\u00e7\u00e3o de Jaime Mart\u00ednez, Ele det\u00e9m controle sobre corredores estrat\u00e9gicos de narcotr\u00e1fico que ligam o norte de Cauca a partes de Nari\u00f1o e Valle del Cauca.<\/p>\n<p>Segundo <em>El Colombiano<\/em>, apesar de ter recebido anistia da Jurisdi\u00e7\u00e3o Especial para a Paz (JEP) em 2017, \u2018Marlon\u2019 retornou \u00e0 luta armada em 2019. A ele \u00e9 atribu\u00eddo pelo menos oito ataques, incluindo o assassinato da candidata Karina Garc\u00eda, em 2019; e o sequestro de funcion\u00e1rios terceirizados do governo de Cauca, em 2025.<\/p>\n<figure aria-describedby=\"caption-attachment-253089\"><img loading=\"lazy\" loading=\"lazy\" decoding=\"async\"src=\"https:\/\/redept.com.br\/blogosfera\/wp-content\/uploads\/2026\/04\/colombia-atentado.jpg\" alt=\"\" width=\"739\" height=\"495\" srcset=\"https:\/\/redept.com.br\/blogosfera\/wp-content\/uploads\/2026\/04\/colombia-atentado.jpg 739w, https:\/\/operamundi.uol.com.br\/wp-content\/uploads\/2026\/04\/colombia-atentado-300x201.jpg 300w, https:\/\/operamundi.uol.com.br\/wp-content\/uploads\/2026\/04\/colombia-atentado-150x100.jpg 150w\" sizes=\"auto, (max-width: 739px) 100vw, 739px\"><figcaption>Ataque a bomba deixa 14 mortos e dezenas de feridos na Col\u00f4mbia<br \/>Reprodu\u00e7\u00e3o v\u00eddeo\/ X Octavio Guzm\u00e1n<\/figcaption><\/figure>\n<p>Em longa postagem na plataforma X, o presidente colombiano Gustavo Petro comentou o atentado. \u201cOs que atentaram e mataram sete civis e feriram mais 17 civis em Cajib\u00edo, muitos ind\u00edgenas entre eles, s\u00e3o terroristas, fascistas e narcotraficantes\u201d.<\/p>\n<p>\u201cSeu chefe se chama Marlon, plenamente identificado pela intelig\u00eancia policial e militar\u201d, disse Petro, ao pedir \u201cm\u00e1xima persegui\u00e7\u00e3o mundial\u201d contra o grupo narcoterrorista. \u201cS\u00e3o delinquentes criminosos contra a humanidade e assim devem ser tratados. Querem que a extrema direita: o fascismo, governe a Col\u00f4mbia porque sabem que com eles fazem seus neg\u00f3cios de coca\u00edna e ouro il\u00edcito\u201d, acrescentou.<\/p>\n<p>\u201cQuero a UIAF em cima de suas finan\u00e7as, quero os melhores soldados para enfrent\u00e1-los, quero que o povo caucano se liberte desta m\u00e1fia, detritos da viol\u00eancia\u201d, afirmou, dizendo que pretende assinar a acusa\u00e7\u00e3o e denunciar os respons\u00e1veis perante a Corte Penal Internacional.<\/p>\n<h3>Recompensa por captura<\/h3>\n<p>O ministro da Defesa, Pedro S\u00e1nchez, disse neste s\u00e1bado que a presen\u00e7a militar e policial foi refor\u00e7ada na \u00e1rea para fazer frente aos ataques. \u201cEsta \u00e9 uma demonstra\u00e7\u00e3o covarde de fraqueza por parte de uma organiza\u00e7\u00e3o criminosa cujo principal l\u00edder \u00e9 um criminoso perigoso conhecido como Marlon.\u201d<\/p>\n<p>\u201cDevido aos graves danos que ele est\u00e1 causando \u00e0 Col\u00f4mbia, a recompensa por sua captura foi aumentada para cinco bilh\u00f5es de pesos\u201d, declarou.<\/p>\n<p>A escalada da viol\u00eancia reacende preocupa\u00e7\u00f5es sobre a seguran\u00e7a no pa\u00eds, tema central da elei\u00e7\u00e3o presidencial marcada para 31 de maio. O senador Iv\u00e1n Cepeda, l\u00edder nas pesquisas e os conservadores Abelardo de la Espriella e Paloma Valencia j\u00e1 denunciaram amea\u00e7as de morte.<\/p>\n<p>O post Ataque a bomba deixa 14 mortos e dezenas de feridos na Col\u00f4mbia apareceu primeiro em Opera Mundi.<\/p>\n<!-- Begin Yuzo --><div class='yuzo_related_post style-1'  data-version='5.12.89'><!-- without result --><div class='yuzo_clearfixed yuzo__title yuzo__title'><h3>Related Post<\/h3><\/div>\n\t\t\t\t\t\t  <div class=\"relatedthumb \" style=\"width:125px;float:left;overflow:hidden;\">  \n\t\t\t\t\t\t\t  \n\t\t\t\t\t\t\t  <a  href=\"https:\/\/redept.com.br\/blogosfera\/ex-ministro-e-retido-em-aeroporto-do-panama-e-deportado-ao-brasil\/\"  >\n\t\t\t\t\t\t\t\t\t  <div class=\"yuzo-img-wrap \" style=\"width: 125px;height:90px;\">\n\t\t\t\t\t\t\t\t\t\t\n\t\t\t\t\t\t\t\t\t\t<div class=\"yuzo-img\" style=\"background:url('https:\/\/redept.com.br\/blogosfera\/wp-content\/uploads\/2026\/03\/98413637_franklin-martins-o-ex-ministro-chefe-da-secretaria-de-comunicacao-social-do-governo-de-luiz-150x150.jpg') 50% 50% no-repeat;width: 125px;height:90px;margin-bottom: 5px;background-size: cover; \"><\/div>\n\t\t\t\t\t\t\t\t\t  <\/div>\n\t\t\t\t\t\t\t\t\t  \n\t\t\t\t\t\t\t\t   <span class=\"yuzo__text--title\" style=\"font-size:13px;\">Ex-ministro \u00e9 retido em aeroporto do Panam\u00e1 e depo...<\/span>\n\t\t\t\t\t\t\t  \n\t\t\t\t\t\t\t  \n\t\t\t\t\t\t\t  <\/a>\n\n\t\t\t\t\t\t  <\/div>\n\t\t\t\t\t\t  <div class=\"relatedthumb \" style=\"width:125px;float:left;overflow:hidden;\">  \n\t\t\t\t\t\t\t  \n\t\t\t\t\t\t\t  <a  href=\"https:\/\/redept.com.br\/blogosfera\/luta-contra-escala-6x1-avanca-com-acao-sindical-projeto-de-lei-e-plebiscito\/\"  >\n\t\t\t\t\t\t\t\t\t  <div class=\"yuzo-img-wrap \" style=\"width: 125px;height:90px;\">\n\t\t\t\t\t\t\t\t\t\t\n\t\t\t\t\t\t\t\t\t\t<div class=\"yuzo-img\" style=\"background:url('https:\/\/redept.com.br\/blogosfera\/wp-content\/uploads\/2025\/02\/marcio_ayer-2048x1409-1-150x150.jpg') 50% 50% no-repeat;width: 125px;height:90px;margin-bottom: 5px;background-size: cover; \"><\/div>\n\t\t\t\t\t\t\t\t\t  <\/div>\n\t\t\t\t\t\t\t\t\t  \n\t\t\t\t\t\t\t\t   <span class=\"yuzo__text--title\" style=\"font-size:13px;\">Luta contra escala 6\u00d71 avan\u00e7a com a\u00e7\u00e3o sindical, p...<\/span>\n\t\t\t\t\t\t\t  \n\t\t\t\t\t\t\t  \n\t\t\t\t\t\t\t  <\/a>\n\n\t\t\t\t\t\t  <\/div>\n\t\t\t\t\t\t  <div class=\"relatedthumb \" style=\"width:125px;float:left;overflow:hidden;\">  \n\t\t\t\t\t\t\t  \n\t\t\t\t\t\t\t  <a  href=\"https:\/\/redept.com.br\/blogosfera\/2025-marcou-a-virada-economica-no-brasil-com-inflacao-domada-e-empregos-em-maxima-historica-comemora-simone-tebet\/\"  >\n\t\t\t\t\t\t\t\t\t  <div class=\"yuzo-img-wrap \" style=\"width: 125px;height:90px;\">\n\t\t\t\t\t\t\t\t\t\t\n\t\t\t\t\t\t\t\t\t\t<div class=\"yuzo-img\" style=\"background:url('https:\/\/redept.org\/blogosfera\/wp-content\/plugins\/yuzo-related-post\/assets\/images\/default.png') 50% 50% no-repeat;width: 125px;height:90px;margin-bottom: 5px;background-size: cover; \"><\/div>\n\t\t\t\t\t\t\t\t\t  <\/div>\n\t\t\t\t\t\t\t\t\t  \n\t\t\t\t\t\t\t\t   <span class=\"yuzo__text--title\" style=\"font-size:13px;\">2025 marcou a virada econ\u00f4mica no Brasil, com infl...<\/span>\n\t\t\t\t\t\t\t  \n\t\t\t\t\t\t\t  \n\t\t\t\t\t\t\t  <\/a>\n\n\t\t\t\t\t\t  <\/div>\n\t\t\t\t\t\t  <div class=\"relatedthumb \" style=\"width:125px;float:left;overflow:hidden;\">  \n\t\t\t\t\t\t\t  \n\t\t\t\t\t\t\t  <a  href=\"https:\/\/redept.com.br\/blogosfera\/fim-da-6x1-a-campanha-virou-chapa-branca\/\"  >\n\t\t\t\t\t\t\t\t\t  <div class=\"yuzo-img-wrap \" style=\"width: 125px;height:90px;\">\n\t\t\t\t\t\t\t\t\t\t\n\t\t\t\t\t\t\t\t\t\t<div class=\"yuzo-img\" style=\"background:url('https:\/\/redept.com.br\/blogosfera\/wp-content\/uploads\/2026\/04\/photo_5120727114767338483_w-150x150.jpg') 50% 50% no-repeat;width: 125px;height:90px;margin-bottom: 5px;background-size: cover; \"><\/div>\n\t\t\t\t\t\t\t\t\t  <\/div>\n\t\t\t\t\t\t\t\t\t  \n\t\t\t\t\t\t\t\t   <span class=\"yuzo__text--title\" style=\"font-size:13px;\">Fim da 6\u00d71: a campanha virou \u201cchapa-branca\u201d?<\/span>\n\t\t\t\t\t\t\t  \n\t\t\t\t\t\t\t  \n\t\t\t\t\t\t\t  <\/a>\n\n\t\t\t\t\t\t  <\/div>\n<\/div> <script>\n\t\t\t\t\t\t  jQuery(document).ready(function( $ ){\n\t\t\t\t\t\t\t\/\/jQuery('.yuzo_related_post').equalizer({ overflow : 'relatedthumb' });\n\t\t\t\t\t\t\tjQuery('.yuzo_related_post .yuzo_wraps').equalizer({ columns : '> div' });\n\t\t\t\t\t\t   })\n\t\t\t\t\t\t  <\/script> <!-- End Yuzo :) -->","protected":false},"excerpt":{"rendered":"<p>Um ataque com bomba matou ao menos 14 pessoas e deixou mais de 38 feridos no sudoeste da Col\u00f4mbia neste s\u00e1bado (25\/04), em meio a uma escalada de viol\u00eancia. O atentado ocorreu no departamento de Cauca, regi\u00e3o historicamente marcada pela presen\u00e7a de grupos armados e atividades ilegais, a pouco mais de um m\u00eas das elei\u00e7\u00f5es [\u2026]<\/p>\n<p>O post <a href=\"https:\/\/operamundi.uol.com.br\/america-latina\/ataque-a-bomba-deixa-14-mortos-e-dezenas-de-feridos-na-colombia\/\">Ataque a bomba deixa 14 mortos e dezenas de feridos na Col\u00f4mbia<\/a> apareceu primeiro em <a href=\"https:\/\/operamundi.uol.com.br\/\">Opera Mundi<\/a>.<\/p>\n","protected":false},"author":2,"featured_media":84832,"comment_status":"closed","ping_status":"closed","sticky":false,"template":"","format":"standard","meta":{"fifu_image_url":"","fifu_image_alt":"","footnotes":""},"categories":[347,51536,1787,51537,2953,2243],"tags":[],"class_list":["post-84831","post","type-post","status-publish","format-standard","has-post-thumbnail","hentry","category-america-latina","category-atentado-na-colombia","category-colombia","category-grupos-narcoterroristas","category-gustavo-petro","category-terrorismo"],"_links":{"self":[{"href":"https:\/\/redept.com.br\/blogosfera\/wp-json\/wp\/v2\/posts\/84831","targetHints":{"allow":["GET"]}}],"collection":[{"href":"https:\/\/redept.com.br\/blogosfera\/wp-json\/wp\/v2\/posts"}],"about":[{"href":"https:\/\/redept.com.br\/blogosfera\/wp-json\/wp\/v2\/types\/post"}],"author":[{"embeddable":true,"href":"https:\/\/redept.com.br\/blogosfera\/wp-json\/wp\/v2\/users\/2"}],"replies":[{"embeddable":true,"href":"https:\/\/redept.com.br\/blogosfera\/wp-json\/wp\/v2\/comments?post=84831"}],"version-history":[{"count":0,"href":"https:\/\/redept.com.br\/blogosfera\/wp-json\/wp\/v2\/posts\/84831\/revisions"}],"wp:featuredmedia":[{"embeddable":true,"href":"https:\/\/redept.com.br\/blogosfera\/wp-json\/wp\/v2\/media\/84832"}],"wp:attachment":[{"href":"https:\/\/redept.com.br\/blogosfera\/wp-json\/wp\/v2\/media?parent=84831"}],"wp:term":[{"taxonomy":"category","embeddable":true,"href":"https:\/\/redept.com.br\/blogosfera\/wp-json\/wp\/v2\/categories?post=84831"},{"taxonomy":"post_tag","embeddable":true,"href":"https:\/\/redept.com.br\/blogosfera\/wp-json\/wp\/v2\/tags?post=84831"}],"curies":[{"name":"wp","href":"https:\/\/api.w.org\/{rel}","templated":true}]}}