{"id":84843,"date":"2026-04-26T17:17:00","date_gmt":"2026-04-26T20:17:00","guid":{"rendered":"https:\/\/redept.com.br\/blogosfera\/ministro-da-defesa-do-mali-e-morto-em-ataques-coordenados\/"},"modified":"2026-04-26T17:17:00","modified_gmt":"2026-04-26T20:17:00","slug":"ministro-da-defesa-do-mali-e-morto-em-ataques-coordenados","status":"publish","type":"post","link":"https:\/\/redept.com.br\/blogosfera\/ministro-da-defesa-do-mali-e-morto-em-ataques-coordenados\/","title":{"rendered":"Ministro da Defesa do Mali \u00e9 morto em ataques coordenados"},"content":{"rendered":"<p>O governo do Mali confirmou a morte do seu ministro da Defesa, Sadio Camara, durante uma s\u00e9rie de ataques coordenados contra instala\u00e7\u00f5es militares em diferentes regi\u00f5es do pa\u00eds neste s\u00e1bado (25\/06).\u00a0A resid\u00eancia do ministro, na cidade militar de Kati, foi alvo de um ataque simult\u00e2neo com um carro-bomba.<\/p>\n<p>Uma das mulheres de C\u00e2mara, dois de seus netos e outros civis que se encontravam na habita\u00e7\u00e3o tamb\u00e9m foram mortos. O ataque foi assumido pelo grupo ligado \u00e0 Al-Qaeda, Jama\u2019at Nusrat al-Islam wal-Muslimin (JNIM), juntamente com os combatentes tuaregues da Frente de Liberta\u00e7\u00e3o de Azawad (FLA).<\/p>\n<p>Camara era apontado como uma figura central do atual governo interino, comandando por uma junta militar liderada pelo presidente Assimi Goita, que governa o Mali desde 2020. O ministro havia desempenhado um importante papel na aproxima\u00e7\u00e3o estrat\u00e9gica do pa\u00eds com a R\u00fassia e na reestrutura\u00e7\u00e3o das alian\u00e7as de seguran\u00e7a na regi\u00e3o do Sahel.<\/p>\n<p>\u201cEle era visto por alguns como um poss\u00edvel futuro l\u00edder do Mali\u201d, afirmou o jornalista Nicolas Haque da Al Jazeera. \u201cSua morte \u00e9 um grande golpe para as for\u00e7as armadas do pa\u00eds\u201d, acrescentou, ao contar que o presidente do pa\u00eds foi levado para um local seguro e n\u00e3o foi atingido. Ele est\u00e1 \u201cvivo e bem, em um local seguro\u201d, afirmou.<\/p>\n<figure aria-describedby=\"caption-attachment-253122\"><img fetchpriority=\"high\" decoding=\"async\"src=\"https:\/\/redept.com.br\/blogosfera\/wp-content\/uploads\/2026\/04\/sadio_camara_speech_at_bamako_air_base_9_aug_2022.png\" alt=\"\" width=\"1024\" height=\"576\" srcset=\"https:\/\/operamundi.uol.com.br\/wp-content\/uploads\/2026\/04\/sadio_camara_speech_at_bamako_air_base_9_aug_2022-1024x576.png 1024w, https:\/\/operamundi.uol.com.br\/wp-content\/uploads\/2026\/04\/sadio_camara_speech_at_bamako_air_base_9_aug_2022-300x169.png 300w, https:\/\/operamundi.uol.com.br\/wp-content\/uploads\/2026\/04\/sadio_camara_speech_at_bamako_air_base_9_aug_2022-768x432.png 768w, https:\/\/operamundi.uol.com.br\/wp-content\/uploads\/2026\/04\/sadio_camara_speech_at_bamako_air_base_9_aug_2022-150x84.png 150w, https:\/\/operamundi.uol.com.br\/wp-content\/uploads\/2026\/04\/sadio_camara_speech_at_bamako_air_base_9_aug_2022-750x422.png 750w, https:\/\/operamundi.uol.com.br\/wp-content\/uploads\/2026\/04\/sadio_camara_speech_at_bamako_air_base_9_aug_2022-1140x641.png 1140w, https:\/\/redept.com.br\/blogosfera\/wp-content\/uploads\/2026\/04\/sadio_camara_speech_at_bamako_air_base_9_aug_2022.png 1280w\" sizes=\"(max-width: 1024px) 100vw, 1024px\"><figcaption>Ministro da Defesa do Mali \u00e9 morto em meio a ataques coordenados<br \/>Mohamed Dagnoko (VOA) \/ Wikipedia<\/figcaption><\/figure>\n<p>Desde 2012, o Mali vem enfrentando ataques, golpes de Estado e a expans\u00e3o de grupos armados, apesar dos acordos militares e da presen\u00e7a de for\u00e7as estrangeiras para conter as agress\u00f5es no pa\u00eds.<\/p>\n<p>Neste s\u00e1bado, outras cidades como Bamako, Gao, Kidal e Sevar\u00e9 tamb\u00e9m foram atacadas com tiroteios e explos\u00f5es. A Frente de Liberta\u00e7\u00e3o do Azawad (FLA) reivindica o territ\u00f3rio do norte do Mali. A organiza\u00e7\u00e3o havia informado que assumiria o controle de Kidal e, neste domingo, foi anunciada a retirada das for\u00e7as malinesas e russas da cidade.<\/p>\n<h3>Entidades condenam ataque<\/h3>\n<p>A Uni\u00e3o Africana, a Organiza\u00e7\u00e3o de Coopera\u00e7\u00e3o Isl\u00e2mica e o Departamento de Assuntos Africanos dos Estados Unidos condenaram os ataques, refor\u00e7ando a preocupa\u00e7\u00e3o com a deteriora\u00e7\u00e3o da seguran\u00e7a na regi\u00e3o do Sahel.<\/p>\n<p>A Comunidade Econ\u00f3mica dos Estados da \u00c1frica Ocidental (CEDEAO) afirmou que \u201cos atos hediondos demonstram mais uma vez a natureza b\u00e1rbara dos autores, que continuam a amea\u00e7ar a paz, a seguran\u00e7a e a estabilidade em toda a sub-regi\u00e3o da \u00c1frica Ocidental\u201d.<\/p>\n<p>A Uni\u00e3o Europeia tamb\u00e9m condenou os ataques em comunicado, reafirmando o compromisso \u201ccontra o terrorismo e com a paz, seguran\u00e7a e estabilidade no Mali e em todo o \u201cSahel\u201d.<\/p>\n<p>J\u00e1 o secret\u00e1rio-geral das Na\u00e7\u00f5es Unidas, Ant\u00f3nio Guterres, repudiou o \u201cextremismo violento\u201d e apelou por \u201cum apoio internacional coordenado para enfrentar a amea\u00e7a evolutiva do extremismo violento e do terrorismo no Sahel\u201d.<\/p>\n<p>O post Ministro da Defesa do Mali \u00e9 morto em ataques coordenados apareceu primeiro em Opera Mundi.<\/p>\n<!-- Begin Yuzo --><div class='yuzo_related_post style-1'  data-version='5.12.89'><!-- without result --><div class='yuzo_clearfixed yuzo__title yuzo__title'><h3>Related Post<\/h3><\/div>\n\t\t\t\t\t\t  <div class=\"relatedthumb \" style=\"width:125px;float:left;overflow:hidden;\">  \n\t\t\t\t\t\t\t  \n\t\t\t\t\t\t\t  <a  href=\"https:\/\/redept.com.br\/blogosfera\/audios-ineditos-revelam-ligacao-de-oficiais-das-forcas-armadas-com-o-8-de-janeiro\/\"  >\n\t\t\t\t\t\t\t\t\t  <div class=\"yuzo-img-wrap \" style=\"width: 125px;height:90px;\">\n\t\t\t\t\t\t\t\t\t\t\n\t\t\t\t\t\t\t\t\t\t<div class=\"yuzo-img\" style=\"background:url('https:\/\/redept.org\/blogosfera\/wp-content\/plugins\/yuzo-related-post\/assets\/images\/default.png') 50% 50% no-repeat;width: 125px;height:90px;margin-bottom: 5px;background-size: cover; \"><\/div>\n\t\t\t\t\t\t\t\t\t  <\/div>\n\t\t\t\t\t\t\t\t\t  \n\t\t\t\t\t\t\t\t   <span class=\"yuzo__text--title\" style=\"font-size:13px;\">\u00c1udios in\u00e9ditos revelam liga\u00e7\u00e3o de oficiais das Fo...<\/span>\n\t\t\t\t\t\t\t  \n\t\t\t\t\t\t\t  \n\t\t\t\t\t\t\t  <\/a>\n\n\t\t\t\t\t\t  <\/div>\n\t\t\t\t\t\t  <div class=\"relatedthumb \" style=\"width:125px;float:left;overflow:hidden;\">  \n\t\t\t\t\t\t\t  \n\t\t\t\t\t\t\t  <a  href=\"https:\/\/redept.com.br\/blogosfera\/falta-de-justica-para-atrocidades-da-ditadura-faz-do-araguaia-uma-ferida-ainda-aberta\/\"  >\n\t\t\t\t\t\t\t\t\t  <div class=\"yuzo-img-wrap \" style=\"width: 125px;height:90px;\">\n\t\t\t\t\t\t\t\t\t\t\n\t\t\t\t\t\t\t\t\t\t<div class=\"yuzo-img\" style=\"background:url('https:\/\/redept.com.br\/blogosfera\/wp-content\/uploads\/2025\/01\/tropas-no-araguaia-150x150.jpeg') 50% 50% no-repeat;width: 125px;height:90px;margin-bottom: 5px;background-size: cover; \"><\/div>\n\t\t\t\t\t\t\t\t\t  <\/div>\n\t\t\t\t\t\t\t\t\t  \n\t\t\t\t\t\t\t\t   <span class=\"yuzo__text--title\" style=\"font-size:13px;\">Falta de justi\u00e7a para atrocidades da ditadura faz ...<\/span>\n\t\t\t\t\t\t\t  \n\t\t\t\t\t\t\t  \n\t\t\t\t\t\t\t  <\/a>\n\n\t\t\t\t\t\t  <\/div>\n\t\t\t\t\t\t  <div class=\"relatedthumb \" style=\"width:125px;float:left;overflow:hidden;\">  \n\t\t\t\t\t\t\t  \n\t\t\t\t\t\t\t  <a  href=\"https:\/\/redept.com.br\/blogosfera\/artigo-os-novos-desafios-na-defesa-da-escola-publica\/\"  >\n\t\t\t\t\t\t\t\t\t  <div class=\"yuzo-img-wrap \" style=\"width: 125px;height:90px;\">\n\t\t\t\t\t\t\t\t\t\t\n\t\t\t\t\t\t\t\t\t\t<div class=\"yuzo-img\" style=\"background:url('https:\/\/redept.org\/blogosfera\/wp-content\/plugins\/yuzo-related-post\/assets\/images\/default.png') 50% 50% no-repeat;width: 125px;height:90px;margin-bottom: 5px;background-size: cover; \"><\/div>\n\t\t\t\t\t\t\t\t\t  <\/div>\n\t\t\t\t\t\t\t\t\t  \n\t\t\t\t\t\t\t\t   <span class=\"yuzo__text--title\" style=\"font-size:13px;\">Artigo | Os novos desafios na defesa da escola p\u00fab...<\/span>\n\t\t\t\t\t\t\t  \n\t\t\t\t\t\t\t  \n\t\t\t\t\t\t\t  <\/a>\n\n\t\t\t\t\t\t  <\/div>\n\t\t\t\t\t\t  <div class=\"relatedthumb \" style=\"width:125px;float:left;overflow:hidden;\">  \n\t\t\t\t\t\t\t  \n\t\t\t\t\t\t\t  <a  href=\"https:\/\/redept.com.br\/blogosfera\/especializacao-em-estudos-culturais-fortalece-leitura-critica-e-organizacao-popular-no-continente\/\"  >\n\t\t\t\t\t\t\t\t\t  <div class=\"yuzo-img-wrap \" style=\"width: 125px;height:90px;\">\n\t\t\t\t\t\t\t\t\t\t\n\t\t\t\t\t\t\t\t\t\t<div class=\"yuzo-img\" style=\"background:url('https:\/\/redept.com.br\/blogosfera\/wp-content\/uploads\/2026\/03\/ENFF-Cultura-2-150x150.jpeg') 50% 50% no-repeat;width: 125px;height:90px;margin-bottom: 5px;background-size: cover; \"><\/div>\n\t\t\t\t\t\t\t\t\t  <\/div>\n\t\t\t\t\t\t\t\t\t  \n\t\t\t\t\t\t\t\t   <span class=\"yuzo__text--title\" style=\"font-size:13px;\">Especializa\u00e7\u00e3o em Estudos Culturais fortalece leit...<\/span>\n\t\t\t\t\t\t\t  \n\t\t\t\t\t\t\t  \n\t\t\t\t\t\t\t  <\/a>\n\n\t\t\t\t\t\t  <\/div>\n<\/div> <script>\n\t\t\t\t\t\t  jQuery(document).ready(function( $ ){\n\t\t\t\t\t\t\t\/\/jQuery('.yuzo_related_post').equalizer({ overflow : 'relatedthumb' });\n\t\t\t\t\t\t\tjQuery('.yuzo_related_post .yuzo_wraps').equalizer({ columns : '> div' });\n\t\t\t\t\t\t   })\n\t\t\t\t\t\t  <\/script> <!-- End Yuzo :) -->","protected":false},"excerpt":{"rendered":"<p>O governo do Mali confirmou a morte do seu ministro da Defesa, Sadio Camara, durante uma s\u00e9rie de ataques coordenados contra instala\u00e7\u00f5es militares em diferentes regi\u00f5es do pa\u00eds neste s\u00e1bado (25\/06).\u00a0A resid\u00eancia do ministro, na cidade militar de Kati, foi alvo de um ataque simult\u00e2neo com um carro-bomba. Uma das mulheres de C\u00e2mara, dois de [\u2026]<\/p>\n<p>O post <a href=\"https:\/\/operamundi.uol.com.br\/africa\/ministro-da-defesa-do-mali-e-morto-em-ataques-coordenados\/\">Ministro da Defesa do Mali \u00e9 morto em ataques coordenados<\/a> apareceu primeiro em <a href=\"https:\/\/operamundi.uol.com.br\/\">Opera Mundi<\/a>.<\/p>\n","protected":false},"author":2,"featured_media":84844,"comment_status":"closed","ping_status":"closed","sticky":false,"template":"","format":"standard","meta":{"fifu_image_url":"","fifu_image_alt":"","footnotes":""},"categories":[1047,51542,51543,7589,6907,51544,3019],"tags":[],"class_list":["post-84843","post","type-post","status-publish","format-standard","has-post-thumbnail","hentry","category-africa","category-al-qaeda","category-frente-de-libertacao-do-azawad-fla","category-grupos-armados","category-mali","category-sadio-camara","category-sahel"],"_links":{"self":[{"href":"https:\/\/redept.com.br\/blogosfera\/wp-json\/wp\/v2\/posts\/84843","targetHints":{"allow":["GET"]}}],"collection":[{"href":"https:\/\/redept.com.br\/blogosfera\/wp-json\/wp\/v2\/posts"}],"about":[{"href":"https:\/\/redept.com.br\/blogosfera\/wp-json\/wp\/v2\/types\/post"}],"author":[{"embeddable":true,"href":"https:\/\/redept.com.br\/blogosfera\/wp-json\/wp\/v2\/users\/2"}],"replies":[{"embeddable":true,"href":"https:\/\/redept.com.br\/blogosfera\/wp-json\/wp\/v2\/comments?post=84843"}],"version-history":[{"count":0,"href":"https:\/\/redept.com.br\/blogosfera\/wp-json\/wp\/v2\/posts\/84843\/revisions"}],"wp:featuredmedia":[{"embeddable":true,"href":"https:\/\/redept.com.br\/blogosfera\/wp-json\/wp\/v2\/media\/84844"}],"wp:attachment":[{"href":"https:\/\/redept.com.br\/blogosfera\/wp-json\/wp\/v2\/media?parent=84843"}],"wp:term":[{"taxonomy":"category","embeddable":true,"href":"https:\/\/redept.com.br\/blogosfera\/wp-json\/wp\/v2\/categories?post=84843"},{"taxonomy":"post_tag","embeddable":true,"href":"https:\/\/redept.com.br\/blogosfera\/wp-json\/wp\/v2\/tags?post=84843"}],"curies":[{"name":"wp","href":"https:\/\/api.w.org\/{rel}","templated":true}]}}