{"id":84850,"date":"2026-04-27T06:00:00","date_gmt":"2026-04-27T09:00:00","guid":{"rendered":"https:\/\/redept.com.br\/blogosfera\/fim-da-escala-6x1-e-pl-antimisoginia-marcam-a-semana-no-congresso-stf-analisa-indenizacao-de-fotografo-que-ficou-cego-atingido-pela-pm\/"},"modified":"2026-04-27T06:00:00","modified_gmt":"2026-04-27T09:00:00","slug":"fim-da-escala-6x1-e-pl-antimisoginia-marcam-a-semana-no-congresso-stf-analisa-indenizacao-de-fotografo-que-ficou-cego-atingido-pela-pm","status":"publish","type":"post","link":"https:\/\/redept.com.br\/blogosfera\/fim-da-escala-6x1-e-pl-antimisoginia-marcam-a-semana-no-congresso-stf-analisa-indenizacao-de-fotografo-que-ficou-cego-atingido-pela-pm\/","title":{"rendered":"Fim da escala 6\u00d71 e PL Antimisoginia marcam a semana no Congresso; STF analisa indeniza\u00e7\u00e3o de fot\u00f3grafo que ficou cego atingido pela PM"},"content":{"rendered":"<p>Esta semana em Bras\u00edlia ser\u00e1 marcada pela discuss\u00e3o da escala 6\u00d71 que ganha uma comiss\u00e3o especial no Congresso Nacional, assim como a lei que compara misoginia a racismo. No Supremo Tribunal Federal (STF), o tema \u00e9 a responsabilidade do Estado em casos de viol\u00eancia policial. J\u00e1 na ter\u00e7a-feira (28), o STF deve retomar o julgamento [\u2026]<\/p>\n<p><a href=\"https:\/\/www.brasildefato.com.br\/2026\/04\/27\/fim-da-escala-6x1-e-pl-antimisoginia-marcam-a-semana-no-congresso-stf-analisa-indenizacao-de-fotografo-que-ficou-cego-atingido-pela-pm\/\" rel=\"nofollow\">Fonte<\/a><\/p>\n<!-- Begin Yuzo --><div class='yuzo_related_post style-1'  data-version='5.12.89'><!-- without result --><div class='yuzo_clearfixed yuzo__title yuzo__title'><h3>Related Post<\/h3><\/div>\n\t\t\t\t\t\t  <div class=\"relatedthumb \" style=\"width:125px;float:left;overflow:hidden;\">  \n\t\t\t\t\t\t\t  \n\t\t\t\t\t\t\t  <a  href=\"https:\/\/redept.com.br\/blogosfera\/brasil-sedia-cop15-e-articula-resposta-global-a-crise-da-biodiversidade\/\"  >\n\t\t\t\t\t\t\t\t\t  <div class=\"yuzo-img-wrap \" style=\"width: 125px;height:90px;\">\n\t\t\t\t\t\t\t\t\t\t\n\t\t\t\t\t\t\t\t\t\t<div class=\"yuzo-img\" style=\"background:url('https:\/\/redept.com.br\/blogosfera\/wp-content\/uploads\/2026\/03\/Fotografia-oficial-da-15a-Conferencia-das-Partes-da-Convencao-sobre-Especies-Migratorias-da-ONU_foto_ricardo-_stuckert_pr-150x150.jpg') 50% 50% no-repeat;width: 125px;height:90px;margin-bottom: 5px;background-size: cover; \"><\/div>\n\t\t\t\t\t\t\t\t\t  <\/div>\n\t\t\t\t\t\t\t\t\t  \n\t\t\t\t\t\t\t\t   <span class=\"yuzo__text--title\" style=\"font-size:13px;\">Brasil sedia COP15 e articula resposta global \u00e0 cr...<\/span>\n\t\t\t\t\t\t\t  \n\t\t\t\t\t\t\t  \n\t\t\t\t\t\t\t  <\/a>\n\n\t\t\t\t\t\t  <\/div>\n\t\t\t\t\t\t  <div class=\"relatedthumb \" style=\"width:125px;float:left;overflow:hidden;\">  \n\t\t\t\t\t\t\t  \n\t\t\t\t\t\t\t  <a  href=\"https:\/\/redept.com.br\/blogosfera\/apoie-o-blog-antropofagista-com-qualquer-valor\/\"  >\n\t\t\t\t\t\t\t\t\t  <div class=\"yuzo-img-wrap \" style=\"width: 125px;height:90px;\">\n\t\t\t\t\t\t\t\t\t\t\n\t\t\t\t\t\t\t\t\t\t<div class=\"yuzo-img\" style=\"background:url('https:\/\/redept.org\/blogosfera\/wp-content\/plugins\/yuzo-related-post\/assets\/images\/default.png') 50% 50% no-repeat;width: 125px;height:90px;margin-bottom: 5px;background-size: cover; \"><\/div>\n\t\t\t\t\t\t\t\t\t  <\/div>\n\t\t\t\t\t\t\t\t\t  \n\t\t\t\t\t\t\t\t   <span class=\"yuzo__text--title\" style=\"font-size:13px;\">Apoie o Blog Antropofagista com qualquer valor<\/span>\n\t\t\t\t\t\t\t  \n\t\t\t\t\t\t\t  \n\t\t\t\t\t\t\t  <\/a>\n\n\t\t\t\t\t\t  <\/div>\n\t\t\t\t\t\t  <div class=\"relatedthumb \" style=\"width:125px;float:left;overflow:hidden;\">  \n\t\t\t\t\t\t\t  \n\t\t\t\t\t\t\t  <a  href=\"https:\/\/redept.com.br\/blogosfera\/57o-festival-de-brasilia-celebra-o-cinema-nacional-com-programacao-diversa\/\"  >\n\t\t\t\t\t\t\t\t\t  <div class=\"yuzo-img-wrap \" style=\"width: 125px;height:90px;\">\n\t\t\t\t\t\t\t\t\t\t\n\t\t\t\t\t\t\t\t\t\t<div class=\"yuzo-img\" style=\"background:url('https:\/\/redept.org\/blogosfera\/wp-content\/plugins\/yuzo-related-post\/assets\/images\/default.png') 50% 50% no-repeat;width: 125px;height:90px;margin-bottom: 5px;background-size: cover; \"><\/div>\n\t\t\t\t\t\t\t\t\t  <\/div>\n\t\t\t\t\t\t\t\t\t  \n\t\t\t\t\t\t\t\t   <span class=\"yuzo__text--title\" style=\"font-size:13px;\">57\u00ba Festival de Bras\u00edlia celebra o cinema nacional...<\/span>\n\t\t\t\t\t\t\t  \n\t\t\t\t\t\t\t  \n\t\t\t\t\t\t\t  <\/a>\n\n\t\t\t\t\t\t  <\/div>\n\t\t\t\t\t\t  <div class=\"relatedthumb \" style=\"width:125px;float:left;overflow:hidden;\">  \n\t\t\t\t\t\t\t  \n\t\t\t\t\t\t\t  <a  href=\"https:\/\/redept.com.br\/blogosfera\/tarcisio-cerca-favela-do-moinho-e-ataca-moradores-um-bebe-passa-mal-apos-uso-de-gas-lacrimogeneo\/\"  >\n\t\t\t\t\t\t\t\t\t  <div class=\"yuzo-img-wrap \" style=\"width: 125px;height:90px;\">\n\t\t\t\t\t\t\t\t\t\t\n\t\t\t\t\t\t\t\t\t\t<div class=\"yuzo-img\" style=\"background:url('https:\/\/redept.com.br\/blogosfera\/wp-content\/uploads\/2025\/05\/bdf-20250513-160938-2adabb-150x150.jpg') 50% 50% no-repeat;width: 125px;height:90px;margin-bottom: 5px;background-size: cover; \"><\/div>\n\t\t\t\t\t\t\t\t\t  <\/div>\n\t\t\t\t\t\t\t\t\t  \n\t\t\t\t\t\t\t\t   <span class=\"yuzo__text--title\" style=\"font-size:13px;\">Tarc\u00edsio cerca favela do Moinho e ataca moradores;...<\/span>\n\t\t\t\t\t\t\t  \n\t\t\t\t\t\t\t  \n\t\t\t\t\t\t\t  <\/a>\n\n\t\t\t\t\t\t  <\/div>\n<\/div> <script>\n\t\t\t\t\t\t  jQuery(document).ready(function( $ ){\n\t\t\t\t\t\t\t\/\/jQuery('.yuzo_related_post').equalizer({ overflow : 'relatedthumb' });\n\t\t\t\t\t\t\tjQuery('.yuzo_related_post .yuzo_wraps').equalizer({ columns : '> div' });\n\t\t\t\t\t\t   })\n\t\t\t\t\t\t  <\/script> <!-- End Yuzo :) -->","protected":false},"excerpt":{"rendered":"<p>Esta semana em Bras\u00edlia ser\u00e1 marcada pela discuss\u00e3o da escala 6\u00d71 que ganha uma comiss\u00e3o especial no Congresso Nacional, assim como a lei que compara misoginia a racismo. No Supremo Tribunal Federal (STF), o tema \u00e9 a responsabilidade do Estado em casos de viol\u00eancia policial. J\u00e1 na ter\u00e7a-feira (28), o STF deve retomar o julgamento [&hellip;]<\/p>\n","protected":false},"author":2,"featured_media":0,"comment_status":"open","ping_status":"closed","sticky":false,"template":"","format":"standard","meta":{"fifu_image_url":"","fifu_image_alt":"","footnotes":""},"categories":[51548,51549,51550,51551,40332,42008,51552,388,51553,51293,51554,51555,1679,7099,51556,34499,51557,14706,51558,51559,51560,132,51561,51562,1442,51563,51564,33782,7236,19317,506],"tags":[],"class_list":["post-84850","post","type-post","status-publish","format-standard","hentry","category-bala-de-borracha","category-brasil-educacao","category-brasil-trabalho","category-brasilia-politica","category-carreira-do-magisterio","category-cobertura-jornalistica","category-comissao-especial-camara","category-congresso-nacional","category-crime-estado","category-criminalizacao-misoginia","category-debate-stf","category-direitos-mulheres","category-direitos-trabalhistas","category-educacao-infantil","category-equiparacao-racismo","category-fim-escala-6x1","category-indenizacao-fotografo","category-julgamento-stf","category-lei-da-inclusao","category-manifestacao-2013","category-pec-jornada-trabalho","category-politica","category-primeiro-turma","category-projeto-de-lei-antimisoginia","category-reforma-trabalhista","category-responsabilidade-do-estado","category-semana-politica","category-stf-decisao","category-supremo-tribunal-federal","category-valorizacao-docente","category-violencia-policial"],"_links":{"self":[{"href":"https:\/\/redept.com.br\/blogosfera\/wp-json\/wp\/v2\/posts\/84850","targetHints":{"allow":["GET"]}}],"collection":[{"href":"https:\/\/redept.com.br\/blogosfera\/wp-json\/wp\/v2\/posts"}],"about":[{"href":"https:\/\/redept.com.br\/blogosfera\/wp-json\/wp\/v2\/types\/post"}],"author":[{"embeddable":true,"href":"https:\/\/redept.com.br\/blogosfera\/wp-json\/wp\/v2\/users\/2"}],"replies":[{"embeddable":true,"href":"https:\/\/redept.com.br\/blogosfera\/wp-json\/wp\/v2\/comments?post=84850"}],"version-history":[{"count":0,"href":"https:\/\/redept.com.br\/blogosfera\/wp-json\/wp\/v2\/posts\/84850\/revisions"}],"wp:attachment":[{"href":"https:\/\/redept.com.br\/blogosfera\/wp-json\/wp\/v2\/media?parent=84850"}],"wp:term":[{"taxonomy":"category","embeddable":true,"href":"https:\/\/redept.com.br\/blogosfera\/wp-json\/wp\/v2\/categories?post=84850"},{"taxonomy":"post_tag","embeddable":true,"href":"https:\/\/redept.com.br\/blogosfera\/wp-json\/wp\/v2\/tags?post=84850"}],"curies":[{"name":"wp","href":"https:\/\/api.w.org\/{rel}","templated":true}]}}