{"id":84858,"date":"2026-04-27T08:01:36","date_gmt":"2026-04-27T11:01:36","guid":{"rendered":"https:\/\/redept.com.br\/blogosfera\/confira-a-cotacao-do-dolar-em-27-de-abril\/"},"modified":"2026-04-27T08:01:36","modified_gmt":"2026-04-27T11:01:36","slug":"confira-a-cotacao-do-dolar-em-27-de-abril","status":"publish","type":"post","link":"https:\/\/redept.com.br\/blogosfera\/confira-a-cotacao-do-dolar-em-27-de-abril\/","title":{"rendered":"Confira a cota\u00e7\u00e3o do d\u00f3lar em 27 de abril"},"content":{"rendered":"<p>Confira do valor do d\u00f3lar e outros indicadores da economia nesta quarta-feira, <a href=\"https:\/\/tvtnews.com.br\/efemerides-datas-e-feriados-de-abril-de-2026\/\" data-type=\"post\" data-id=\"782635\">27 de abril<\/a>, com a <a href=\"http:\/\/tvtnews.com.br\/\" data-type=\"link\" data-id=\"tvtnews.com.br\" target=\"_blank\" rel=\"noopener noreferrer nofollow\">TVT News<\/a>.<\/p>\n<\/p>\n<h2>D\u00f3lar hoje<\/h2>\n<p><!-- TradingView Single Ticker --><\/p>\n<div>\n<div><\/div>\n<\/div>\n<p><\/p>\n<h2>Confira a cota\u00e7\u00e3o do d\u00f3lar hoje<\/h2>\n<\/p>\n<p><!-- TradingView Widget BEGIN --><\/p>\n<div>\n<div><\/div>\n<\/div>\n<p><!-- TradingView Widget END --><\/p>\n<p><!-- TradingView Widget BEGIN --><\/p>\n<div>\n<div><\/div>\n<\/div>\n<p><!-- TradingView Widget END --><\/p>\n<\/p>\n<h2>Mercado financeiro em tempo real<\/h2>\n<p>Confira os n\u00fameros da economia brasileira<\/p>\n<ul>\n<li>\u00cdndice Bovespa<\/li>\n<li>Cota\u00e7\u00e3o do d\u00f3lar<\/li>\n<li>Pre\u00e7o do Petr\u00f3leo Brent<\/li>\n<li>Cota\u00e7\u00e3o do Euro<\/li>\n<\/ul>\n<div>\n<h3><imgsrc=\"\" alt=\"\ud83d\udcca\"> Economia ao vivo<\/h3>\n<p>  <!-- Linha 1 --><\/p>\n<div>\n<p>    <!-- D\u00f3lar --><\/p>\n<div>\n<div><\/div>\n<\/p><\/div>\n<p>    <!-- Euro --><\/p>\n<div>\n<div><\/div>\n<\/p><\/div>\n<\/p><\/div>\n<p>  <!-- Linha 2 --><\/p>\n<div>\n<p>    <!-- Brent --><\/p>\n<div>\n<div><\/div>\n<\/p><\/div>\n<p>    <!-- Ibovespa --><\/p>\n<div>\n<div><\/div>\n<\/p><\/div>\n<\/p><\/div>\n<\/div>\n<h2>Confira a cota\u00e7\u00e3o do dol\u00e1r e de outras moedas internacionais (euro e peso argentino)<\/h2>\n<p>Cota\u00e7\u00e3o atualizada do d\u00f3lar, euro e peso argentino em compara\u00e7\u00e3o ao Real. <\/p>\n<\/p>\n<p><!-- TradingView Forex Cross Rates --><\/p>\n<div>\n<div><\/div>\n<\/div>\n<p><a href=\"https:\/\/chat.whatsapp.com\/HC8TJaWXK8t4wNAG0oRwZI?mode=gi_t\" target=\"_blank\" rel=\"noreferrer noopener nofollow\">&gt;&gt; Siga o grupo da\u00a0<strong>TVT News\u00a0<\/strong>no WhatsApp<\/a><\/p>\n<\/p>\n<h2>O que interfere no valor do d\u00f3lar?<\/h2>\n<p>Os <a href=\"https:\/\/tvtnews.com.br\/ultimas-noticias-da-guerra-no-oriente-medio-10-04\/\" data-type=\"post\" data-id=\"784120\">\u00faltimos desdobramentos do conflito no Oriente M\u00e9dio<\/a> est\u00e3o afetando os mercados brasileiros<\/p>\n<h3>D\u00f3lar abaixo dos R$ 5,00<\/h3>\n<p>A \u00faltima vez que a moeda norte-americana foi negociada abaixo dos R$ 5,00 foi h\u00e1 quase tr\u00eas anos, em 12 de abril de 2023, quando chegou a R$ 4,94.<\/p>\n<p>A entrada de investimento estrangeiro, comprovada pela alta do Ibovespa, \u00e9 apontada como uma das raz\u00f5es <a href=\"https:\/\/tvtnews.com.br\/valor-dolar-hoje-confira-qual-a-cotacao-do-dolar\/\" data-type=\"post\" data-id=\"783779\">para a queda do d\u00f3lar<\/a>.<\/p>\n<p>Analistas avaliam que o pa\u00eds se beneficia com a valoriza\u00e7\u00e3o de commodities, especialmente o petr\u00f3leo, o que melhora a balan\u00e7a comercial e atrai investimentos para empresas do setor energ\u00e9tico. <\/p>\n<p>Outro fator que sustenta a queda do d\u00f3lar \u00e9 o diferencial de juros. Mesmo com expectativa de cortes, o <a href=\"https:\/\/tvtnews.com.br\/bc-reduz-a-taxa-selic\/\" data-type=\"post\" data-id=\"781619\">Brasil ainda oferece taxas elevadas<\/a>, o que continua atraindo capital estrangeiro. <\/p>\n<p>As proje\u00e7\u00f5es indicam que a moeda pode seguir em queda, caso se mantenham fatores como o fluxo estrangeiro, a estabilidade internacional e o enfraquecimento global do d\u00f3lar.<\/p>\n<figure><img fetchpriority=\"high\" fetchpriority=\"high\" decoding=\"async\" width=\"1600\" height=\"900\"src=\"https:\/\/redept.com.br\/blogosfera\/wp-content\/uploads\/2026\/04\/dolares-Marcello-Casal-Jr-Agencia-Brasil-8.jpg\" alt=\"oxfam-estima-em-us-3-55-tri-riqueza-escondida-em-paraisos-fiscais-0-1-mais-rico-detem-aproximadamente-80-de-toda-a-riqueza-offshore-nao-tributada-foto-marcello-casal-jr-agencia-brasil-tvt-news-cotacao-do-dolar\" title=\"Confira a cota\u00e7\u00e3o do d\u00f3lar em 27 de abril 2\" srcset=\"https:\/\/redept.com.br\/blogosfera\/wp-content\/uploads\/2026\/04\/dolares-Marcello-Casal-Jr-Agencia-Brasil-8.jpg 1600w, https:\/\/tvtnews.com.br\/wp-content\/uploads\/2026\/04\/dolares-Marcello-Casal-Jr-Agencia-Brasil-300x169.jpg 300w, https:\/\/tvtnews.com.br\/wp-content\/uploads\/2026\/04\/dolares-Marcello-Casal-Jr-Agencia-Brasil-1024x576.jpg 1024w, https:\/\/tvtnews.com.br\/wp-content\/uploads\/2026\/04\/dolares-Marcello-Casal-Jr-Agencia-Brasil-768x432.jpg 768w, https:\/\/tvtnews.com.br\/wp-content\/uploads\/2026\/04\/dolares-Marcello-Casal-Jr-Agencia-Brasil-1536x864.jpg 1536w\" sizes=\"(max-width: 1600px) 100vw, 1600px\"><figcaption>Confira o valor do d\u00f3lar hoje. Foto: Marcello Casal Jr\/Ag\u00eancia Brasil<\/figcaption><\/figure>\n<\/p>\n<\/p>\n<p>The post <a rel=\"nofollow\" href=\"https:\/\/tvtnews.com.br\/confira-a-cotacao-do-dolar-em-27-de-abril\/\">Confira a cota\u00e7\u00e3o do d\u00f3lar em 27 de abril<\/a> appeared first on <a rel=\"nofollow\" href=\"https:\/\/tvtnews.com.br\/\">TVT News<\/a>.<\/p>\n<!-- Begin Yuzo --><div class='yuzo_related_post style-1'  data-version='5.12.89'><!-- without result --><div class='yuzo_clearfixed yuzo__title yuzo__title'><h3>Related Post<\/h3><\/div>\n\t\t\t\t\t\t  <div class=\"relatedthumb \" style=\"width:125px;float:left;overflow:hidden;\">  \n\t\t\t\t\t\t\t  \n\t\t\t\t\t\t\t  <a  href=\"https:\/\/redept.com.br\/blogosfera\/quinteto-brasileiro-conquista-medalha-inedita-na-ginastica-ritmica-mundial\/\"  >\n\t\t\t\t\t\t\t\t\t  <div class=\"yuzo-img-wrap \" style=\"width: 125px;height:90px;\">\n\t\t\t\t\t\t\t\t\t\t\n\t\t\t\t\t\t\t\t\t\t<div class=\"yuzo-img\" style=\"background:url('https:\/\/redept.com.br\/blogosfera\/wp-content\/uploads\/2025\/08\/ginastas-brasileiras_fig-150x150.jpg') 50% 50% no-repeat;width: 125px;height:90px;margin-bottom: 5px;background-size: cover; \"><\/div>\n\t\t\t\t\t\t\t\t\t  <\/div>\n\t\t\t\t\t\t\t\t\t  \n\t\t\t\t\t\t\t\t   <span class=\"yuzo__text--title\" style=\"font-size:13px;\">Quinteto brasileiro conquista medalha in\u00e9dita na g...<\/span>\n\t\t\t\t\t\t\t  \n\t\t\t\t\t\t\t  \n\t\t\t\t\t\t\t  <\/a>\n\n\t\t\t\t\t\t  <\/div>\n\t\t\t\t\t\t  <div class=\"relatedthumb \" style=\"width:125px;float:left;overflow:hidden;\">  \n\t\t\t\t\t\t\t  \n\t\t\t\t\t\t\t  <a  href=\"https:\/\/redept.com.br\/blogosfera\/venezuela-denuncia-na-onu-grave-ameaca-dos-eua-a-paz-regional\/\"  >\n\t\t\t\t\t\t\t\t\t  <div class=\"yuzo-img-wrap \" style=\"width: 125px;height:90px;\">\n\t\t\t\t\t\t\t\t\t\t\n\t\t\t\t\t\t\t\t\t\t<div class=\"yuzo-img\" style=\"background:url('https:\/\/redept.org\/blogosfera\/wp-content\/plugins\/yuzo-related-post\/assets\/images\/default.png') 50% 50% no-repeat;width: 125px;height:90px;margin-bottom: 5px;background-size: cover; \"><\/div>\n\t\t\t\t\t\t\t\t\t  <\/div>\n\t\t\t\t\t\t\t\t\t  \n\t\t\t\t\t\t\t\t   <span class=\"yuzo__text--title\" style=\"font-size:13px;\">Venezuela denuncia na ONU \u2018grave amea\u00e7a\u2019 dos EUA \u00e0...<\/span>\n\t\t\t\t\t\t\t  \n\t\t\t\t\t\t\t  \n\t\t\t\t\t\t\t  <\/a>\n\n\t\t\t\t\t\t  <\/div>\n\t\t\t\t\t\t  <div class=\"relatedthumb \" style=\"width:125px;float:left;overflow:hidden;\">  \n\t\t\t\t\t\t\t  \n\t\t\t\t\t\t\t  <a  href=\"https:\/\/redept.com.br\/blogosfera\/pirataria-e-revolucao-como-a-falsificacao-de-livros-ajudou-na-queda-da-bastilha\/\"  >\n\t\t\t\t\t\t\t\t\t  <div class=\"yuzo-img-wrap \" style=\"width: 125px;height:90px;\">\n\t\t\t\t\t\t\t\t\t\t\n\t\t\t\t\t\t\t\t\t\t<div class=\"yuzo-img\" style=\"background:url('https:\/\/redept.com.br\/blogosfera\/wp-content\/uploads\/2025\/05\/livros-150x150.webp') 50% 50% no-repeat;width: 125px;height:90px;margin-bottom: 5px;background-size: cover; \"><\/div>\n\t\t\t\t\t\t\t\t\t  <\/div>\n\t\t\t\t\t\t\t\t\t  \n\t\t\t\t\t\t\t\t   <span class=\"yuzo__text--title\" style=\"font-size:13px;\">Pirataria e revolu\u00e7\u00e3o: como a falsifica\u00e7\u00e3o de livr...<\/span>\n\t\t\t\t\t\t\t  \n\t\t\t\t\t\t\t  \n\t\t\t\t\t\t\t  <\/a>\n\n\t\t\t\t\t\t  <\/div>\n\t\t\t\t\t\t  <div class=\"relatedthumb \" style=\"width:125px;float:left;overflow:hidden;\">  \n\t\t\t\t\t\t\t  \n\t\t\t\t\t\t\t  <a  href=\"https:\/\/redept.com.br\/blogosfera\/francisco-e-a-vida-espalhada-no-universo\/\"  >\n\t\t\t\t\t\t\t\t\t  <div class=\"yuzo-img-wrap \" style=\"width: 125px;height:90px;\">\n\t\t\t\t\t\t\t\t\t\t\n\t\t\t\t\t\t\t\t\t\t<div class=\"yuzo-img\" style=\"background:url('https:\/\/redept.com.br\/blogosfera\/wp-content\/uploads\/2025\/05\/4940870823758114531-150x150.jpg') 50% 50% no-repeat;width: 125px;height:90px;margin-bottom: 5px;background-size: cover; \"><\/div>\n\t\t\t\t\t\t\t\t\t  <\/div>\n\t\t\t\t\t\t\t\t\t  \n\t\t\t\t\t\t\t\t   <span class=\"yuzo__text--title\" style=\"font-size:13px;\">Francisco e a vida espalhada no Universo<\/span>\n\t\t\t\t\t\t\t  \n\t\t\t\t\t\t\t  \n\t\t\t\t\t\t\t  <\/a>\n\n\t\t\t\t\t\t  <\/div>\n<\/div> <script>\n\t\t\t\t\t\t  jQuery(document).ready(function( $ ){\n\t\t\t\t\t\t\t\/\/jQuery('.yuzo_related_post').equalizer({ overflow : 'relatedthumb' });\n\t\t\t\t\t\t\tjQuery('.yuzo_related_post .yuzo_wraps').equalizer({ columns : '> div' });\n\t\t\t\t\t\t   })\n\t\t\t\t\t\t  <\/script> <!-- End Yuzo :) -->","protected":false},"excerpt":{"rendered":"<p>Confira do valor do d\u00f3lar e outros indicadores da economia nesta quarta-feira, 27 de abril, com a TVT News. D\u00f3lar hoje Confira a cota\u00e7\u00e3o do d\u00f3lar hoje Mercado financeiro em tempo real Confira os n\u00fameros da economia brasileira \u00cdndice Bovespa Cota\u00e7\u00e3o do d\u00f3lar Pre\u00e7o do Petr\u00f3leo Brent Cota\u00e7\u00e3o do Euro Economia ao vivo Confira a [&hellip;]<\/p>\n","protected":false},"author":2,"featured_media":84859,"comment_status":"open","ping_status":"closed","sticky":false,"template":"","format":"standard","meta":{"fifu_image_url":"","fifu_image_alt":"","footnotes":""},"categories":[473,1401,221,1927,2827],"tags":[],"class_list":["post-84858","post","type-post","status-publish","format-standard","has-post-thumbnail","hentry","category-destaque-medio","category-dolar","category-economia","category-mercado","category-petroleo"],"_links":{"self":[{"href":"https:\/\/redept.com.br\/blogosfera\/wp-json\/wp\/v2\/posts\/84858","targetHints":{"allow":["GET"]}}],"collection":[{"href":"https:\/\/redept.com.br\/blogosfera\/wp-json\/wp\/v2\/posts"}],"about":[{"href":"https:\/\/redept.com.br\/blogosfera\/wp-json\/wp\/v2\/types\/post"}],"author":[{"embeddable":true,"href":"https:\/\/redept.com.br\/blogosfera\/wp-json\/wp\/v2\/users\/2"}],"replies":[{"embeddable":true,"href":"https:\/\/redept.com.br\/blogosfera\/wp-json\/wp\/v2\/comments?post=84858"}],"version-history":[{"count":0,"href":"https:\/\/redept.com.br\/blogosfera\/wp-json\/wp\/v2\/posts\/84858\/revisions"}],"wp:featuredmedia":[{"embeddable":true,"href":"https:\/\/redept.com.br\/blogosfera\/wp-json\/wp\/v2\/media\/84859"}],"wp:attachment":[{"href":"https:\/\/redept.com.br\/blogosfera\/wp-json\/wp\/v2\/media?parent=84858"}],"wp:term":[{"taxonomy":"category","embeddable":true,"href":"https:\/\/redept.com.br\/blogosfera\/wp-json\/wp\/v2\/categories?post=84858"},{"taxonomy":"post_tag","embeddable":true,"href":"https:\/\/redept.com.br\/blogosfera\/wp-json\/wp\/v2\/tags?post=84858"}],"curies":[{"name":"wp","href":"https:\/\/api.w.org\/{rel}","templated":true}]}}