{"id":84860,"date":"2026-04-27T08:58:28","date_gmt":"2026-04-27T11:58:28","guid":{"rendered":"https:\/\/redept.com.br\/blogosfera\/conflitos-no-campo-assassinatos-dobram-no-brasil-em-um-ano-aponta-pastoral-da-terra\/"},"modified":"2026-04-27T08:58:28","modified_gmt":"2026-04-27T11:58:28","slug":"conflitos-no-campo-assassinatos-dobram-no-brasil-em-um-ano-aponta-pastoral-da-terra","status":"publish","type":"post","link":"https:\/\/redept.com.br\/blogosfera\/conflitos-no-campo-assassinatos-dobram-no-brasil-em-um-ano-aponta-pastoral-da-terra\/","title":{"rendered":"Conflitos no campo: assassinatos dobram no Brasil em um ano, aponta Pastoral da Terra"},"content":{"rendered":"<p>Os conflitos de terra nas \u00e1reas rurais do Brasil foram o palco de 26 assassinatos em 2025 registrados pela Comiss\u00e3o Pastoral da Terra (CPT). <span>O n\u00famero representa um salto de 100% na compara\u00e7\u00e3o com o ano anterior, quando 13 homic\u00eddios foram anotados.<\/span> Os dados fazem parte do relat\u00f3rio Conflitos no Campo Brasil 2025, lan\u00e7ado pela CPT nesta segunda-feira, 27 de abril, em Bras\u00edlia.\u00a0<\/p>\n<p>A Regi\u00e3o Norte foi o local de mais de 50% das mortes violentas, com sete registros no Par\u00e1 e mais sete em Rond\u00f4nia. As demais ocorreram na Bahia (4), Amazonas (2), Paran\u00e1 (2), S\u00e3o Paulo (2), Minas Gerais (1) e Mato Grosso do Sul (1). <span>Entre as pessoas assassinadas no ano passado, os agricultores sem-terra foram os mais atingidos, com 10 v\u00edtimas, seguidos por sete ind\u00edgenas assassinados e quatro posseiros.<\/span> Tamb\u00e9m foram mortos, um pescador, um assentado, um funcion\u00e1rio p\u00fablico e dois aliados.\u00a0\u00a0\u00a0<\/p>\n<p>Para Larissa Rodrigues, integrante da Articula\u00e7\u00e3o das CPTs da Amaz\u00f4nia, os n\u00fameros revelam \u201co avan\u00e7o de um projeto hist\u00f3rico de expans\u00e3o colonial e capitalista sobre a Amaz\u00f4nia, que continua atingindo e transformando os povos e territ\u00f3rios inteiros em alvos de expropria\u00e7\u00e3o e exterm\u00ednio\u201d.\u00a0<\/p>\n<div data-src=\"visualisation\/28689312\"><\/div>\n<p>Rodrigues tamb\u00e9m atribui esse quadro de mortes ao fortalecimento do \u201ccons\u00f3rcio entre grilagem, crime organizado, setores do Estado, al\u00e9m de setores privados, que atuam juntos para atingir terras p\u00fablicas e \u00e1reas protegidas\u201d.<\/p>\n<p>Entre os mandantes ou executores desses crimes, os fazendeiros foram os respons\u00e1veis em 77% dos registros de 2025. Dos 26 assassinatos, 20 s\u00e3o atribu\u00eddos direta ou indiretamente a esse grupo.\u00a0<\/p>\n<h2><strong>C\u00e1rcere privado, humilha\u00e7\u00e3o e pris\u00f5es tamb\u00e9m cresceram<\/strong><\/h2>\n<div data-src=\"visualisation\/28689195\"><\/div>\n<p>O crescimento em 2025 de outros tipos de viol\u00eancia contra a pessoa no campo \u00e9 apontado pelo relat\u00f3rio. Se os assassinatos dobraram, as pris\u00f5es cresceram 56% no ano passado frente ao ano anterior. J\u00e1 os casos de c\u00e1rcere privado saltaram de 1 em 2024, para alarmantes 105 em 2025. C\u00e1rcere privado ocorre quando a v\u00edtima \u00e9 mantida presa em sua pr\u00f3pria resid\u00eancia, muitas das vezes por algum parente, como o pai ou o marido. Os registros de humilha\u00e7\u00e3o foram de cinco para 142, n\u00famero 28 vezes maior, na mesma compara\u00e7\u00e3o.<\/p>\n<p>Gustavo Arruda, documentalista do Centro de Documenta\u00e7\u00e3o Dom Tom\u00e1s Balduino (Cedoc\/CPT), explica que \u201ca alta dos casos de humilha\u00e7\u00e3o e c\u00e1rcere, por exemplo, se d\u00e3o pela a\u00e7\u00e3o arbitr\u00e1ria da pol\u00edcia militar do estado de Rond\u00f4nia, que em novembro de 2025, no contexto da opera\u00e7\u00e3o Godos, interrompeu uma reuni\u00e3o p\u00fablica com cerca de 100 fam\u00edlias sem terra, despejadas de seus acampamentos, e servidores do MDA (Minist\u00e9rio do Desenvolvimento Agr\u00e1rio e Agricultura Familiar)\u201d.<\/p>\n<p>Ele ainda acrescenta que <span>\u201co aumento dos casos de pris\u00f5es tamb\u00e9m se d\u00e1 por conta de a\u00e7\u00f5es pontuais da for\u00e7a do Estado sob comunidades<\/span>: neste caso, \u00e9 reflexo da pol\u00edcia do estado da Bahia, que prendeu cerca de 24 povos origin\u00e1rios da TI (Terra Ind\u00edgena) Barra Velha; e da pol\u00edcia militar de Rond\u00f4nia, que, tamb\u00e9m no ano passado, realizou diversas opera\u00e7\u00f5es de persegui\u00e7\u00e3o a integrantes da Liga dos Camponeses Pobres (LCP)\u201d.<\/p>\n<div>\n<div>\n<h2>Por que isso importa?<\/h2>\n<\/p><\/div>\n<div>\n<ul>\n<li>Entre 2016 e 2025, 24.774 pessoas trabalhadoras no campo foram v\u00edtimas de diferentes formas de viol\u00eancia, como assassinatos, amea\u00e7as de morte, tentativas de assassinatos e pris\u00f5es, segundo a CPT.<\/li>\n<li>Ao longo desses dez anos, os assassinatos no campo atingiram, principalmente, Sem-Terra (129), Ind\u00edgenas (93), Posseiros (38) e Quilombolas (31).<\/li>\n<\/ul><\/div>\n<\/p><\/div>\n<p>Considerando todas as categorias de viol\u00eancia contra a pessoa contabilizadas pela CPT, os n\u00fameros de 2025 melhoraram frente ao ano anterior. O relat\u00f3rio mostra que o n\u00famero de v\u00edtimas caiu, de 1.181 em 2024, para 581 no ano passado, uma diminui\u00e7\u00e3o de cerca de 50%. O n\u00famero de mulheres v\u00edtimas de viol\u00eancia no campo tamb\u00e9m recuou, aponta a CPT. Em 2024 elas representavam 18,9% do total e em 2025 foram cerca de 10,5%. Os n\u00fameros, no entanto, podem conter subnotifica\u00e7\u00f5es, uma vez que o g\u00eanero das v\u00edtimas nem sempre \u00e9 divulgado.\u00a0<\/p>\n<p>O relat\u00f3rio tamb\u00e9m destaca que no ano passado ocorreram dois massacres. A CPT considera um massacre sempre que ocorre, em uma mesma ocasi\u00e3o, tr\u00eas ou mais mortes. Em junho de 2025, na zona rural de Vilhena, munic\u00edpio de Rond\u00f4nia, tr\u00eas pessoas foram mortas em um poss\u00edvel conflito envolvendo a posse da propriedade onde as v\u00edtimas foram encontradas. J\u00e1 no Par\u00e1, no m\u00eas de julho do mesmo ano, tr\u00eas trabalhadores do movimento sem-terra foram mortos no assentamento Coco II, conforme citado em artigo da CPT. Os seis assassinatos ocorridos em chacinas, representam 23% do total registrado no relat\u00f3rio.<\/p>\n<h2><strong>Conflito por terra ainda \u00e9 principal raz\u00e3o da viol\u00eancia no campo<\/strong><\/h2>\n<p><span>As disputas por terra seguem como o principal vetor de viol\u00eancia agr\u00e1ria no pa\u00eds. Segundo o relat\u00f3rio da CPT, 75% de todos os registros de conflito em 2025 envolviam viol\u00eancias por terra.<\/span> Foram 1.286 ocorr\u00eancias, sendo 1.186 sobre viol\u00eancia pela ocupa\u00e7\u00e3o e a posse da terra e 100 correspondentes a a\u00e7\u00f5es de resist\u00eancia, como acampamentos, ocupa\u00e7\u00f5es e retomadas.\u00a0<\/p>\n<figure data-wp-context='{\"imageId\":\"69ef4f6b9b8ac\"}' data-wp-interactive=\"core\/image\" data-wp-key=\"69ef4f6b9b8ac\"><button type=\"button\" aria-haspopup=\"dialog\" aria-label=\"Ampliar\" data-wp-init=\"callbacks.initTriggerButton\" data-wp-on--click=\"actions.showLightbox\" data-wp-style--right=\"state.imageButtonRight\" data-wp-style--top=\"state.imageButtonTop\"><br \/>\n\t\t\t<svg xmlns=\"http:\/\/www.w3.org\/2000\/svg\" width=\"12\" height=\"12\" fill=\"none\" viewbox=\"0 0 12 12\">\n\t\t\t\t<path fill=\"#fff\" d=\"M2 0a2 2 0 0 0-2 2v2h1.5V2a.5.5 0 0 1 .5-.5h2V0H2Zm2 10.5H2a.5.5 0 0 1-.5-.5V8H0v2a2 2 0 0 0 2 2h2v-1.5ZM8 12v-1.5h2a.5.5 0 0 0 .5-.5V8H12v2a2 2 0 0 1-2 2H8Zm2-12a2 2 0 0 1 2 2v2h-1.5V2a.5.5 0 0 0-.5-.5H8V0h2Z\"><\/path>\n\t\t\t<\/svg><br \/>\n\t\t<\/button><figcaption>Morador de comunidade mostra mapa com destaque no territ\u00f3rio em conflito por terra<\/figcaption><\/figure>\n<p>O relat\u00f3rio somou 1.593 ocorr\u00eancias de conflitos no campo em 2025 no total, uma queda de 28% em rela\u00e7\u00e3o a 2024, que teve 1.593 registros. A queda, no entanto, n\u00e3o representa uma diminui\u00e7\u00e3o da viol\u00eancia, mas um cen\u00e1rio de estabilidade. Os n\u00fameros do ano passado s\u00e3o maiores apenas dos coletados em 2017 e 2018, quando foram registrados 1.531 e 1.570 conflitos, respectivamente.\u00a0\u00a0<\/p>\n<p>A categoria com o segundo maior n\u00famero de registros foi a de conflitos trabalhistas. <span>No ano de 2025, foram resgatadas no campo 1.991 pessoas em condi\u00e7\u00f5es an\u00e1logas \u00e0 escravid\u00e3o, crescimento de 22,7% na compara\u00e7\u00e3o com o ano retrasado.<\/span> Mato Grosso foi o estado com maior n\u00famero de pessoas resgatadas em 2025: 606.<\/p>\n<p>Um dos principais motivos desse destaque foi o resgate de 586 trabalhadores e trabalhadoras em uma usina de etanol, na cidade matogrossense de Porto Alegre do Norte. Aliciados no Norte e no Nordeste do pa\u00eds, os trabalhadores dormiam em quartos superlotados e sofriam com m\u00e1 alimenta\u00e7\u00e3o, falta de \u00e1gua e energia.\u00a0<\/p>\n<p>Minas Gerais foi em 2025 o segundo estado com maior n\u00famero de resgates de trabalho an\u00e1logo ao escravo em 2025, contabilizando 303 pessoas. Na sequ\u00eancia est\u00e3o Goi\u00e1s (220), Bahia (171), S\u00e3o Paulo (142) e Maranh\u00e3o (135).\u00a0<\/p>\n<!-- Begin Yuzo --><div class='yuzo_related_post style-1'  data-version='5.12.89'><!-- without result --><div class='yuzo_clearfixed yuzo__title yuzo__title'><h3>Related Post<\/h3><\/div>\n\t\t\t\t\t\t  <div class=\"relatedthumb \" style=\"width:125px;float:left;overflow:hidden;\">  \n\t\t\t\t\t\t\t  \n\t\t\t\t\t\t\t  <a  href=\"https:\/\/redept.com.br\/blogosfera\/ba-48a-romaria-da-terra-e-das-aguas-reune-5-mil-pessoas-em-encontro-de-fe-e-luta-por-justica-social\/\"  >\n\t\t\t\t\t\t\t\t\t  <div class=\"yuzo-img-wrap \" style=\"width: 125px;height:90px;\">\n\t\t\t\t\t\t\t\t\t\t\n\t\t\t\t\t\t\t\t\t\t<div class=\"yuzo-img\" style=\"background:url('https:\/\/redept.com.br\/blogosfera\/wp-content\/uploads\/2025\/07\/thomas-bauer-cpt-bahia-1024x570-1-150x150.webp') 50% 50% no-repeat;width: 125px;height:90px;margin-bottom: 5px;background-size: cover; \"><\/div>\n\t\t\t\t\t\t\t\t\t  <\/div>\n\t\t\t\t\t\t\t\t\t  \n\t\t\t\t\t\t\t\t   <span class=\"yuzo__text--title\" style=\"font-size:13px;\">BA: 48\u00aa Romaria da Terra e das \u00c1guas re\u00fane 5 mil p...<\/span>\n\t\t\t\t\t\t\t  \n\t\t\t\t\t\t\t  \n\t\t\t\t\t\t\t  <\/a>\n\n\t\t\t\t\t\t  <\/div>\n\t\t\t\t\t\t  <div class=\"relatedthumb \" style=\"width:125px;float:left;overflow:hidden;\">  \n\t\t\t\t\t\t\t  \n\t\t\t\t\t\t\t  <a  href=\"https:\/\/redept.com.br\/blogosfera\/camara-de-curitiba-aprova-mudancas-na-previdencia-as-pressas-sem-debate-com-os-vereadores\/\"  >\n\t\t\t\t\t\t\t\t\t  <div class=\"yuzo-img-wrap \" style=\"width: 125px;height:90px;\">\n\t\t\t\t\t\t\t\t\t\t\n\t\t\t\t\t\t\t\t\t\t<div class=\"yuzo-img\" style=\"background:url('https:\/\/redept.com.br\/blogosfera\/wp-content\/uploads\/2025\/06\/WhatsApp-Image-2025-06-24-at-150053-150x150.jpeg') 50% 50% no-repeat;width: 125px;height:90px;margin-bottom: 5px;background-size: cover; \"><\/div>\n\t\t\t\t\t\t\t\t\t  <\/div>\n\t\t\t\t\t\t\t\t\t  \n\t\t\t\t\t\t\t\t   <span class=\"yuzo__text--title\" style=\"font-size:13px;\">C\u00e2mara de Curitiba aprova mudan\u00e7as na previd\u00eancia ...<\/span>\n\t\t\t\t\t\t\t  \n\t\t\t\t\t\t\t  \n\t\t\t\t\t\t\t  <\/a>\n\n\t\t\t\t\t\t  <\/div>\n\t\t\t\t\t\t  <div class=\"relatedthumb \" style=\"width:125px;float:left;overflow:hidden;\">  \n\t\t\t\t\t\t\t  \n\t\t\t\t\t\t\t  <a  href=\"https:\/\/redept.com.br\/blogosfera\/qual-a-lingua-mais-falada-na-copa-do-mundo-da-fifa-2026\/\"  >\n\t\t\t\t\t\t\t\t\t  <div class=\"yuzo-img-wrap \" style=\"width: 125px;height:90px;\">\n\t\t\t\t\t\t\t\t\t\t\n\t\t\t\t\t\t\t\t\t\t<div class=\"yuzo-img\" style=\"background:url('https:\/\/redept.com.br\/blogosfera\/wp-content\/uploads\/2026\/04\/livraria-vila-cem-anos-solidao-2-2048x1152-1-150x150.jpeg') 50% 50% no-repeat;width: 125px;height:90px;margin-bottom: 5px;background-size: cover; \"><\/div>\n\t\t\t\t\t\t\t\t\t  <\/div>\n\t\t\t\t\t\t\t\t\t  \n\t\t\t\t\t\t\t\t   <span class=\"yuzo__text--title\" style=\"font-size:13px;\">Qual a l\u00edngua mais falada na Copa do Mundo da FIFA...<\/span>\n\t\t\t\t\t\t\t  \n\t\t\t\t\t\t\t  \n\t\t\t\t\t\t\t  <\/a>\n\n\t\t\t\t\t\t  <\/div>\n\t\t\t\t\t\t  <div class=\"relatedthumb \" style=\"width:125px;float:left;overflow:hidden;\">  \n\t\t\t\t\t\t\t  \n\t\t\t\t\t\t\t  <a  href=\"https:\/\/redept.com.br\/blogosfera\/lula-insistira-em-projeto-com-pedido-de-urgencia-para-acabar-com-escala-6x1\/\"  >\n\t\t\t\t\t\t\t\t\t  <div class=\"yuzo-img-wrap \" style=\"width: 125px;height:90px;\">\n\t\t\t\t\t\t\t\t\t\t\n\t\t\t\t\t\t\t\t\t\t<div class=\"yuzo-img\" style=\"background:url('https:\/\/redept.org\/blogosfera\/wp-content\/plugins\/yuzo-related-post\/assets\/images\/default.png') 50% 50% no-repeat;width: 125px;height:90px;margin-bottom: 5px;background-size: cover; \"><\/div>\n\t\t\t\t\t\t\t\t\t  <\/div>\n\t\t\t\t\t\t\t\t\t  \n\t\t\t\t\t\t\t\t   <span class=\"yuzo__text--title\" style=\"font-size:13px;\">Lula insistir\u00e1 em projeto com pedido de urg\u00eancia p...<\/span>\n\t\t\t\t\t\t\t  \n\t\t\t\t\t\t\t  \n\t\t\t\t\t\t\t  <\/a>\n\n\t\t\t\t\t\t  <\/div>\n<\/div> <script>\n\t\t\t\t\t\t  jQuery(document).ready(function( $ ){\n\t\t\t\t\t\t\t\/\/jQuery('.yuzo_related_post').equalizer({ overflow : 'relatedthumb' });\n\t\t\t\t\t\t\tjQuery('.yuzo_related_post .yuzo_wraps').equalizer({ columns : '> div' });\n\t\t\t\t\t\t   })\n\t\t\t\t\t\t  <\/script> <!-- End Yuzo :) -->","protected":false},"excerpt":{"rendered":"<p>Mesmo com queda em ocorr\u00eancias, levantamento aponta crescimento de homic\u00eddios, c\u00e1rcere privado, humilha\u00e7\u00e3o e pris\u00f5es<\/p>\n","protected":false},"author":2,"featured_media":0,"comment_status":"open","ping_status":"closed","sticky":false,"template":"","format":"standard","meta":{"fifu_image_url":"","fifu_image_alt":"","footnotes":""},"categories":[109,1541,18,5557,1358,77],"tags":[],"class_list":["post-84860","post","type-post","status-publish","format-standard","hentry","category-amazonia","category-conflitos-no-campo","category-meio-ambiente","category-portugues","category-povos-indigenas","category-violencia"],"_links":{"self":[{"href":"https:\/\/redept.com.br\/blogosfera\/wp-json\/wp\/v2\/posts\/84860","targetHints":{"allow":["GET"]}}],"collection":[{"href":"https:\/\/redept.com.br\/blogosfera\/wp-json\/wp\/v2\/posts"}],"about":[{"href":"https:\/\/redept.com.br\/blogosfera\/wp-json\/wp\/v2\/types\/post"}],"author":[{"embeddable":true,"href":"https:\/\/redept.com.br\/blogosfera\/wp-json\/wp\/v2\/users\/2"}],"replies":[{"embeddable":true,"href":"https:\/\/redept.com.br\/blogosfera\/wp-json\/wp\/v2\/comments?post=84860"}],"version-history":[{"count":0,"href":"https:\/\/redept.com.br\/blogosfera\/wp-json\/wp\/v2\/posts\/84860\/revisions"}],"wp:attachment":[{"href":"https:\/\/redept.com.br\/blogosfera\/wp-json\/wp\/v2\/media?parent=84860"}],"wp:term":[{"taxonomy":"category","embeddable":true,"href":"https:\/\/redept.com.br\/blogosfera\/wp-json\/wp\/v2\/categories?post=84860"},{"taxonomy":"post_tag","embeddable":true,"href":"https:\/\/redept.com.br\/blogosfera\/wp-json\/wp\/v2\/tags?post=84860"}],"curies":[{"name":"wp","href":"https:\/\/api.w.org\/{rel}","templated":true}]}}