{"id":84866,"date":"2026-04-27T09:15:45","date_gmt":"2026-04-27T12:15:45","guid":{"rendered":"https:\/\/redept.com.br\/blogosfera\/crise-no-acesso-a-saude-mental-no-df-e-resultado-da-privatizacao-do-sus\/"},"modified":"2026-04-27T09:15:45","modified_gmt":"2026-04-27T12:15:45","slug":"crise-no-acesso-a-saude-mental-no-df-e-resultado-da-privatizacao-do-sus","status":"publish","type":"post","link":"https:\/\/redept.com.br\/blogosfera\/crise-no-acesso-a-saude-mental-no-df-e-resultado-da-privatizacao-do-sus\/","title":{"rendered":"Crise no acesso \u00e0 sa\u00fade mental no DF \u00e9 resultado da privatiza\u00e7\u00e3o do SUS"},"content":{"rendered":"<p><img fetchpriority=\"high\" width=\"1920\" height=\"1280\"src=\"https:\/\/redept.com.br\/blogosfera\/wp-content\/uploads\/2026\/04\/Fotos-Jhonatan-Cantarelle-Agencia-Saude-DF-05.jpg\" alt=\"\" link_thumbnail=\"\" decoding=\"async\" srcset=\"https:\/\/redept.com.br\/blogosfera\/wp-content\/uploads\/2026\/04\/Fotos-Jhonatan-Cantarelle-Agencia-Saude-DF-05.jpg 1920w, https:\/\/averdade.org.br\/wp-content\/uploads\/2026\/04\/Fotos-Jhonatan-Cantarelle-Agencia-Saude-DF-05-350x233.jpg 350w, https:\/\/averdade.org.br\/wp-content\/uploads\/2026\/04\/Fotos-Jhonatan-Cantarelle-Agencia-Saude-DF-05-1024x683.jpg 1024w, https:\/\/averdade.org.br\/wp-content\/uploads\/2026\/04\/Fotos-Jhonatan-Cantarelle-Agencia-Saude-DF-05-250x167.jpg 250w, https:\/\/averdade.org.br\/wp-content\/uploads\/2026\/04\/Fotos-Jhonatan-Cantarelle-Agencia-Saude-DF-05-768x512.jpg 768w, https:\/\/averdade.org.br\/wp-content\/uploads\/2026\/04\/Fotos-Jhonatan-Cantarelle-Agencia-Saude-DF-05-1536x1024.jpg 1536w, https:\/\/averdade.org.br\/wp-content\/uploads\/2026\/04\/Fotos-Jhonatan-Cantarelle-Agencia-Saude-DF-05-150x100.jpg 150w, https:\/\/averdade.org.br\/wp-content\/uploads\/2026\/04\/Fotos-Jhonatan-Cantarelle-Agencia-Saude-DF-05-300x200.jpg 300w, https:\/\/averdade.org.br\/wp-content\/uploads\/2026\/04\/Fotos-Jhonatan-Cantarelle-Agencia-Saude-DF-05-696x464.jpg 696w, https:\/\/averdade.org.br\/wp-content\/uploads\/2026\/04\/Fotos-Jhonatan-Cantarelle-Agencia-Saude-DF-05-1068x712.jpg 1068w\" sizes=\"(max-width: 1920px) 100vw, 1920px\"><\/p>\n<p><strong>Com a 2\u00aa Rede de Aten\u00e7\u00e3o Psicossocial (RAPS) mais prec\u00e1ria do pa\u00eds, a classe trabalhadora do DF atravessa uma crise estrutural em que seu direito b\u00e1sico ao acesso \u00e0 sa\u00fade mental \u00e9 repetidamente negado.<\/strong><\/p>\n<p><b>Saul Prado | Bras\u00edlia (DF)<\/b><\/p>\n<hr>\n<p><span>BRASIL \u2013 Sem as menores condi\u00e7\u00f5es de oferecer um tratamento digno \u00e0 popula\u00e7\u00e3o candanga, a perversa arquitetura de omiss\u00e3o do GDF frente \u00e0 Rede de Aten\u00e7\u00e3o Psicossocial (RAPS) se revela como um dos pilares na sustenta\u00e7\u00e3o dos piores \u00edndices de desigualdade social do pa\u00eds.\u00a0<\/span><\/p>\n<p><span>A popula\u00e7\u00e3o candanga possui um CAPS para cada 181.800 habitantes, representando a segunda Rede de Aten\u00e7\u00e3o Psicossocial (RAPS) mais prec\u00e1ria do pa\u00eds. Ao longo dos \u00faltimos 15 anos, o setor testemunhou a chegada e a partida de gestores, sejam eles do Centr\u00e3o ou do campo social-democrata, que apenas aprofundaram seu sucateamento. Por isso, n\u00e3o \u00e9 exagero afirmar que o DF atravessa uma crise estrutural no acesso \u00e0 sa\u00fade mental.<\/span><\/p>\n<p><span>Diferente do que propaga o marketing agressivo do Pal\u00e1cio do Buriti para viabilizar a elei\u00e7\u00e3o de Celine Le\u00e3o (MDB) para o governo, o caos na sa\u00fade p\u00fablica no DF persiste. Enquanto a sucessora de Ibaneis aguarda seu julgamento por improbidade administrativa, em que \u00e9 acusada pela 2\u00aa Promotoria de Justi\u00e7a de Defesa da Sa\u00fade (Prosus) e pelo Grupo de Atua\u00e7\u00e3o de Combate ao Crime Organizado (Gaeco), do MPDFT, por negocia\u00e7\u00e3o de propina na indica\u00e7\u00e3o de emendas parlamentares para a constru\u00e7\u00e3o de novos leitos de UTI, dezenas de milhares de brasilienses s\u00e3o for\u00e7ados a encarar at\u00e9 dois anos de fila de espera para conseguirem uma consulta em um dos 18 Centros de Aten\u00e7\u00e3o Psicossocial (CAPS) no DF.<\/span><\/p>\n<p><span>A Aten\u00e7\u00e3o B\u00e1sica, porta de entrada do SUS, \u00e9 fundamental para o cuidado em sa\u00fade mental. Por\u00e9m, segundo o Instituto de Estudos para Pol\u00edticas de Sa\u00fade (IEPS), o DF possui uma das piores coberturas do pa\u00eds, atendendo apenas 59% da popula\u00e7\u00e3o, o que compromete o acompanhamento preventivo e empurra milhares de pessoas para situa\u00e7\u00f5es de agravamento de seus sofrimentos ps\u00edquicos.<\/span><\/p>\n<p><span>A fila de espera por uma consulta \u00e9 apenas a etapa inicial de um procedimento moroso em que a(o) cidad\u00e3(o) ser\u00e1 sucessivamente confrontada(o) e desmotivada(o) pela falta de consult\u00f3rios de rua e leitos, mas, sobretudo, por profissionais da sa\u00fade sobrecarregados.<\/span><\/p>\n<h4><b>Sa\u00fade n\u00e3o \u00e9 mercadoria<\/b><\/h4>\n<p><span>O DF est\u00e1 h\u00e1 mais de 10 anos sem concursos p\u00fablicos para especialistas da sa\u00fade, o que o coloca na 20\u00aa posi\u00e7\u00e3o entre as 27 unidades federativas em n\u00famero de psic\u00f3logos, assistentes sociais, psiquiatras e enfermeiros atuando nos CAPS. Ao mesmo tempo, demais unidades de sa\u00fade buscam mitigar essa defici\u00eancia atrav\u00e9s da contrata\u00e7\u00e3o terceirizada desses profissionais.<\/span><\/p>\n<p><span>Essa crise da sa\u00fade p\u00fablica em que vivemos faz parte de um projeto pol\u00edtico de sucateamento do SUS, a fim de atender os interesses privados de grupos controladores das OSs (Organiza\u00e7\u00f5es Sociais) e do Instituto de Gest\u00e3o Estrat\u00e9gica de Sa\u00fade (Iges-DF), detentores de contratos de gest\u00e3o milion\u00e1rios com a Secretaria da Sa\u00fade. A falta de pessoal, as prec\u00e1rias condi\u00e7\u00f5es de trabalho dos terceirizados, e as filas e demoras no atendimento s\u00e3o apenas a face mais vis\u00edvel da progressiva privatiza\u00e7\u00e3o do setor da sa\u00fade neste territ\u00f3rio.<\/span><\/p>\n<p><span>Trata-se de desmonte, que cria a falsa ideia de que o servi\u00e7o p\u00fablico \u201cn\u00e3o funciona\u201d, onde a privatiza\u00e7\u00e3o \u00e9 apresentada como solu\u00e7\u00e3o eficiente, mas que na pr\u00e1tica transforma direitos em mercadoria e a expans\u00e3o da mis\u00e9ria em expans\u00e3o na margem de lucro.\u00a0<\/span><\/p>\n<p><span>Ao mesmo tempo, o sistema p\u00fablico sofre ataques constantes da grande m\u00eddia e da press\u00e3o de poderosos interesses econ\u00f4micos, como operadoras de planos de sa\u00fade, ind\u00fastrias farmac\u00eauticas, empresas de publicidade e do setor de equipamentos m\u00e9dico-hospitalares. Aliados de primeira linha aos parasitas dos contratos de gest\u00e3o, e benefici\u00e1rios diretos do enfraquecimento do SUS e da privatiza\u00e7\u00e3o da sa\u00fade.\u00a0<\/span><\/p>\n<h4><b>Um chamado \u00e0 luta pelo acesso \u00e0 sa\u00fade mental<\/b><\/h4>\n<p><span>No meio da desconsidera\u00e7\u00e3o dos gestores privados das unidades de sa\u00fade aos princ\u00edpios de qualidade de vida no trabalho e de educa\u00e7\u00e3o permanente dos profissionais da sa\u00fade, estes passam a acumular desgaste a desmotiva\u00e7\u00e3o dentro de seus locais de trabalho, tornando-se, tamb\u00e9m, cada vez mais sujeitos a quadros graves de sofrimento ps\u00edquico. Enquanto os mais ricos contam com atendimento privado, acompanhamento psicol\u00f3gico e psiqui\u00e1trico, diagn\u00f3sticos r\u00e1pidos e medicamentos, as classes trabalhadoras s\u00e3o abandonadas \u00e0 pr\u00f3pria sorte.\u00a0<\/span><\/p>\n<p><span>A luta constante pela sobreviv\u00eancia na aus\u00eancia de condi\u00e7\u00f5es materiais m\u00ednimas (como renda suficiente, tempo livre, seguran\u00e7a alimentar e seguran\u00e7a) imp\u00f5e uma preocupa\u00e7\u00e3o permanente com o imediato, aumentando quadros de ansiedade, depress\u00e3o e sofrimento ps\u00edquico. Sem condi\u00e7\u00f5es materiais para pagar por cuidado especializado, trabalhadores e trabalhadoras s\u00f3 chegam ao sistema p\u00fablico quando o sofrimento j\u00e1 se agravou, transformando-se em adoecimento cr\u00f4nico e incapacitante.\u00a0<\/span><\/p>\n<p><span>\u00c9 fundamental compreender que tais sofrimentos n\u00e3o se originam em falhas pessoais. Dentro do sistema de produ\u00e7\u00e3o capitalista, \u00e9 poss\u00edvel testemunhar a distribui\u00e7\u00e3o desigual dos sofrimentos ps\u00edquicos, estando atrelados \u00e0s respectivas viol\u00eancias sist\u00eamicas que cada grupo vulner\u00e1vel da popula\u00e7\u00e3o est\u00e1 sujeito. Quando o desemprego, a escala 6X1, o racismo, o machismo, a LGBTfobia e todas as demais formas de opress\u00e3o estrutural atravessam o cotidiano da classe trabalhadora, o adoecimento mental se torna um fen\u00f4meno coletivo.<\/span><\/p>\n<p><span>Dessa forma, o enfrentamento \u00e0 crise da sa\u00fade mental tamb\u00e9m deve partir de iniciativas de organiza\u00e7\u00e3o coletiva, unindo a popula\u00e7\u00e3o atendida ao quadro profissional atuante na reivindica\u00e7\u00e3o de pol\u00edticas p\u00fablicas universais, cont\u00ednuas e de qualidade, capazes de garantir cuidado para toda a popula\u00e7\u00e3o, mas que leve em conta as especificidades de cada grupo.<\/span><\/p>\n<p><span>A luta com objetivo de universalizar o acesso \u00e0 sa\u00fade mental para a popula\u00e7\u00e3o deve ajud\u00e1-la a compreender a forma com que suas dores se conectam com as contradi\u00e7\u00f5es do modo de produ\u00e7\u00e3o em que est\u00e3o inseridos, elevando a consci\u00eancia coletiva e rompendo com a culpabiliza\u00e7\u00e3o individual. \u00c9 preciso organizar-se coletivamente pelo sepultamento dessa pol\u00edtica de mercantiliza\u00e7\u00e3o da sa\u00fade e exclus\u00e3o da classe trabalhadora ao bem-estar.<\/span><\/p>\n<!-- Begin Yuzo --><div class='yuzo_related_post style-1'  data-version='5.12.89'><!-- without result --><div class='yuzo_clearfixed yuzo__title yuzo__title'><h3>Related Post<\/h3><\/div>\n\t\t\t\t\t\t  <div class=\"relatedthumb \" style=\"width:125px;float:left;overflow:hidden;\">  \n\t\t\t\t\t\t\t  \n\t\t\t\t\t\t\t  <a  href=\"https:\/\/sul21.com.br\/noticias\/internacional\/2025\/10\/liderancas-da-base-do-governo-compararam-o-papel-da-venezuelana-ao-desempenhado-atualmente-pelo-deputado-eduardo-bolsonaro\/\"  >\n\t\t\t\t\t\t\t\t\t  <div class=\"yuzo-img-wrap \" style=\"width: 125px;height:90px;\">\n\t\t\t\t\t\t\t\t\t\t\n\t\t\t\t\t\t\t\t\t\t<div class=\"yuzo-img\" style=\"background:url('https:\/\/agenciabrasil.ebc.com.br\/ebc.png?id=1662338&amp;o=node') 50% 50% no-repeat;width: 125px;height:90px;margin-bottom: 5px;background-size: cover; \"><\/div>\n\t\t\t\t\t\t\t\t\t  <\/div>\n\t\t\t\t\t\t\t\t\t  \n\t\t\t\t\t\t\t\t   <span class=\"yuzo__text--title\" style=\"font-size:13px;\">\u2018Controlada por Washington\u2019: Lideran\u00e7as criticam N...<\/span>\n\t\t\t\t\t\t\t  \n\t\t\t\t\t\t\t  \n\t\t\t\t\t\t\t  <\/a>\n\n\t\t\t\t\t\t  <\/div>\n\t\t\t\t\t\t  <div class=\"relatedthumb \" style=\"width:125px;float:left;overflow:hidden;\">  \n\t\t\t\t\t\t\t  \n\t\t\t\t\t\t\t  <a  href=\"https:\/\/redept.com.br\/blogosfera\/quarto-de-despejo-vira-filme-e-resgata-forca-de-carolina-maria-de-jesus\/\"  >\n\t\t\t\t\t\t\t\t\t  <div class=\"yuzo-img-wrap \" style=\"width: 125px;height:90px;\">\n\t\t\t\t\t\t\t\t\t\t\n\t\t\t\t\t\t\t\t\t\t<div class=\"yuzo-img\" style=\"background:url('https:\/\/redept.com.br\/blogosfera\/wp-content\/uploads\/2025\/11\/primeiras-imagens-de-maria-gal-como-maria-carolina-de-jesus-4-150x150.jpg') 50% 50% no-repeat;width: 125px;height:90px;margin-bottom: 5px;background-size: cover; \"><\/div>\n\t\t\t\t\t\t\t\t\t  <\/div>\n\t\t\t\t\t\t\t\t\t  \n\t\t\t\t\t\t\t\t   <span class=\"yuzo__text--title\" style=\"font-size:13px;\">\u201cQuarto de Despejo\u201d vira filme e resgata for\u00e7a de ...<\/span>\n\t\t\t\t\t\t\t  \n\t\t\t\t\t\t\t  \n\t\t\t\t\t\t\t  <\/a>\n\n\t\t\t\t\t\t  <\/div>\n\t\t\t\t\t\t  <div class=\"relatedthumb \" style=\"width:125px;float:left;overflow:hidden;\">  \n\t\t\t\t\t\t\t  \n\t\t\t\t\t\t\t  <a  href=\"https:\/\/redept.com.br\/blogosfera\/povos-indigenas-marcham-em-brasilia-para-exigir-demarcacao-de-terras-ao-governo-brasileiro\/\"  >\n\t\t\t\t\t\t\t\t\t  <div class=\"yuzo-img-wrap \" style=\"width: 125px;height:90px;\">\n\t\t\t\t\t\t\t\t\t\t\n\t\t\t\t\t\t\t\t\t\t<div class=\"yuzo-img\" style=\"background:url('https:\/\/redept.org\/blogosfera\/wp-content\/plugins\/yuzo-related-post\/assets\/images\/default.png') 50% 50% no-repeat;width: 125px;height:90px;margin-bottom: 5px;background-size: cover; \"><\/div>\n\t\t\t\t\t\t\t\t\t  <\/div>\n\t\t\t\t\t\t\t\t\t  \n\t\t\t\t\t\t\t\t   <span class=\"yuzo__text--title\" style=\"font-size:13px;\">Povos ind\u00edgenas marcham em Bras\u00edlia para exigir de...<\/span>\n\t\t\t\t\t\t\t  \n\t\t\t\t\t\t\t  \n\t\t\t\t\t\t\t  <\/a>\n\n\t\t\t\t\t\t  <\/div>\n\t\t\t\t\t\t  <div class=\"relatedthumb \" style=\"width:125px;float:left;overflow:hidden;\">  \n\t\t\t\t\t\t\t  \n\t\t\t\t\t\t\t  <a  href=\"https:\/\/redept.com.br\/blogosfera\/professor-de-historia-fica-tres-meses-preso-em-sp-por-desacato-apos-discutir-com-pms-e-tenta-anular-sentenca\/\"  >\n\t\t\t\t\t\t\t\t\t  <div class=\"yuzo-img-wrap \" style=\"width: 125px;height:90px;\">\n\t\t\t\t\t\t\t\t\t\t\n\t\t\t\t\t\t\t\t\t\t<div class=\"yuzo-img\" style=\"background:url('https:\/\/redept.org\/blogosfera\/wp-content\/plugins\/yuzo-related-post\/assets\/images\/default.png') 50% 50% no-repeat;width: 125px;height:90px;margin-bottom: 5px;background-size: cover; \"><\/div>\n\t\t\t\t\t\t\t\t\t  <\/div>\n\t\t\t\t\t\t\t\t\t  \n\t\t\t\t\t\t\t\t   <span class=\"yuzo__text--title\" style=\"font-size:13px;\">Professor de hist\u00f3ria fica tr\u00eas meses preso em SP ...<\/span>\n\t\t\t\t\t\t\t  \n\t\t\t\t\t\t\t  \n\t\t\t\t\t\t\t  <\/a>\n\n\t\t\t\t\t\t  <\/div>\n<\/div> <script>\n\t\t\t\t\t\t  jQuery(document).ready(function( $ ){\n\t\t\t\t\t\t\t\/\/jQuery('.yuzo_related_post').equalizer({ overflow : 'relatedthumb' });\n\t\t\t\t\t\t\tjQuery('.yuzo_related_post .yuzo_wraps').equalizer({ columns : '> div' });\n\t\t\t\t\t\t   })\n\t\t\t\t\t\t  <\/script> <!-- End Yuzo :) -->","protected":false},"excerpt":{"rendered":"<p><img decoding=\"async\" width=\"1920\" height=\"1280\" src=\"https:\/\/averdade.org.br\/wp-content\/uploads\/2026\/04\/Fotos-Jhonatan-Cantarelle-Agencia-Saude-DF-05.jpg\" alt=\"\">Com a 2\u00aa Rede de Aten\u00e7\u00e3o Psicossocial (RAPS) mais prec\u00e1ria do pa\u00eds, a classe trabalhadora do DF atravessa uma crise estrutural em que seu direito b\u00e1sico ao acesso \u00e0 sa\u00fade mental \u00e9 repetidamente negado. Saul Prado | Bras\u00edlia (DF) BRASIL \u2013 Sem as menores condi\u00e7\u00f5es de oferecer um tratamento digno \u00e0 popula\u00e7\u00e3o candanga, a perversa [\u2026]<\/p>\n","protected":false},"author":2,"featured_media":84867,"comment_status":"open","ping_status":"closed","sticky":false,"template":"","format":"standard","meta":{"fifu_image_url":"","fifu_image_alt":"","footnotes":""},"categories":[45,4185,614,51565,51],"tags":[],"class_list":["post-84866","post","type-post","status-publish","format-standard","has-post-thumbnail","hentry","category-brasil","category-df","category-saude-mental","category-saude-publica-brasilia","category-ultimas-noticias"],"_links":{"self":[{"href":"https:\/\/redept.com.br\/blogosfera\/wp-json\/wp\/v2\/posts\/84866","targetHints":{"allow":["GET"]}}],"collection":[{"href":"https:\/\/redept.com.br\/blogosfera\/wp-json\/wp\/v2\/posts"}],"about":[{"href":"https:\/\/redept.com.br\/blogosfera\/wp-json\/wp\/v2\/types\/post"}],"author":[{"embeddable":true,"href":"https:\/\/redept.com.br\/blogosfera\/wp-json\/wp\/v2\/users\/2"}],"replies":[{"embeddable":true,"href":"https:\/\/redept.com.br\/blogosfera\/wp-json\/wp\/v2\/comments?post=84866"}],"version-history":[{"count":0,"href":"https:\/\/redept.com.br\/blogosfera\/wp-json\/wp\/v2\/posts\/84866\/revisions"}],"wp:featuredmedia":[{"embeddable":true,"href":"https:\/\/redept.com.br\/blogosfera\/wp-json\/wp\/v2\/media\/84867"}],"wp:attachment":[{"href":"https:\/\/redept.com.br\/blogosfera\/wp-json\/wp\/v2\/media?parent=84866"}],"wp:term":[{"taxonomy":"category","embeddable":true,"href":"https:\/\/redept.com.br\/blogosfera\/wp-json\/wp\/v2\/categories?post=84866"},{"taxonomy":"post_tag","embeddable":true,"href":"https:\/\/redept.com.br\/blogosfera\/wp-json\/wp\/v2\/tags?post=84866"}],"curies":[{"name":"wp","href":"https:\/\/api.w.org\/{rel}","templated":true}]}}