{"id":84868,"date":"2026-04-27T09:48:10","date_gmt":"2026-04-27T12:48:10","guid":{"rendered":"https:\/\/redept.com.br\/blogosfera\/1a-feijoada-de-ogum-do-mst-em-sp-reuniu-agroecologia-ancestralidade-e-solidariedade\/"},"modified":"2026-04-27T09:48:10","modified_gmt":"2026-04-27T12:48:10","slug":"1a-feijoada-de-ogum-do-mst-em-sp-reuniu-agroecologia-ancestralidade-e-solidariedade","status":"publish","type":"post","link":"https:\/\/redept.com.br\/blogosfera\/1a-feijoada-de-ogum-do-mst-em-sp-reuniu-agroecologia-ancestralidade-e-solidariedade\/","title":{"rendered":"1\u00aa Feijoada de Ogum do MST em SP reuniu agroecologia, ancestralidade e solidariedade"},"content":{"rendered":"<figure><img fetchpriority=\"high\" fetchpriority=\"high\" decoding=\"async\" width=\"1024\" height=\"682\"src=\"https:\/\/redept.com.br\/blogosfera\/wp-content\/uploads\/2026\/04\/image-14.jpeg\" alt=\"\" srcset=\"https:\/\/mst.org.br\/wp-content\/uploads\/2026\/04\/image-14-1024x682.jpeg 1024w, https:\/\/mst.org.br\/wp-content\/uploads\/2026\/04\/image-14-300x200.jpeg 300w, https:\/\/mst.org.br\/wp-content\/uploads\/2026\/04\/image-14-768x512.jpeg 768w, https:\/\/redept.com.br\/blogosfera\/wp-content\/uploads\/2026\/04\/image-14.jpeg 1280w\" sizes=\"(max-width: 1024px) 100vw, 1024px\"><figcaption><em>Evento reuniu apoiadores, artistas e povos de terreiro em SP. Foto: Marta Pereira<\/em><\/figcaption><\/figure>\n<p><em>Por Lays Furtado<br \/>Da P\u00e1gina do MST<\/em><\/p>\n<p>Para celebrar este importante guardi\u00e3o da cultura afro-brasileira e africana, o Orix\u00e1 Ogum, o Movimento dos Trabalhadores Rurais Sem Terra (MST) realizou neste s\u00e1bado (25) a Feijoada de Ogum, no Espa\u00e7o Cultural Elza Soares, localizado na capital paulista.<\/p>\n<p>Foi a primeira edi\u00e7\u00e3o do evento em S\u00e3o Paulo, que surgiu a partir da articula\u00e7\u00e3o dos Povos de Terreiro do MST, que \u00e9 uma frente de atua\u00e7\u00e3o do Coletivo Terra, Ra\u00e7a e Classe do Movimento. O evento reuniu cerca de 2 mil pessoas que estiveram presentes, entre apoiadores, artistas e povos de terreiro.<\/p>\n<p>A feijoada de Ogum \u00e9 uma tradi\u00e7\u00e3o dos povos de terreiro da umbanda e do candombl\u00e9, e teve sua origem no in\u00edcio do s\u00e9culo XX, no Il\u00ea Ogogunj\u00e1, na Bahia, iniciada pelo babalorix\u00e1 Proc\u00f3pio de Ogunj\u00e1. O prato \u00e9 preparado com feij\u00e3o preto e diversas carnes de porco para agradecer e pedir b\u00ean\u00e7\u00e3os, simbolizando a prosperidade e a partilha. A tradi\u00e7\u00e3o surgiu ap\u00f3s Ogum exigir, atrav\u00e9s do or\u00e1culo de If\u00e1, que o babalorix\u00e1 oferecesse comida a todos, n\u00e3o negando alimento a ningu\u00e9m, especialmente aos necessitados.<\/p>\n<figure><img decoding=\"async\" width=\"1024\" height=\"683\"src=\"https:\/\/redept.com.br\/blogosfera\/wp-content\/uploads\/2026\/04\/image-15.jpeg\" alt=\"\" srcset=\"https:\/\/mst.org.br\/wp-content\/uploads\/2026\/04\/image-15-1024x683.jpeg 1024w, https:\/\/mst.org.br\/wp-content\/uploads\/2026\/04\/image-15-300x200.jpeg 300w, https:\/\/mst.org.br\/wp-content\/uploads\/2026\/04\/image-15-768x512.jpeg 768w, https:\/\/mst.org.br\/wp-content\/uploads\/2026\/04\/image-15-1536x1024.jpeg 1536w, https:\/\/redept.com.br\/blogosfera\/wp-content\/uploads\/2026\/04\/image-15.jpeg 1920w\" sizes=\"(max-width: 1024px) 100vw, 1024px\"><figcaption><em>Yalorix\u00e1 Fabiana e Ekedi Yasmim, na partilha da feijoada de Ogum. Foto: Regina Jer\u00f4nimo<\/em><\/figcaption><\/figure>\n<p>A Iyalorix\u00e1 do Il\u00ea As\u00e9 Alaketu Od\u00e9 Arolegi, Fabiana das Gra\u00e7as Souza, que tamb\u00e9m integra o MST, conta que a atividade organizada pelos militantes que tamb\u00e9m s\u00e3o do ax\u00e9, teve in\u00edcio a partir do plantio agroecol\u00f3gico do feij\u00e3o preto realizado em setembro de 2025, no Centro Agroecol\u00f3gico Paulo Kageyama do MST, em Jarinu, interior de S\u00e3o Paulo. Do total da colheita, parte do feij\u00e3o foi destinado para a feijoada, e a outra parte dos gr\u00e3os foi destinada \u00e0 solidariedade.<\/p>\n<p>\u201cN\u00f3s nos unimos para celebrar Ogum e para combater a intoler\u00e2ncia religiosa e unir os povos de terreiro [\u2026]. Plantamos esse feij\u00e3o em uma parte de hectares destinada para este plantio, e depois colhemos 150 kg desse feij\u00e3o e foi muito maravilhoso celebrar a colheita desse feij\u00e3o colhido.Uma parte desses gr\u00e3os vai para Cuba, para nossos companheiros cubanos, e a outra restante vai para institui\u00e7\u00f5es no Brasil\u201d. \u2013 explicou a Iyalorix\u00e1 Fabiana, respons\u00e1vel por conduzir a atividade em sua fun\u00e7\u00e3o religiosa.<\/p>\n<p>O evento teve in\u00edcio com uma defuma\u00e7\u00e3o do espa\u00e7o cultural, seguida de um Xir\u00ea, ritual tradicional nos terreiros de Candombl\u00e9, onde se canta e dan\u00e7a para os Orix\u00e1s; houve tamb\u00e9m uma m\u00edstica realizada por militantes do Movimento. Entre as atividades, houve uma mesa de debate, onde foi destacado que os espa\u00e7os dos povos de terreiro v\u00e3o muito al\u00e9m da religi\u00e3o, s\u00e3o territ\u00f3rios pol\u00edticos, culturais e verdadeiras tecnologias ancestrais de resist\u00eancia, fundamentais no enfrentamento das opress\u00f5es e na constru\u00e7\u00e3o de novos caminhos de dignidade e transforma\u00e7\u00e3o.<\/p>\n<figure><img decoding=\"async\" width=\"1024\" height=\"682\"src=\"https:\/\/redept.com.br\/blogosfera\/wp-content\/uploads\/2026\/04\/image-16.jpeg\" alt=\"\" srcset=\"https:\/\/mst.org.br\/wp-content\/uploads\/2026\/04\/image-16-1024x682.jpeg 1024w, https:\/\/mst.org.br\/wp-content\/uploads\/2026\/04\/image-16-300x200.jpeg 300w, https:\/\/mst.org.br\/wp-content\/uploads\/2026\/04\/image-16-768x512.jpeg 768w, https:\/\/redept.com.br\/blogosfera\/wp-content\/uploads\/2026\/04\/image-16.jpeg 1280w\" sizes=\"(max-width: 1024px) 100vw, 1024px\"><figcaption><em>Cerca de 2 mil pessoas estiveram no evento celebrando Ogum. Foto: Marta Pereira<\/em><\/figcaption><\/figure>\n<p>Ap\u00f3s o in\u00edcio da programa\u00e7\u00e3o da manh\u00e3, foi partilhada a t\u00e3o esperada feijoada de Ogum, alimentando o corpo e alma daqueles que se fizeram presentes, com muita fartura, seguindo a tradi\u00e7\u00e3o das comunidades de terreiros.<\/p>\n<h2>Comunh\u00e3o de lutas e ax\u00e9<\/h2>\n<p>Na mesa de debates estiveram presentes: Felipe Brito de Omolu, Babalorix\u00e1 \u1eb8gb\u1eb9 do Il\u00e9 Od\u1eb9 Maroketu \u00c0\u1e63\u1eb9 \u1eccba e fundador da Ocupa\u00e7\u00e3o Cultural Jeholu (SP); Andrea Barroso de Oy\u00e1, Iyalorix\u00e1 do Il\u00e9 \u00c0\u1e63\u1eb9 Omi Ogunsade e integrante do Centro Nacional de Africanidade e Resist\u00eancia Afro-Brasileira \u2013 CENARAB (MG); e Fernanda Alc\u00e2ntara, do Coletivo Terra, Ra\u00e7a e Classe do MST; o debate foi mediado pela Ekedi Yasmim de Oxum (MST).<\/p>\n<p>O Babalorix\u00e1 Felipe Brito destacou que \u201c[\u2026] a terra \u00e9 o lugar que nos alimenta, a terra para a matriz africana \u00e9 uma divindade, ela \u00e9 Nan\u00e3, \u00e9 Obalua\u00ea e toda uma gama de divindades do pante\u00e3o africano, dos Orix\u00e1s, Inquices e Voduns que vieram para o Brasil e que s\u00e3o a nossa heran\u00e7a africana cultural negra ancestral.\u201d<\/p>\n<p>Para Brito, h\u00e1 uma conex\u00e3o intr\u00ednseca entre os povos de terreiro e os Sem Terra, em diversos aspectos, desde os princ\u00edpios de cuidado com a natureza at\u00e9 a esfera de luta por direitos.<\/p>\n<p>\u201cEnt\u00e3o a luta do MST pelo direito \u00e0 terra, pela cidadania, \u00e9 tamb\u00e9m a luta das matrizes africanas, s\u00e3o lutas que est\u00e3o vinculadas, s\u00e3o lutas negras, s\u00e3o lutas dos nossos povos, s\u00e3o lutas contra o racismo, s\u00e3o lutas contra a segrega\u00e7\u00e3o, e tamb\u00e9m pelo direito ao bem viver. Quando a matriz africana se encontra no mesmo espa\u00e7o que o MST, \u00e9 sim uma conjuga\u00e7\u00e3o, uma comunh\u00e3o de ideais, uma comunh\u00e3o de princ\u00edpios, e sobretudo, uma comunh\u00e3o para a resist\u00eancia, pela sociedade ampla, para uma sociedade que realmente seja inclusiva, n\u00e3o apenas no discurso, mas na pr\u00e1tica do dia a dia.\u201d<\/p>\n<p>O companheiro Paulo Azarias, do Instituto Feij\u00e3o de Ogum, tamb\u00e9m fez uma sauda\u00e7\u00e3o e compartilhou a experi\u00eancia que inspirou o evento; Paulo \u00e9 um dos pilares do Movimento Negro Unificado (MNU), e tamb\u00e9m idealizador do Feij\u00e3o de Ogum que acontece em Juiz de Fora (MG), e que este ano est\u00e1 em sua 23\u00aa edi\u00e7\u00e3o.<\/p>\n<figure><img decoding=\"async\" width=\"1024\" height=\"683\"src=\"https:\/\/redept.com.br\/blogosfera\/wp-content\/uploads\/2026\/04\/image-17.jpeg\" alt=\"\" srcset=\"https:\/\/mst.org.br\/wp-content\/uploads\/2026\/04\/image-17-1024x683.jpeg 1024w, https:\/\/mst.org.br\/wp-content\/uploads\/2026\/04\/image-17-300x200.jpeg 300w, https:\/\/mst.org.br\/wp-content\/uploads\/2026\/04\/image-17-768x512.jpeg 768w, https:\/\/mst.org.br\/wp-content\/uploads\/2026\/04\/image-17-1536x1024.jpeg 1536w, https:\/\/redept.com.br\/blogosfera\/wp-content\/uploads\/2026\/04\/image-17.jpeg 1920w\" sizes=\"(max-width: 1024px) 100vw, 1024px\"><figcaption><em>Apresenta\u00e7\u00e3o do Bloco Afro Il\u00fa In\u00e3. Foto: Marta Pereira<\/em><\/figcaption><\/figure>\n<p>Ap\u00f3s a oferta da saborosa e solid\u00e1ria feijoada, que foi feita por membros da Cozinha Escola Dona Ilda Martins, a celebra\u00e7\u00e3o seguiu com apresenta\u00e7\u00f5es dos artistas, Brenner Paix\u00e3o, Iara Renn\u00f3 e do Bloco Afro Il\u00fa In\u00e3, fortalecendo a cultura popular e negra como express\u00e3o da diversidade e luta.<\/p>\n<p>A experi\u00eancia do evento trouxe expectativas para os Povos de Terreiro do Movimento, que espera que este seja o primeiro de muitos outros encontros que potencializam a diversidade cultural e religiosa em meio \u00e0 milit\u00e2ncia, construindo uma articula\u00e7\u00e3o crescente entre os movimentos organizados pela classe trabalhadora e as comunidades de matrizes africanas pelo pa\u00eds, onde a agroecologia, a luta contra o racismo, por territ\u00f3rios e direitos, e a produ\u00e7\u00e3o de alimentos saud\u00e1veis possam ser sementes de esperan\u00e7a e de pr\u00e1ticas transformadoras.<\/p>\n<p><em>*Editado por Fernanda Alc\u00e2ntara<\/em><\/p>\n<p>O post <a href=\"https:\/\/mst.org.br\/2026\/04\/27\/1a-feijoada-de-ogum-do-mst-em-sp-reuniu-agroecologia-ancestralidade-e-solidariedade\/\">1\u00aa Feijoada de Ogum do MST em SP reuniu agroecologia, ancestralidade e solidariedade<\/a> apareceu primeiro em <a href=\"https:\/\/mst.org.br\/\">MST<\/a>.<\/p>\n<!-- Begin Yuzo --><div class='yuzo_related_post style-1'  data-version='5.12.89'><!-- without result --><div class='yuzo_clearfixed yuzo__title yuzo__title'><h3>Related Post<\/h3><\/div>\n\t\t\t\t\t\t  <div class=\"relatedthumb \" style=\"width:125px;float:left;overflow:hidden;\">  \n\t\t\t\t\t\t\t  \n\t\t\t\t\t\t\t  <a  href=\"https:\/\/redept.com.br\/blogosfera\/embarcacao-da-flotilha-e-interceptada-pela-marinha-israelense\/\"  >\n\t\t\t\t\t\t\t\t\t  <div class=\"yuzo-img-wrap \" style=\"width: 125px;height:90px;\">\n\t\t\t\t\t\t\t\t\t\t\n\t\t\t\t\t\t\t\t\t\t<div class=\"yuzo-img\" style=\"background:url('https:\/\/redept.com.br\/blogosfera\/wp-content\/uploads\/2025\/07\/flotilha-handala-150x150.jpg') 50% 50% no-repeat;width: 125px;height:90px;margin-bottom: 5px;background-size: cover; \"><\/div>\n\t\t\t\t\t\t\t\t\t  <\/div>\n\t\t\t\t\t\t\t\t\t  \n\t\t\t\t\t\t\t\t   <span class=\"yuzo__text--title\" style=\"font-size:13px;\">Embarca\u00e7\u00e3o da Flotilha \u00e9 interceptada pela Marinha...<\/span>\n\t\t\t\t\t\t\t  \n\t\t\t\t\t\t\t  \n\t\t\t\t\t\t\t  <\/a>\n\n\t\t\t\t\t\t  <\/div>\n\t\t\t\t\t\t  <div class=\"relatedthumb \" style=\"width:125px;float:left;overflow:hidden;\">  \n\t\t\t\t\t\t\t  \n\t\t\t\t\t\t\t  <a  href=\"https:\/\/redept.com.br\/blogosfera\/mp-do-rio-de-janeiro-pede-aumento-da-pena-para-condenados-pelo-caso-marielle-franco\/\"  >\n\t\t\t\t\t\t\t\t\t  <div class=\"yuzo-img-wrap \" style=\"width: 125px;height:90px;\">\n\t\t\t\t\t\t\t\t\t\t\n\t\t\t\t\t\t\t\t\t\t<div class=\"yuzo-img\" style=\"background:url('https:\/\/redept.org\/blogosfera\/wp-content\/plugins\/yuzo-related-post\/assets\/images\/default.png') 50% 50% no-repeat;width: 125px;height:90px;margin-bottom: 5px;background-size: cover; \"><\/div>\n\t\t\t\t\t\t\t\t\t  <\/div>\n\t\t\t\t\t\t\t\t\t  \n\t\t\t\t\t\t\t\t   <span class=\"yuzo__text--title\" style=\"font-size:13px;\">MP do Rio de Janeiro pede aumento da pena para con...<\/span>\n\t\t\t\t\t\t\t  \n\t\t\t\t\t\t\t  \n\t\t\t\t\t\t\t  <\/a>\n\n\t\t\t\t\t\t  <\/div>\n\t\t\t\t\t\t  <div class=\"relatedthumb \" style=\"width:125px;float:left;overflow:hidden;\">  \n\t\t\t\t\t\t\t  \n\t\t\t\t\t\t\t  <a  href=\"https:\/\/sul21.com.br\/noticias\/politica\/2025\/09\/camara-de-vereadores-mantem-veto-parcial-de-melo-a-auxilio-aluguel-para-mulheres-vitimas-de-violencia\/\"  >\n\t\t\t\t\t\t\t\t\t  <div class=\"yuzo-img-wrap \" style=\"width: 125px;height:90px;\">\n\t\t\t\t\t\t\t\t\t\t\n\t\t\t\t\t\t\t\t\t\t<div class=\"yuzo-img\" style=\"background:url('https:\/\/redept.org\/blogosfera\/wp-content\/plugins\/yuzo-related-post\/assets\/images\/default.png') 50% 50% no-repeat;width: 125px;height:90px;margin-bottom: 5px;background-size: cover; \"><\/div>\n\t\t\t\t\t\t\t\t\t  <\/div>\n\t\t\t\t\t\t\t\t\t  \n\t\t\t\t\t\t\t\t   <span class=\"yuzo__text--title\" style=\"font-size:13px;\">C\u00e2mara de Vereadores mant\u00e9m veto parcial de Melo a...<\/span>\n\t\t\t\t\t\t\t  \n\t\t\t\t\t\t\t  \n\t\t\t\t\t\t\t  <\/a>\n\n\t\t\t\t\t\t  <\/div>\n\t\t\t\t\t\t  <div class=\"relatedthumb \" style=\"width:125px;float:left;overflow:hidden;\">  \n\t\t\t\t\t\t\t  \n\t\t\t\t\t\t\t  <a  href=\"https:\/\/redept.com.br\/blogosfera\/quem-era-tenorinho-o-pianista-brasileiro-assassinado-pela-ditadura-argentina-e-identificado-50-anos-depois\/\"  >\n\t\t\t\t\t\t\t\t\t  <div class=\"yuzo-img-wrap \" style=\"width: 125px;height:90px;\">\n\t\t\t\t\t\t\t\t\t\t\n\t\t\t\t\t\t\t\t\t\t<div class=\"yuzo-img\" style=\"background:url('https:\/\/redept.org\/blogosfera\/wp-content\/plugins\/yuzo-related-post\/assets\/images\/default.png') 50% 50% no-repeat;width: 125px;height:90px;margin-bottom: 5px;background-size: cover; \"><\/div>\n\t\t\t\t\t\t\t\t\t  <\/div>\n\t\t\t\t\t\t\t\t\t  \n\t\t\t\t\t\t\t\t   <span class=\"yuzo__text--title\" style=\"font-size:13px;\">Quem era Tenorinho, o pianista brasileiro assassin...<\/span>\n\t\t\t\t\t\t\t  \n\t\t\t\t\t\t\t  \n\t\t\t\t\t\t\t  <\/a>\n\n\t\t\t\t\t\t  <\/div>\n<\/div> <script>\n\t\t\t\t\t\t  jQuery(document).ready(function( $ ){\n\t\t\t\t\t\t\t\/\/jQuery('.yuzo_related_post').equalizer({ overflow : 'relatedthumb' });\n\t\t\t\t\t\t\tjQuery('.yuzo_related_post .yuzo_wraps').equalizer({ columns : '> div' });\n\t\t\t\t\t\t   })\n\t\t\t\t\t\t  <\/script> <!-- End Yuzo :) -->","protected":false},"excerpt":{"rendered":"<p>Evento reuniu apoiadores, artistas e povos de terreiro em SP. Foto: Marta Pereira Por Lays FurtadoDa P\u00e1gina do MST Para celebrar este importante guardi\u00e3o da cultura afro-brasileira e africana, o Orix\u00e1 Ogum, o Movimento dos Trabalhadores Rurais Sem Terra (MST) realizou neste s\u00e1bado (25) a Feijoada de Ogum, no Espa\u00e7o Cultural Elza Soares, localizado na [&hellip;]<\/p>\n","protected":false},"author":2,"featured_media":0,"comment_status":"open","ping_status":"closed","sticky":false,"template":"","format":"standard","meta":{"fifu_image_url":"","fifu_image_alt":"","footnotes":""},"categories":[2416,17691,49868,191,49869,203,29],"tags":[],"class_list":["post-84868","post","type-post","status-publish","format-standard","hentry","category-espaco-cultural-elza-soares","category-feijao","category-feijoada-de-ogum","category-noticias","category-povos-de-terreiro-do-mst","category-religiosidade","category-sao-paulo"],"_links":{"self":[{"href":"https:\/\/redept.com.br\/blogosfera\/wp-json\/wp\/v2\/posts\/84868","targetHints":{"allow":["GET"]}}],"collection":[{"href":"https:\/\/redept.com.br\/blogosfera\/wp-json\/wp\/v2\/posts"}],"about":[{"href":"https:\/\/redept.com.br\/blogosfera\/wp-json\/wp\/v2\/types\/post"}],"author":[{"embeddable":true,"href":"https:\/\/redept.com.br\/blogosfera\/wp-json\/wp\/v2\/users\/2"}],"replies":[{"embeddable":true,"href":"https:\/\/redept.com.br\/blogosfera\/wp-json\/wp\/v2\/comments?post=84868"}],"version-history":[{"count":0,"href":"https:\/\/redept.com.br\/blogosfera\/wp-json\/wp\/v2\/posts\/84868\/revisions"}],"wp:attachment":[{"href":"https:\/\/redept.com.br\/blogosfera\/wp-json\/wp\/v2\/media?parent=84868"}],"wp:term":[{"taxonomy":"category","embeddable":true,"href":"https:\/\/redept.com.br\/blogosfera\/wp-json\/wp\/v2\/categories?post=84868"},{"taxonomy":"post_tag","embeddable":true,"href":"https:\/\/redept.com.br\/blogosfera\/wp-json\/wp\/v2\/tags?post=84868"}],"curies":[{"name":"wp","href":"https:\/\/api.w.org\/{rel}","templated":true}]}}