{"id":84874,"date":"2026-04-27T10:00:00","date_gmt":"2026-04-27T13:00:00","guid":{"rendered":"https:\/\/redept.com.br\/blogosfera\/violencia-no-campo-volta-a-crescer-em-2025-com-dois-massacres-e-26-assassinatos\/"},"modified":"2026-04-27T10:00:00","modified_gmt":"2026-04-27T13:00:00","slug":"violencia-no-campo-volta-a-crescer-em-2025-com-dois-massacres-e-26-assassinatos","status":"publish","type":"post","link":"https:\/\/redept.com.br\/blogosfera\/violencia-no-campo-volta-a-crescer-em-2025-com-dois-massacres-e-26-assassinatos\/","title":{"rendered":"Viol\u00eancia no campo volta a crescer em 2025 com dois massacres e 26 assassinatos"},"content":{"rendered":"<p>O Brasil voltou a registrar massacres no campo em 2025, depois de dois anos sem ocorr\u00eancias desse tipo. Ao todo, 26 pessoas foram assassinadas em conflitos no campo, segundo o relat\u00f3rio \u201cConflitos no Campo Brasil 2025\u201d, da Comiss\u00e3o Pastoral da Terra (CPT). O n\u00famero representa alta de 100% em rela\u00e7\u00e3o a 2024, quando foram registrados [\u2026]<\/p>\n<p><a href=\"https:\/\/www.brasildefato.com.br\/2026\/04\/27\/brasil-volta-a-registrar-massacres-no-campo-e-assassinatos-crescem-100-entre-2024-e-2025\/\" rel=\"nofollow\">Fonte<\/a><\/p>\n<!-- Begin Yuzo --><div class='yuzo_related_post style-1'  data-version='5.12.89'><!-- without result --><div class='yuzo_clearfixed yuzo__title yuzo__title'><h3>Related Post<\/h3><\/div>\n\t\t\t\t\t\t  <div class=\"relatedthumb \" style=\"width:125px;float:left;overflow:hidden;\">  \n\t\t\t\t\t\t\t  \n\t\t\t\t\t\t\t  <a  href=\"https:\/\/redept.com.br\/blogosfera\/vicentinho-apresenta-relatorio-de-subcomissao-que-analisou-a-regulamentacao-do-trabalho-por-aplicativo\/\"  >\n\t\t\t\t\t\t\t\t\t  <div class=\"yuzo-img-wrap \" style=\"width: 125px;height:90px;\">\n\t\t\t\t\t\t\t\t\t\t\n\t\t\t\t\t\t\t\t\t\t<div class=\"yuzo-img\" style=\"background:url('https:\/\/redept.org\/blogosfera\/wp-content\/plugins\/yuzo-related-post\/assets\/images\/default.png') 50% 50% no-repeat;width: 125px;height:90px;margin-bottom: 5px;background-size: cover; \"><\/div>\n\t\t\t\t\t\t\t\t\t  <\/div>\n\t\t\t\t\t\t\t\t\t  \n\t\t\t\t\t\t\t\t   <span class=\"yuzo__text--title\" style=\"font-size:13px;\">Vicentinho apresenta relat\u00f3rio de Subcomiss\u00e3o que ...<\/span>\n\t\t\t\t\t\t\t  \n\t\t\t\t\t\t\t  \n\t\t\t\t\t\t\t  <\/a>\n\n\t\t\t\t\t\t  <\/div>\n\t\t\t\t\t\t  <div class=\"relatedthumb \" style=\"width:125px;float:left;overflow:hidden;\">  \n\t\t\t\t\t\t\t  \n\t\t\t\t\t\t\t  <a  href=\"https:\/\/redept.com.br\/blogosfera\/professores-aprovam-greve-contra-retrocessos-na-educacao-infantil-em-niteroi-rj\/\"  >\n\t\t\t\t\t\t\t\t\t  <div class=\"yuzo-img-wrap \" style=\"width: 125px;height:90px;\">\n\t\t\t\t\t\t\t\t\t\t\n\t\t\t\t\t\t\t\t\t\t<div class=\"yuzo-img\" style=\"background:url('https:\/\/redept.org\/blogosfera\/wp-content\/plugins\/yuzo-related-post\/assets\/images\/default.png') 50% 50% no-repeat;width: 125px;height:90px;margin-bottom: 5px;background-size: cover; \"><\/div>\n\t\t\t\t\t\t\t\t\t  <\/div>\n\t\t\t\t\t\t\t\t\t  \n\t\t\t\t\t\t\t\t   <span class=\"yuzo__text--title\" style=\"font-size:13px;\">Professores aprovam greve contra retrocessos na ed...<\/span>\n\t\t\t\t\t\t\t  \n\t\t\t\t\t\t\t  \n\t\t\t\t\t\t\t  <\/a>\n\n\t\t\t\t\t\t  <\/div>\n\t\t\t\t\t\t  <div class=\"relatedthumb \" style=\"width:125px;float:left;overflow:hidden;\">  \n\t\t\t\t\t\t\t  \n\t\t\t\t\t\t\t  <a  href=\"https:\/\/redept.com.br\/blogosfera\/o-pagador-de-promessas-ganha-nova-montagem-no-teatro-bibi-ferreira-em-sp\/\"  >\n\t\t\t\t\t\t\t\t\t  <div class=\"yuzo-img-wrap \" style=\"width: 125px;height:90px;\">\n\t\t\t\t\t\t\t\t\t\t\n\t\t\t\t\t\t\t\t\t\t<div class=\"yuzo-img\" style=\"background:url('https:\/\/redept.com.br\/blogosfera\/wp-content\/uploads\/2025\/03\/Secreta-e-Bonitao-150x150.jpg') 50% 50% no-repeat;width: 125px;height:90px;margin-bottom: 5px;background-size: cover; \"><\/div>\n\t\t\t\t\t\t\t\t\t  <\/div>\n\t\t\t\t\t\t\t\t\t  \n\t\t\t\t\t\t\t\t   <span class=\"yuzo__text--title\" style=\"font-size:13px;\">\u2018O Pagador de Promessas\u2019 ganha nova montagem no Te...<\/span>\n\t\t\t\t\t\t\t  \n\t\t\t\t\t\t\t  \n\t\t\t\t\t\t\t  <\/a>\n\n\t\t\t\t\t\t  <\/div>\n\t\t\t\t\t\t  <div class=\"relatedthumb \" style=\"width:125px;float:left;overflow:hidden;\">  \n\t\t\t\t\t\t\t  \n\t\t\t\t\t\t\t  <a  href=\"https:\/\/redept.com.br\/blogosfera\/boletim-no-21-ajoelhados-jamais\/\"  >\n\t\t\t\t\t\t\t\t\t  <div class=\"yuzo-img-wrap \" style=\"width: 125px;height:90px;\">\n\t\t\t\t\t\t\t\t\t\t\n\t\t\t\t\t\t\t\t\t\t<div class=\"yuzo-img\" style=\"background:url('https:\/\/redept.com.br\/blogosfera\/wp-content\/uploads\/2026\/02\/Foto-Camila-Araujo-MST-150x150.jpeg') 50% 50% no-repeat;width: 125px;height:90px;margin-bottom: 5px;background-size: cover; \"><\/div>\n\t\t\t\t\t\t\t\t\t  <\/div>\n\t\t\t\t\t\t\t\t\t  \n\t\t\t\t\t\t\t\t   <span class=\"yuzo__text--title\" style=\"font-size:13px;\">Boletim n\u00ba 21 \u2013 \u2018Ajoelhados, jamais\u2019<\/span>\n\t\t\t\t\t\t\t  \n\t\t\t\t\t\t\t  \n\t\t\t\t\t\t\t  <\/a>\n\n\t\t\t\t\t\t  <\/div>\n<\/div> <script>\n\t\t\t\t\t\t  jQuery(document).ready(function( $ ){\n\t\t\t\t\t\t\t\/\/jQuery('.yuzo_related_post').equalizer({ overflow : 'relatedthumb' });\n\t\t\t\t\t\t\tjQuery('.yuzo_related_post .yuzo_wraps').equalizer({ columns : '> div' });\n\t\t\t\t\t\t   })\n\t\t\t\t\t\t  <\/script> <!-- End Yuzo :) -->","protected":false},"excerpt":{"rendered":"<p>O Brasil voltou a registrar massacres no campo em 2025, depois de dois anos sem ocorr\u00eancias desse tipo. Ao todo, 26 pessoas foram assassinadas em conflitos no campo, segundo o relat\u00f3rio \u201cConflitos no Campo Brasil 2025\u201d, da Comiss\u00e3o Pastoral da Terra (CPT). O n\u00famero representa alta de 100% em rela\u00e7\u00e3o a 2024, quando foram registrados [&hellip;]<\/p>\n","protected":false},"author":2,"featured_media":0,"comment_status":"open","ping_status":"closed","sticky":false,"template":"","format":"standard","meta":{"fifu_image_url":"","fifu_image_alt":"","footnotes":""},"categories":[117,724,51591,1785,2612,43587,51592,51593,322,46511,7683,51594,51595,51596,51597,3523,51598,722,51599,10007,195,946,4711,44282,51600,51601,15579,324],"tags":[],"class_list":["post-84874","post","type-post","status-publish","format-standard","hentry","category-agronegocio","category-amazonia-legal","category-assassinatos-na-zona-rural","category-bruno-e-dom","category-comissao-pastoral-da-terra","category-conflitos-fundiarios","category-conflitos-por-agua","category-conflitos-trabalhistas","category-cpt","category-direitos-territoriais","category-grilagem-de-terras","category-impunidade-e-violencia-agraria","category-indigenas-assassinados","category-martinha","category-massacres-no-campo","category-mineracao","category-mortes-por-disputa-de-terra","category-para","category-politicas-de-terra","category-posseiros","category-reforma-agraria","category-rondonia","category-socioambiental","category-territorios-indigenas","category-trabalhadores-sem-terra","category-trabalho-escravo-rural","category-violencia-estrutural","category-violencia-no-campo"],"_links":{"self":[{"href":"https:\/\/redept.com.br\/blogosfera\/wp-json\/wp\/v2\/posts\/84874","targetHints":{"allow":["GET"]}}],"collection":[{"href":"https:\/\/redept.com.br\/blogosfera\/wp-json\/wp\/v2\/posts"}],"about":[{"href":"https:\/\/redept.com.br\/blogosfera\/wp-json\/wp\/v2\/types\/post"}],"author":[{"embeddable":true,"href":"https:\/\/redept.com.br\/blogosfera\/wp-json\/wp\/v2\/users\/2"}],"replies":[{"embeddable":true,"href":"https:\/\/redept.com.br\/blogosfera\/wp-json\/wp\/v2\/comments?post=84874"}],"version-history":[{"count":0,"href":"https:\/\/redept.com.br\/blogosfera\/wp-json\/wp\/v2\/posts\/84874\/revisions"}],"wp:attachment":[{"href":"https:\/\/redept.com.br\/blogosfera\/wp-json\/wp\/v2\/media?parent=84874"}],"wp:term":[{"taxonomy":"category","embeddable":true,"href":"https:\/\/redept.com.br\/blogosfera\/wp-json\/wp\/v2\/categories?post=84874"},{"taxonomy":"post_tag","embeddable":true,"href":"https:\/\/redept.com.br\/blogosfera\/wp-json\/wp\/v2\/tags?post=84874"}],"curies":[{"name":"wp","href":"https:\/\/api.w.org\/{rel}","templated":true}]}}