{"id":84878,"date":"2026-04-27T10:03:36","date_gmt":"2026-04-27T13:03:36","guid":{"rendered":"https:\/\/redept.com.br\/blogosfera\/ataque-ao-acampamento-ze-roberto-expoe-violencia-contra-familias-sem-terra-na-paraiba\/"},"modified":"2026-04-27T10:03:36","modified_gmt":"2026-04-27T13:03:36","slug":"ataque-ao-acampamento-ze-roberto-expoe-violencia-contra-familias-sem-terra-na-paraiba","status":"publish","type":"post","link":"https:\/\/redept.com.br\/blogosfera\/ataque-ao-acampamento-ze-roberto-expoe-violencia-contra-familias-sem-terra-na-paraiba\/","title":{"rendered":"Ataque ao acampamento Z\u00e9 Roberto exp\u00f5e viol\u00eancia contra fam\u00edlias Sem Terra na Para\u00edba"},"content":{"rendered":"<figure><img fetchpriority=\"high\" fetchpriority=\"high\" decoding=\"async\" width=\"819\" height=\"1024\"src=\"https:\/\/redept.com.br\/blogosfera\/wp-content\/uploads\/2026\/04\/Ataque-na-Paraiba-2.jpg\" alt=\"\" srcset=\"https:\/\/mst.org.br\/wp-content\/uploads\/2026\/04\/Ataque-na-Paraiba-2-819x1024.jpg 819w, https:\/\/mst.org.br\/wp-content\/uploads\/2026\/04\/Ataque-na-Paraiba-2-240x300.jpg 240w, https:\/\/mst.org.br\/wp-content\/uploads\/2026\/04\/Ataque-na-Paraiba-2-768x960.jpg 768w, https:\/\/redept.com.br\/blogosfera\/wp-content\/uploads\/2026\/04\/Ataque-na-Paraiba-2.jpg 1080w\" sizes=\"(max-width: 819px) 100vw, 819px\"><\/figure>\n<p><em>Da P\u00e1gina do MST<\/em><\/p>\n<p>O MST na Para\u00edba denuncia com indigna\u00e7\u00e3o e revolta mais um ataque covarde contra fam\u00edlias Sem Terra, na madrugada de hoje (25). O alvo da vez foi o acampamento Z\u00e9 Roberto, no S\u00edtio Cacimba da V\u00e1rzea, em Sol\u00e2nea (PB), onde 25 fam\u00edlias constroem, com muito esfor\u00e7o, um projeto coletivo de vida digna.<\/p>\n<p>Desde o dia 9 de outubro de 2023, essas fam\u00edlias ocupam a Fazenda Janu\u00e1rio \u2014 uma terra abandonada, improdutiva, que n\u00e3o cumpria qualquer fun\u00e7\u00e3o social. Foi o trabalho do povo que transformou esse espa\u00e7o em territ\u00f3rio de produ\u00e7\u00e3o e esperan\u00e7a. Ali se plantam hortali\u00e7as, milho, feij\u00e3o; ali se criam gado, galinhas, bodes. Ali se produz alimento de verdade para o povo.<\/p>\n<p>Mas, mais uma vez, a resposta dos inimigos da Reforma Agr\u00e1ria veio na forma da viol\u00eancia. Em um ataque criminoso, 10 barracos foram destru\u00eddos e incendiados. Uma tentativa clara de intimidar, de espalhar medo, de calar quem resiste.<\/p>\n<p>N\u00e3o se trata de um fato isolado. \u00c9 a express\u00e3o de um modelo de campo que insiste em privilegiar o latif\u00fandio improdutivo e a concentra\u00e7\u00e3o de terras, enquanto persegue quem trabalha e produz. \u00c9 a viol\u00eancia de sempre contra quem ousa lutar.<\/p>\n<p>Mas que fique claro: n\u00e3o v\u00e3o nos parar.<\/p>\n<p>Cada barraco derrubado ser\u00e1 reconstru\u00eddo. Cada ro\u00e7ado destru\u00eddo ser\u00e1 replantado. Porque a nossa luta n\u00e3o \u00e9 apenas por um peda\u00e7o de terra \u2014 \u00e9 por justi\u00e7a social, por dignidade, por um Brasil onde a terra cumpra sua fun\u00e7\u00e3o social e esteja nas m\u00e3os de quem nela trabalha.<\/p>\n<p>Seguiremos organizados, em luta e em resist\u00eancia. Onde houver um Sem Terra, haver\u00e1 luta, solidariedade e coragem para seguir enfrentando.<\/p>\n<figure>\n<figure><\/figure>\n<figure><img decoding=\"async\" width=\"576\" height=\"1024\" data-id=\"294563\"src=\"https:\/\/redept.com.br\/blogosfera\/wp-content\/uploads\/2026\/04\/Ataque-na-Paraiba-1.jpeg\" alt=\"\" srcset=\"https:\/\/mst.org.br\/wp-content\/uploads\/2026\/04\/Ataque-na-Paraiba-1-576x1024.jpeg 576w, https:\/\/mst.org.br\/wp-content\/uploads\/2026\/04\/Ataque-na-Paraiba-1-169x300.jpeg 169w, https:\/\/redept.com.br\/blogosfera\/wp-content\/uploads\/2026\/04\/Ataque-na-Paraiba-1.jpeg 720w\" sizes=\"(max-width: 576px) 100vw, 576px\"><\/figure>\n<\/figure>\n<p>O post <a href=\"https:\/\/mst.org.br\/2026\/04\/27\/ataque-ao-acampamento-ze-roberto-expoe-violencia-contra-familias-sem-terra-na-paraiba\/\">Ataque ao acampamento Z\u00e9 Roberto exp\u00f5e viol\u00eancia contra fam\u00edlias Sem Terra na Para\u00edba<\/a> apareceu primeiro em <a href=\"https:\/\/mst.org.br\/\">MST<\/a>.<\/p>\n<!-- Begin Yuzo --><div class='yuzo_related_post style-1'  data-version='5.12.89'><!-- without result --><div class='yuzo_clearfixed yuzo__title yuzo__title'><h3>Related Post<\/h3><\/div>\n\t\t\t\t\t\t  <div class=\"relatedthumb \" style=\"width:125px;float:left;overflow:hidden;\">  \n\t\t\t\t\t\t\t  \n\t\t\t\t\t\t\t  <a  href=\"https:\/\/redept.com.br\/blogosfera\/masp-inaugura-novo-predio-nesta-sexta-com-cinco-exposicoes\/\"  >\n\t\t\t\t\t\t\t\t\t  <div class=\"yuzo-img-wrap \" style=\"width: 125px;height:90px;\">\n\t\t\t\t\t\t\t\t\t\t\n\t\t\t\t\t\t\t\t\t\t<div class=\"yuzo-img\" style=\"background:url('https:\/\/redept.com.br\/blogosfera\/wp-content\/uploads\/2025\/03\/masp-geometrias-150x150.webp') 50% 50% no-repeat;width: 125px;height:90px;margin-bottom: 5px;background-size: cover; \"><\/div>\n\t\t\t\t\t\t\t\t\t  <\/div>\n\t\t\t\t\t\t\t\t\t  \n\t\t\t\t\t\t\t\t   <span class=\"yuzo__text--title\" style=\"font-size:13px;\">Masp inaugura novo pr\u00e9dio nesta sexta, com cinco e...<\/span>\n\t\t\t\t\t\t\t  \n\t\t\t\t\t\t\t  \n\t\t\t\t\t\t\t  <\/a>\n\n\t\t\t\t\t\t  <\/div>\n\t\t\t\t\t\t  <div class=\"relatedthumb \" style=\"width:125px;float:left;overflow:hidden;\">  \n\t\t\t\t\t\t\t  \n\t\t\t\t\t\t\t  <a  href=\"https:\/\/redept.com.br\/blogosfera\/lula-defende-fortalecimento-da-industria-naval-brasileira\/\"  >\n\t\t\t\t\t\t\t\t\t  <div class=\"yuzo-img-wrap \" style=\"width: 125px;height:90px;\">\n\t\t\t\t\t\t\t\t\t\t\n\t\t\t\t\t\t\t\t\t\t<div class=\"yuzo-img\" style=\"background:url('https:\/\/redept.org\/blogosfera\/wp-content\/plugins\/yuzo-related-post\/assets\/images\/default.png') 50% 50% no-repeat;width: 125px;height:90px;margin-bottom: 5px;background-size: cover; \"><\/div>\n\t\t\t\t\t\t\t\t\t  <\/div>\n\t\t\t\t\t\t\t\t\t  \n\t\t\t\t\t\t\t\t   <span class=\"yuzo__text--title\" style=\"font-size:13px;\">Lula defende fortalecimento da ind\u00fastria naval bra...<\/span>\n\t\t\t\t\t\t\t  \n\t\t\t\t\t\t\t  \n\t\t\t\t\t\t\t  <\/a>\n\n\t\t\t\t\t\t  <\/div>\n\t\t\t\t\t\t  <div class=\"relatedthumb \" style=\"width:125px;float:left;overflow:hidden;\">  \n\t\t\t\t\t\t\t  \n\t\t\t\t\t\t\t  <a  href=\"https:\/\/sul21.com.br\/noticias\/meio-ambiente\/2025\/10\/novas-metas-de-emissao-reduzem-em-17-o-impacto-no-clima-de-acordo-com-relatorio\/\"  >\n\t\t\t\t\t\t\t\t\t  <div class=\"yuzo-img-wrap \" style=\"width: 125px;height:90px;\">\n\t\t\t\t\t\t\t\t\t\t\n\t\t\t\t\t\t\t\t\t\t<div class=\"yuzo-img\" style=\"background:url('https:\/\/agenciabrasil.ebc.com.br\/ebc.png?id=1664851&amp;o=node') 50% 50% no-repeat;width: 125px;height:90px;margin-bottom: 5px;background-size: cover; \"><\/div>\n\t\t\t\t\t\t\t\t\t  <\/div>\n\t\t\t\t\t\t\t\t\t  \n\t\t\t\t\t\t\t\t   <span class=\"yuzo__text--title\" style=\"font-size:13px;\">Novas metas de emiss\u00e3o reduzem em 17% o impacto no...<\/span>\n\t\t\t\t\t\t\t  \n\t\t\t\t\t\t\t  \n\t\t\t\t\t\t\t  <\/a>\n\n\t\t\t\t\t\t  <\/div>\n\t\t\t\t\t\t  <div class=\"relatedthumb \" style=\"width:125px;float:left;overflow:hidden;\">  \n\t\t\t\t\t\t\t  \n\t\t\t\t\t\t\t  <a  href=\"https:\/\/redept.com.br\/blogosfera\/conferencia-da-renfa-vai-debater-politicas-de-drogas-sob-a-otica-feminista\/\"  >\n\t\t\t\t\t\t\t\t\t  <div class=\"yuzo-img-wrap \" style=\"width: 125px;height:90px;\">\n\t\t\t\t\t\t\t\t\t\t\n\t\t\t\t\t\t\t\t\t\t<div class=\"yuzo-img\" style=\"background:url('https:\/\/redept.org\/blogosfera\/wp-content\/plugins\/yuzo-related-post\/assets\/images\/default.png') 50% 50% no-repeat;width: 125px;height:90px;margin-bottom: 5px;background-size: cover; \"><\/div>\n\t\t\t\t\t\t\t\t\t  <\/div>\n\t\t\t\t\t\t\t\t\t  \n\t\t\t\t\t\t\t\t   <span class=\"yuzo__text--title\" style=\"font-size:13px;\">Confer\u00eancia da RENFA vai debater pol\u00edticas de drog...<\/span>\n\t\t\t\t\t\t\t  \n\t\t\t\t\t\t\t  \n\t\t\t\t\t\t\t  <\/a>\n\n\t\t\t\t\t\t  <\/div>\n<\/div> <script>\n\t\t\t\t\t\t  jQuery(document).ready(function( $ ){\n\t\t\t\t\t\t\t\/\/jQuery('.yuzo_related_post').equalizer({ overflow : 'relatedthumb' });\n\t\t\t\t\t\t\tjQuery('.yuzo_related_post .yuzo_wraps').equalizer({ columns : '> div' });\n\t\t\t\t\t\t   })\n\t\t\t\t\t\t  <\/script> <!-- End Yuzo :) -->","protected":false},"excerpt":{"rendered":"<p>Da P\u00e1gina do MST O MST na Para\u00edba denuncia com indigna\u00e7\u00e3o e revolta mais um ataque covarde contra fam\u00edlias Sem Terra, na madrugada de hoje (25). O alvo da vez foi o acampamento Z\u00e9 Roberto, no S\u00edtio Cacimba da V\u00e1rzea, em Sol\u00e2nea (PB), onde 25 fam\u00edlias constroem, com muito esfor\u00e7o, um projeto coletivo de vida [&hellip;]<\/p>\n","protected":false},"author":2,"featured_media":84879,"comment_status":"open","ping_status":"closed","sticky":false,"template":"","format":"standard","meta":{"fifu_image_url":"","fifu_image_alt":"","footnotes":""},"categories":[1890,191,968,324],"tags":[],"class_list":["post-84878","post","type-post","status-publish","format-standard","has-post-thumbnail","hentry","category-denuncia","category-noticias","category-paraiba","category-violencia-no-campo"],"_links":{"self":[{"href":"https:\/\/redept.com.br\/blogosfera\/wp-json\/wp\/v2\/posts\/84878","targetHints":{"allow":["GET"]}}],"collection":[{"href":"https:\/\/redept.com.br\/blogosfera\/wp-json\/wp\/v2\/posts"}],"about":[{"href":"https:\/\/redept.com.br\/blogosfera\/wp-json\/wp\/v2\/types\/post"}],"author":[{"embeddable":true,"href":"https:\/\/redept.com.br\/blogosfera\/wp-json\/wp\/v2\/users\/2"}],"replies":[{"embeddable":true,"href":"https:\/\/redept.com.br\/blogosfera\/wp-json\/wp\/v2\/comments?post=84878"}],"version-history":[{"count":0,"href":"https:\/\/redept.com.br\/blogosfera\/wp-json\/wp\/v2\/posts\/84878\/revisions"}],"wp:featuredmedia":[{"embeddable":true,"href":"https:\/\/redept.com.br\/blogosfera\/wp-json\/wp\/v2\/media\/84879"}],"wp:attachment":[{"href":"https:\/\/redept.com.br\/blogosfera\/wp-json\/wp\/v2\/media?parent=84878"}],"wp:term":[{"taxonomy":"category","embeddable":true,"href":"https:\/\/redept.com.br\/blogosfera\/wp-json\/wp\/v2\/categories?post=84878"},{"taxonomy":"post_tag","embeddable":true,"href":"https:\/\/redept.com.br\/blogosfera\/wp-json\/wp\/v2\/tags?post=84878"}],"curies":[{"name":"wp","href":"https:\/\/api.w.org\/{rel}","templated":true}]}}