{"id":84882,"date":"2026-04-27T10:00:00","date_gmt":"2026-04-27T13:00:00","guid":{"rendered":"https:\/\/redept.com.br\/blogosfera\/brasil-teve-14-massacres-e-374-assassinatos-no-campo-nos-ultimos-dez-anos-mais-violentos-da-historia-recente\/"},"modified":"2026-04-27T10:00:00","modified_gmt":"2026-04-27T13:00:00","slug":"brasil-teve-14-massacres-e-374-assassinatos-no-campo-nos-ultimos-dez-anos-mais-violentos-da-historia-recente","status":"publish","type":"post","link":"https:\/\/redept.com.br\/blogosfera\/brasil-teve-14-massacres-e-374-assassinatos-no-campo-nos-ultimos-dez-anos-mais-violentos-da-historia-recente\/","title":{"rendered":"Brasil teve 14 massacres e 374 assassinatos no campo nos \u00faltimos dez anos: \u2018Mais violentos da hist\u00f3ria recente\u2019"},"content":{"rendered":"<p>O Brasil registrou 374 assassinatos e 14 massacres no campo entre 2016 e 2025, segundo o relat\u00f3rio \u201cConflitos no Campo Brasil 2025\u201d, da Comiss\u00e3o Pastoral da Terra (CPT). No total, foram computados 18.832 conflitos no campo, com 9,49 milh\u00f5es de pessoas envolvidas. Para a entidade, a \u00faltima d\u00e9cada re\u00fane alguns dos epis\u00f3dios mais graves de [\u2026]<\/p>\n<p><a href=\"https:\/\/www.brasildefato.com.br\/2026\/04\/27\/brasil-teve-14-massacres-e-374-assassinatos-no-campo-nos-ultimos-dez-anos-mais-violentos-da-historia-recente\/\" rel=\"nofollow\">Fonte<\/a><\/p>\n<!-- Begin Yuzo --><div class='yuzo_related_post style-1'  data-version='5.12.89'><!-- without result --><div class='yuzo_clearfixed yuzo__title yuzo__title'><h3>Related Post<\/h3><\/div>\n\t\t\t\t\t\t  <div class=\"relatedthumb \" style=\"width:125px;float:left;overflow:hidden;\">  \n\t\t\t\t\t\t\t  \n\t\t\t\t\t\t\t  <a  href=\"https:\/\/redept.com.br\/blogosfera\/playoffs-da-nba-dominam-final-de-semana-confira-os-jogos\/\"  >\n\t\t\t\t\t\t\t\t\t  <div class=\"yuzo-img-wrap \" style=\"width: 125px;height:90px;\">\n\t\t\t\t\t\t\t\t\t\t\n\t\t\t\t\t\t\t\t\t\t<div class=\"yuzo-img\" style=\"background:url('https:\/\/redept.com.br\/blogosfera\/wp-content\/uploads\/2025\/04\/whatsapp-image-2025-04-25-at-143221-150x150.jpeg') 50% 50% no-repeat;width: 125px;height:90px;margin-bottom: 5px;background-size: cover; \"><\/div>\n\t\t\t\t\t\t\t\t\t  <\/div>\n\t\t\t\t\t\t\t\t\t  \n\t\t\t\t\t\t\t\t   <span class=\"yuzo__text--title\" style=\"font-size:13px;\">Playoffs da NBA dominam final de semana; confira o...<\/span>\n\t\t\t\t\t\t\t  \n\t\t\t\t\t\t\t  \n\t\t\t\t\t\t\t  <\/a>\n\n\t\t\t\t\t\t  <\/div>\n\t\t\t\t\t\t  <div class=\"relatedthumb \" style=\"width:125px;float:left;overflow:hidden;\">  \n\t\t\t\t\t\t\t  \n\t\t\t\t\t\t\t  <a  href=\"https:\/\/redept.com.br\/blogosfera\/professores-do-sesi-sp-voltam-as-aulas\/\"  >\n\t\t\t\t\t\t\t\t\t  <div class=\"yuzo-img-wrap \" style=\"width: 125px;height:90px;\">\n\t\t\t\t\t\t\t\t\t\t\n\t\t\t\t\t\t\t\t\t\t<div class=\"yuzo-img\" style=\"background:url('https:\/\/redept.com.br\/blogosfera\/wp-content\/uploads\/2025\/04\/greve_sesi-150x150.jpeg') 50% 50% no-repeat;width: 125px;height:90px;margin-bottom: 5px;background-size: cover; \"><\/div>\n\t\t\t\t\t\t\t\t\t  <\/div>\n\t\t\t\t\t\t\t\t\t  \n\t\t\t\t\t\t\t\t   <span class=\"yuzo__text--title\" style=\"font-size:13px;\">Professores do Sesi SP voltam \u00e0s aulas<\/span>\n\t\t\t\t\t\t\t  \n\t\t\t\t\t\t\t  \n\t\t\t\t\t\t\t  <\/a>\n\n\t\t\t\t\t\t  <\/div>\n\t\t\t\t\t\t  <div class=\"relatedthumb \" style=\"width:125px;float:left;overflow:hidden;\">  \n\t\t\t\t\t\t\t  \n\t\t\t\t\t\t\t  <a  href=\"https:\/\/redept.com.br\/blogosfera\/exposicao-em-olinda-discute-moradia-memoria-e-justica-climatica\/\"  >\n\t\t\t\t\t\t\t\t\t  <div class=\"yuzo-img-wrap \" style=\"width: 125px;height:90px;\">\n\t\t\t\t\t\t\t\t\t\t\n\t\t\t\t\t\t\t\t\t\t<div class=\"yuzo-img\" style=\"background:url('https:\/\/redept.org\/blogosfera\/wp-content\/plugins\/yuzo-related-post\/assets\/images\/default.png') 50% 50% no-repeat;width: 125px;height:90px;margin-bottom: 5px;background-size: cover; \"><\/div>\n\t\t\t\t\t\t\t\t\t  <\/div>\n\t\t\t\t\t\t\t\t\t  \n\t\t\t\t\t\t\t\t   <span class=\"yuzo__text--title\" style=\"font-size:13px;\">Exposi\u00e7\u00e3o em Olinda discute moradia, mem\u00f3ria e jus...<\/span>\n\t\t\t\t\t\t\t  \n\t\t\t\t\t\t\t  \n\t\t\t\t\t\t\t  <\/a>\n\n\t\t\t\t\t\t  <\/div>\n\t\t\t\t\t\t  <div class=\"relatedthumb \" style=\"width:125px;float:left;overflow:hidden;\">  \n\t\t\t\t\t\t\t  \n\t\t\t\t\t\t\t  <a  href=\"https:\/\/redept.com.br\/blogosfera\/ia-a-maca-envenenada-de-donald-trump\/\"  >\n\t\t\t\t\t\t\t\t\t  <div class=\"yuzo-img-wrap \" style=\"width: 125px;height:90px;\">\n\t\t\t\t\t\t\t\t\t\t\n\t\t\t\t\t\t\t\t\t\t<div class=\"yuzo-img\" style=\"background:url('https:\/\/redept.com.br\/blogosfera\/wp-content\/uploads\/2025\/07\/250725-Macas-150x150.jpg') 50% 50% no-repeat;width: 125px;height:90px;margin-bottom: 5px;background-size: cover; \"><\/div>\n\t\t\t\t\t\t\t\t\t  <\/div>\n\t\t\t\t\t\t\t\t\t  \n\t\t\t\t\t\t\t\t   <span class=\"yuzo__text--title\" style=\"font-size:13px;\">IA: A ma\u00e7\u00e3 envenenada de Donald Trump<\/span>\n\t\t\t\t\t\t\t  \n\t\t\t\t\t\t\t  \n\t\t\t\t\t\t\t  <\/a>\n\n\t\t\t\t\t\t  <\/div>\n<\/div> <script>\n\t\t\t\t\t\t  jQuery(document).ready(function( $ ){\n\t\t\t\t\t\t\t\/\/jQuery('.yuzo_related_post').equalizer({ overflow : 'relatedthumb' });\n\t\t\t\t\t\t\tjQuery('.yuzo_related_post .yuzo_wraps').equalizer({ columns : '> div' });\n\t\t\t\t\t\t   })\n\t\t\t\t\t\t  <\/script> <!-- End Yuzo :) -->","protected":false},"excerpt":{"rendered":"<p>O Brasil registrou 374 assassinatos e 14 massacres no campo entre 2016 e 2025, segundo o relat\u00f3rio \u201cConflitos no Campo Brasil 2025\u201d, da Comiss\u00e3o Pastoral da Terra (CPT). No total, foram computados 18.832 conflitos no campo, com 9,49 milh\u00f5es de pessoas envolvidas. Para a entidade, a \u00faltima d\u00e9cada re\u00fane alguns dos epis\u00f3dios mais graves de [&hellip;]<\/p>\n","protected":false},"author":2,"featured_media":0,"comment_status":"open","ping_status":"closed","sticky":false,"template":"","format":"standard","meta":{"fifu_image_url":"","fifu_image_alt":"","footnotes":""},"categories":[117,724,4221,1835,2612,25533,51611,322,17045,10124,7611,2396,315,51597,3922,722,3194,10007,8411,195,946,3964,4711,585,51612,43598,51613,324],"tags":[],"class_list":["post-84882","post","type-post","status-publish","format-standard","hentry","category-agronegocio","category-amazonia-legal","category-assassinatos-no-campo","category-cerrado","category-comissao-pastoral-da-terra","category-concentracao-fundiaria","category-conflitos-no-campo-brasil-2025","category-cpt","category-estado","category-fazendeiros","category-grilagem","category-impunidade","category-maranhao","category-massacres-no-campo","category-matopiba","category-para","category-politica-publica","category-posseiros","category-questao-agraria","category-reforma-agraria","category-rondonia","category-sem-terra","category-socioambiental","category-terra-indigena","category-territorio-quilombola","category-violencia-contra-indigenas","category-violencia-contra-quilombolas","category-violencia-no-campo"],"_links":{"self":[{"href":"https:\/\/redept.com.br\/blogosfera\/wp-json\/wp\/v2\/posts\/84882","targetHints":{"allow":["GET"]}}],"collection":[{"href":"https:\/\/redept.com.br\/blogosfera\/wp-json\/wp\/v2\/posts"}],"about":[{"href":"https:\/\/redept.com.br\/blogosfera\/wp-json\/wp\/v2\/types\/post"}],"author":[{"embeddable":true,"href":"https:\/\/redept.com.br\/blogosfera\/wp-json\/wp\/v2\/users\/2"}],"replies":[{"embeddable":true,"href":"https:\/\/redept.com.br\/blogosfera\/wp-json\/wp\/v2\/comments?post=84882"}],"version-history":[{"count":0,"href":"https:\/\/redept.com.br\/blogosfera\/wp-json\/wp\/v2\/posts\/84882\/revisions"}],"wp:attachment":[{"href":"https:\/\/redept.com.br\/blogosfera\/wp-json\/wp\/v2\/media?parent=84882"}],"wp:term":[{"taxonomy":"category","embeddable":true,"href":"https:\/\/redept.com.br\/blogosfera\/wp-json\/wp\/v2\/categories?post=84882"},{"taxonomy":"post_tag","embeddable":true,"href":"https:\/\/redept.com.br\/blogosfera\/wp-json\/wp\/v2\/tags?post=84882"}],"curies":[{"name":"wp","href":"https:\/\/api.w.org\/{rel}","templated":true}]}}